{"id":995625,"date":"2022-10-13T17:52:30","date_gmt":"2022-10-13T15:52:30","guid":{"rendered":"http:\/\/ekonomik.opole.pl\/eko3\/?p=995625"},"modified":"2022-10-13T17:54:09","modified_gmt":"2022-10-13T15:54:09","slug":"wyjatkowe-nagrody-dla-kadry-zarzadzajacej-i-nauczycieli-ekonomika","status":"publish","type":"post","link":"http:\/\/ekonomik.opole.pl\/eko3\/wyjatkowe-nagrody-dla-kadry-zarzadzajacej-i-nauczycieli-ekonomika\/","title":{"rendered":"Wyj\u0105tkowe nagrody dla kadry zarz\u0105dzaj\u0105cej i nauczycieli Ekonomika!"},"content":{"rendered":"\t\t<div data-elementor-type=\"wp-post\" data-elementor-id=\"995625\" class=\"elementor elementor-995625\" data-elementor-settings=\"[]\">\n\t\t\t\t\t\t<div class=\"elementor-inner\">\n\t\t\t\t\t\t\t<div class=\"elementor-section-wrap\">\n\t\t\t\t\t\t\t<section class=\"elementor-section elementor-top-section elementor-element elementor-element-6f6b18ae elementor-section-full_width elementor-section-height-default elementor-section-height-default\" data-id=\"6f6b18ae\" data-element_type=\"section\">\n\t\t\t\t\t\t<div class=\"elementor-container elementor-column-gap-default\">\n\t\t\t\t\t\t\t<div class=\"elementor-row\">\n\t\t\t\t\t<div class=\"elementor-column elementor-col-100 elementor-top-column elementor-element elementor-element-3eb05dca\" data-id=\"3eb05dca\" data-element_type=\"column\">\n\t\t\t<div class=\"elementor-column-wrap elementor-element-populated\">\n\t\t\t\t\t\t\t<div class=\"elementor-widget-wrap\">\n\t\t\t\t\t\t<div class=\"elementor-element elementor-element-4d05eab0 elementor-drop-cap-yes elementor-drop-cap-view-default elementor-widget elementor-widget-text-editor\" data-id=\"4d05eab0\" data-element_type=\"widget\" data-settings=\"{&quot;drop_cap&quot;:&quot;yes&quot;}\" data-widget_type=\"text-editor.default\">\n\t\t\t\t<div class=\"elementor-widget-container\">\n\t\t\t\t\t\t\t\t<div class=\"elementor-text-editor elementor-clearfix\">\n\t\t\t\t\t<p>Praca i wysi\u0142ek nauczycieli Zespo\u0142u Szk\u00f3\u0142 Ekonomicznych zosta\u0142 r\u00f3wnie\u017c doceniony przez w\u0142adze lokalne i pa\u0144stwowe. Jest nam szczeg\u00f3lnie mi\u0142o poinformowa\u0107, \u017ce nagrod\u0119 <strong>Ministra Edukacji Narodowej<\/strong> otrzyma\u0142y: <strong>Pani Ma\u0142gorzata Radziszewska<\/strong> &#8211; wicedyrektor szko\u0142y, nauczycielka przedmiot\u00f3w zawodowych ekonomicznych oraz <strong>Pani Anna Suchi\u0144ska<\/strong> &#8211; nauczycielka przedmiot\u00f3w zawodowych ekonomicznych.<\/p>\t\t\t\t\t<\/div>\n\t\t\t\t\t\t<\/div>\n\t\t\t\t<\/div>\n\t\t\t\t<div class=\"elementor-element elementor-element-b9543d9 elementor-widget-divider--separator-type-pattern elementor-widget-divider--no-spacing elementor-widget-divider--view-line elementor-widget elementor-widget-divider\" data-id=\"b9543d9\" data-element_type=\"widget\" data-widget_type=\"divider.default\">\n\t\t\t\t<div class=\"elementor-widget-container\">\n\t\t\t\t\t<div class=\"elementor-divider\" style=\"--divider-pattern-url: url(&quot;data:image\/svg+xml,%3Csvg xmlns=&#039;http:\/\/www.w3.org\/2000\/svg&#039; preserveAspectRatio=&#039;xMidYMid meet&#039; overflow=&#039;visible&#039; height=&#039;100%&#039; viewBox=&#039;0 0 126 26&#039; fill=&#039;black&#039; stroke=&#039;none&#039;%3E%3Cpath d=&#039;M3,10.2c2.6,0,2.6,2,2.6,3.2S4.4,16.5,3,16.5s-3-1.4-3-3.2S0.4,10.2,3,10.2z M18.8,10.2c1.7,0,3.2,1.4,3.2,3.2s-1.4,3.2-3.2,3.2c-1.7,0-3.2-1.4-3.2-3.2S17,10.2,18.8,10.2z M34.6,10.2c1.5,0,2.6,1.4,2.6,3.2s-0.5,3.2-1.9,3.2c-1.5,0-3.4-1.4-3.4-3.2S33.1,10.2,34.6,10.2z M50.5,10.2c1.7,0,3.2,1.4,3.2,3.2s-1.4,3.2-3.2,3.2c-1.7,0-3.3-0.9-3.3-2.6S48.7,10.2,50.5,10.2z M66.2,10.2c1.5,0,3.4,1.4,3.4,3.2s-1.9,3.2-3.4,3.2c-1.5,0-2.6-0.4-2.6-2.1S64.8,10.2,66.2,10.2z M82.2,10.2c1.7,0.8,2.6,1.4,2.6,3.2s-0.1,3.2-1.6,3.2c-1.5,0-3.7-1.4-3.7-3.2S80.5,9.4,82.2,10.2zM98.6,10.2c1.5,0,2.6,0.4,2.6,2.1s-1.2,4.2-2.6,4.2c-1.5,0-3.7-0.4-3.7-2.1S97.1,10.2,98.6,10.2z M113.4,10.2c1.2,0,2.2,0.9,2.2,3.2s-0.1,3.2-1.3,3.2s-3.1-1.4-3.1-3.2S112.2,10.2,113.4,10.2z&#039;\/%3E%3C\/svg%3E&quot;);\">\n\t\t\t<span class=\"elementor-divider-separator\">\n\t\t\t\t\t\t<\/span>\n\t\t<\/div>\n\t\t\t\t<\/div>\n\t\t\t\t<\/div>\n\t\t\t\t<div class=\"elementor-element elementor-element-1eaa8e70 elementor-widget-divider--view-line elementor-widget elementor-widget-divider\" data-id=\"1eaa8e70\" data-element_type=\"widget\" data-widget_type=\"divider.default\">\n\t\t\t\t<div class=\"elementor-widget-container\">\n\t\t\t\t\t<div class=\"elementor-divider\">\n\t\t\t<span class=\"elementor-divider-separator\">\n\t\t\t\t\t\t<\/span>\n\t\t<\/div>\n\t\t\t\t<\/div>\n\t\t\t\t<\/div>\n\t\t\t\t<div class=\"elementor-element elementor-element-152f46ce elementor-widget elementor-widget-heading\" data-id=\"152f46ce\" data-element_type=\"widget\" data-widget_type=\"heading.default\">\n\t\t\t\t<div class=\"elementor-widget-container\">\n\t\t\t<h3 class=\"elementor-heading-title elementor-size-default\">Nagrody Opolskiego Kuratora O\u015bwiaty i Prezydenta Miasta Opole<\/h3>\t\t<\/div>\n\t\t\t\t<\/div>\n\t\t\t\t<div class=\"elementor-element elementor-element-1712d0de elementor-widget elementor-widget-text-editor\" data-id=\"1712d0de\" data-element_type=\"widget\" data-widget_type=\"text-editor.default\">\n\t\t\t\t<div class=\"elementor-widget-container\">\n\t\t\t\t\t\t\t\t<div class=\"elementor-text-editor elementor-clearfix\">\n\t\t\t\t\t<p>Na szczeblu lokalnym doceniono tak\u017ce prac\u0119 kadry zarz\u0105dzaj\u0105cej i nauczycieli. W tym roku <strong>Nagrod\u0119 Kuratora O\u015bwiaty<\/strong> otrzyma\u0142 <strong>Pan Remigiusz Janik<\/strong> &#8211; wicedyrektor szko\u0142y oraz nauczyciel przedmiot\u00f3w zawodowych graficznych i multimedialnych. Nagrod\u0119 Prezydenta Opola otrzyma\u0142a Pani <strong>Ewa Nowak-K\u00fcbler <\/strong>&#8211; dyrektor Zespo\u0142u Szk\u00f3\u0142 Ekonomicznych i nauczycielka j\u0119zyka polskiego oraz <strong>Pani Patrycja Borczy\u0144ska<\/strong> &#8211; nauczycielka j\u0119zyka niemieckiego.\u00a0<\/p>\t\t\t\t\t<\/div>\n\t\t\t\t\t\t<\/div>\n\t\t\t\t<\/div>\n\t\t\t\t\t\t<\/div>\n\t\t\t\t\t<\/div>\n\t\t<\/div>\n\t\t\t\t\t\t\t\t<\/div>\n\t\t\t\t\t<\/div>\n\t\t<\/section>\n\t\t\t\t\t\t<\/div>\n\t\t\t\t\t\t<\/div>\n\t\t\t\t\t<\/div>\n\t\t","protected":false},"excerpt":{"rendered":"<p>Praca i wysi\u0142ek nauczycieli Zespo\u0142u Szk\u00f3\u0142 Ekonomicznych zosta\u0142 r\u00f3wnie\u017c doceniony przez w\u0142adze lokalne i pa\u0144stwowe. Jest nam szczeg\u00f3lnie mi\u0142o poinformowa\u0107, \u017ce nagrod\u0119 Ministra Edukacji Narodowej otrzyma\u0142y: Pani Ma\u0142gorzata Radziszewska &#8211; wicedyrektor szko\u0142y, nauczycielka przedmiot\u00f3w zawodowych ekonomicznych oraz Pani Anna Suchi\u0144ska &#8211; nauczycielka przedmiot\u00f3w zawodowych ekonomicznych. Nagrody Opolskiego Kuratora O\u015bwiaty i Prezydenta Miasta Opole Na szczeblu&#8230;<\/p>\n","protected":false},"author":2,"featured_media":995627,"comment_status":"closed","ping_status":"open","sticky":false,"template":"","format":"standard","meta":{"inline_featured_image":false},"categories":[208],"tags":[205,287,286,288],"_links":{"self":[{"href":"http:\/\/ekonomik.opole.pl\/eko3\/wp-json\/wp\/v2\/posts\/995625"}],"collection":[{"href":"http:\/\/ekonomik.opole.pl\/eko3\/wp-json\/wp\/v2\/posts"}],"about":[{"href":"http:\/\/ekonomik.opole.pl\/eko3\/wp-json\/wp\/v2\/types\/post"}],"author":[{"embeddable":true,"href":"http:\/\/ekonomik.opole.pl\/eko3\/wp-json\/wp\/v2\/users\/2"}],"replies":[{"embeddable":true,"href":"http:\/\/ekonomik.opole.pl\/eko3\/wp-json\/wp\/v2\/comments?post=995625"}],"version-history":[{"count":8,"href":"http:\/\/ekonomik.opole.pl\/eko3\/wp-json\/wp\/v2\/posts\/995625\/revisions"}],"predecessor-version":[{"id":995634,"href":"http:\/\/ekonomik.opole.pl\/eko3\/wp-json\/wp\/v2\/posts\/995625\/revisions\/995634"}],"wp:featuredmedia":[{"embeddable":true,"href":"http:\/\/ekonomik.opole.pl\/eko3\/wp-json\/wp\/v2\/media\/995627"}],"wp:attachment":[{"href":"http:\/\/ekonomik.opole.pl\/eko3\/wp-json\/wp\/v2\/media?parent=995625"}],"wp:term":[{"taxonomy":"category","embeddable":true,"href":"http:\/\/ekonomik.opole.pl\/eko3\/wp-json\/wp\/v2\/categories?post=995625"},{"taxonomy":"post_tag","embeddable":true,"href":"http:\/\/ekonomik.opole.pl\/eko3\/wp-json\/wp\/v2\/tags?post=995625"}],"curies":[{"name":"wp","href":"https:\/\/api.w.org\/{rel}","templated":true}]}}