{"id":995759,"date":"2022-12-28T17:58:50","date_gmt":"2022-12-28T16:58:50","guid":{"rendered":"http:\/\/ekonomik.opole.pl\/eko3\/?p=995759"},"modified":"2022-12-28T18:03:16","modified_gmt":"2022-12-28T17:03:16","slug":"kiermasz-swiateczny-dla-adama-bieleckiego-spolecznosc-ekonomika-uzbierala-ponad-2-tys-zlotych","status":"publish","type":"post","link":"http:\/\/ekonomik.opole.pl\/eko3\/kiermasz-swiateczny-dla-adama-bieleckiego-spolecznosc-ekonomika-uzbierala-ponad-2-tys-zlotych\/","title":{"rendered":"Kiermasz \u015bwi\u0105teczny dla Adama Bieleckiego &#8211; spo\u0142eczno\u015b\u0107 Ekonomika uzbiera\u0142a ponad 2 ty\u015b. z\u0142otych"},"content":{"rendered":"\t\t<div data-elementor-type=\"wp-post\" data-elementor-id=\"995759\" class=\"elementor elementor-995759\" data-elementor-settings=\"[]\">\n\t\t\t\t\t\t<div class=\"elementor-inner\">\n\t\t\t\t\t\t\t<div class=\"elementor-section-wrap\">\n\t\t\t\t\t\t\t<section class=\"elementor-section elementor-top-section elementor-element elementor-element-746344b elementor-section-boxed elementor-section-height-default elementor-section-height-default\" data-id=\"746344b\" data-element_type=\"section\">\n\t\t\t\t\t\t<div class=\"elementor-container elementor-column-gap-default\">\n\t\t\t\t\t\t\t<div class=\"elementor-row\">\n\t\t\t\t\t<div class=\"elementor-column elementor-col-100 elementor-top-column elementor-element elementor-element-5ae4cc6\" data-id=\"5ae4cc6\" data-element_type=\"column\">\n\t\t\t<div class=\"elementor-column-wrap elementor-element-populated\">\n\t\t\t\t\t\t\t<div class=\"elementor-widget-wrap\">\n\t\t\t\t\t\t<div class=\"elementor-element elementor-element-1553b50 elementor-widget elementor-widget-text-editor\" data-id=\"1553b50\" data-element_type=\"widget\" data-widget_type=\"text-editor.default\">\n\t\t\t\t<div class=\"elementor-widget-container\">\n\t\t\t\t\t\t\t\t<div class=\"elementor-text-editor elementor-clearfix\">\n\t\t\t\t\t<div>Organizatorzy kiermaszu \u015bwi\u0105tecznego sk\u0142adaj\u0105 serdeczne podzi\u0119kowania Dyrekcji szko\u0142y, nauczycielom, pracownikom szko\u0142y, uczniom oraz rodzicom \/ opiekunom prawnym za w\u0142\u0105czenie si\u0119 w organizacj\u0119 wspomnianego wydarzenia.<\/div><div>\u00a0<\/div><div>Dzi\u0119ki pomocy oraz \u017cyczliwo\u015bci wielu os\u00f3b po raz kolejny mogli\u015bmy pom\u00f3c naszemu uczniowi i koledze Adamowi Bieleckiemu przekazuj\u0105c na jego leczenie kwot\u0119 w wysoko\u015bci <strong>2250 z\u0142.\u00a0<\/strong><\/div><div>\u00a0<\/div><div>DZI\u0118KUJEMY<\/div><p>Opiekunowie akcji: mgr Monika Ku\u017anik i dr Mariusz Fr\u0105ckowiak<\/p>\t\t\t\t\t<\/div>\n\t\t\t\t\t\t<\/div>\n\t\t\t\t<\/div>\n\t\t\t\t\t\t<\/div>\n\t\t\t\t\t<\/div>\n\t\t<\/div>\n\t\t\t\t\t\t\t\t<\/div>\n\t\t\t\t\t<\/div>\n\t\t<\/section>\n\t\t\t\t\t\t<\/div>\n\t\t\t\t\t\t<\/div>\n\t\t\t\t\t<\/div>\n\t\t","protected":false},"excerpt":{"rendered":"<p>Organizatorzy kiermaszu \u015bwi\u0105tecznego sk\u0142adaj\u0105 serdeczne podzi\u0119kowania Dyrekcji szko\u0142y, nauczycielom, pracownikom szko\u0142y, uczniom oraz rodzicom \/ opiekunom prawnym za w\u0142\u0105czenie si\u0119 w organizacj\u0119 wspomnianego wydarzenia.\u00a0Dzi\u0119ki pomocy oraz \u017cyczliwo\u015bci wielu os\u00f3b po raz kolejny mogli\u015bmy pom\u00f3c naszemu uczniowi i koledze Adamowi Bieleckiemu przekazuj\u0105c na jego leczenie kwot\u0119 w wysoko\u015bci 2250 z\u0142.\u00a0\u00a0DZI\u0118KUJEMY Opiekunowie akcji: mgr Monika Ku\u017anik i&#8230;<\/p>\n","protected":false},"author":2,"featured_media":995760,"comment_status":"closed","ping_status":"open","sticky":false,"template":"","format":"standard","meta":{"inline_featured_image":false},"categories":[208,155],"tags":[251],"_links":{"self":[{"href":"http:\/\/ekonomik.opole.pl\/eko3\/wp-json\/wp\/v2\/posts\/995759"}],"collection":[{"href":"http:\/\/ekonomik.opole.pl\/eko3\/wp-json\/wp\/v2\/posts"}],"about":[{"href":"http:\/\/ekonomik.opole.pl\/eko3\/wp-json\/wp\/v2\/types\/post"}],"author":[{"embeddable":true,"href":"http:\/\/ekonomik.opole.pl\/eko3\/wp-json\/wp\/v2\/users\/2"}],"replies":[{"embeddable":true,"href":"http:\/\/ekonomik.opole.pl\/eko3\/wp-json\/wp\/v2\/comments?post=995759"}],"version-history":[{"count":3,"href":"http:\/\/ekonomik.opole.pl\/eko3\/wp-json\/wp\/v2\/posts\/995759\/revisions"}],"predecessor-version":[{"id":995763,"href":"http:\/\/ekonomik.opole.pl\/eko3\/wp-json\/wp\/v2\/posts\/995759\/revisions\/995763"}],"wp:featuredmedia":[{"embeddable":true,"href":"http:\/\/ekonomik.opole.pl\/eko3\/wp-json\/wp\/v2\/media\/995760"}],"wp:attachment":[{"href":"http:\/\/ekonomik.opole.pl\/eko3\/wp-json\/wp\/v2\/media?parent=995759"}],"wp:term":[{"taxonomy":"category","embeddable":true,"href":"http:\/\/ekonomik.opole.pl\/eko3\/wp-json\/wp\/v2\/categories?post=995759"},{"taxonomy":"post_tag","embeddable":true,"href":"http:\/\/ekonomik.opole.pl\/eko3\/wp-json\/wp\/v2\/tags?post=995759"}],"curies":[{"name":"wp","href":"https:\/\/api.w.org\/{rel}","templated":true}]}}