{"id":995807,"date":"2023-01-04T12:45:11","date_gmt":"2023-01-04T11:45:11","guid":{"rendered":"http:\/\/ekonomik.opole.pl\/eko3\/?p=995807"},"modified":"2023-01-04T12:56:58","modified_gmt":"2023-01-04T11:56:58","slug":"mini-przedsiebiorstwo-ep-company","status":"publish","type":"post","link":"http:\/\/ekonomik.opole.pl\/eko3\/mini-przedsiebiorstwo-ep-company\/","title":{"rendered":"Mini-przedsi\u0119biorstwo E&#038;P Company"},"content":{"rendered":"\t\t<div data-elementor-type=\"wp-post\" data-elementor-id=\"995807\" class=\"elementor elementor-995807\" data-elementor-settings=\"[]\">\n\t\t\t\t\t\t<div class=\"elementor-inner\">\n\t\t\t\t\t\t\t<div class=\"elementor-section-wrap\">\n\t\t\t\t\t\t\t<section class=\"elementor-section elementor-top-section elementor-element elementor-element-41c7bc7 elementor-section-boxed elementor-section-height-default elementor-section-height-default\" data-id=\"41c7bc7\" data-element_type=\"section\">\n\t\t\t\t\t\t<div class=\"elementor-container elementor-column-gap-default\">\n\t\t\t\t\t\t\t<div class=\"elementor-row\">\n\t\t\t\t\t<div class=\"elementor-column elementor-col-100 elementor-top-column elementor-element elementor-element-53acd55\" data-id=\"53acd55\" data-element_type=\"column\">\n\t\t\t<div class=\"elementor-column-wrap elementor-element-populated\">\n\t\t\t\t\t\t\t<div class=\"elementor-widget-wrap\">\n\t\t\t\t\t\t<div class=\"elementor-element elementor-element-5242172 elementor-widget elementor-widget-text-editor\" data-id=\"5242172\" data-element_type=\"widget\" data-widget_type=\"text-editor.default\">\n\t\t\t\t<div class=\"elementor-widget-container\">\n\t\t\t\t\t\t\t\t<div class=\"elementor-text-editor elementor-clearfix\">\n\t\t\t\t\t<p>W dniu 11 pa\u017adziernika 2022r. nast\u0105pi\u0142o przekazanie dzia\u0142alno\u015bci Miniprzedsi\u0119biorstwa Ekonom Company, kt\u00f3rym do tej pory zarz\u0105dza\u0142a klasa 4f, w r\u0119ce klasy 2b. Uczniowie nadali organizacji nazw\u0119 E&amp;P Company.<\/p>\t\t\t\t\t<\/div>\n\t\t\t\t\t\t<\/div>\n\t\t\t\t<\/div>\n\t\t\t\t\t\t<\/div>\n\t\t\t\t\t<\/div>\n\t\t<\/div>\n\t\t\t\t\t\t\t\t<\/div>\n\t\t\t\t\t<\/div>\n\t\t<\/section>\n\t\t\t\t\t\t<\/div>\n\t\t\t\t\t\t<\/div>\n\t\t\t\t\t<\/div>\n\t\t","protected":false},"excerpt":{"rendered":"<p>W dniu 11 pa\u017adziernika 2022r. nast\u0105pi\u0142o przekazanie dzia\u0142alno\u015bci Miniprzedsi\u0119biorstwa Ekonom Company, kt\u00f3rym do tej pory zarz\u0105dza\u0142a klasa 4f, w r\u0119ce klasy 2b. Uczniowie nadali organizacji nazw\u0119 E&amp;P Company.<\/p>\n","protected":false},"author":4,"featured_media":995816,"comment_status":"closed","ping_status":"open","sticky":false,"template":"","format":"standard","meta":{"inline_featured_image":false},"categories":[221],"tags":[117],"_links":{"self":[{"href":"http:\/\/ekonomik.opole.pl\/eko3\/wp-json\/wp\/v2\/posts\/995807"}],"collection":[{"href":"http:\/\/ekonomik.opole.pl\/eko3\/wp-json\/wp\/v2\/posts"}],"about":[{"href":"http:\/\/ekonomik.opole.pl\/eko3\/wp-json\/wp\/v2\/types\/post"}],"author":[{"embeddable":true,"href":"http:\/\/ekonomik.opole.pl\/eko3\/wp-json\/wp\/v2\/users\/4"}],"replies":[{"embeddable":true,"href":"http:\/\/ekonomik.opole.pl\/eko3\/wp-json\/wp\/v2\/comments?post=995807"}],"version-history":[{"count":15,"href":"http:\/\/ekonomik.opole.pl\/eko3\/wp-json\/wp\/v2\/posts\/995807\/revisions"}],"predecessor-version":[{"id":995826,"href":"http:\/\/ekonomik.opole.pl\/eko3\/wp-json\/wp\/v2\/posts\/995807\/revisions\/995826"}],"wp:featuredmedia":[{"embeddable":true,"href":"http:\/\/ekonomik.opole.pl\/eko3\/wp-json\/wp\/v2\/media\/995816"}],"wp:attachment":[{"href":"http:\/\/ekonomik.opole.pl\/eko3\/wp-json\/wp\/v2\/media?parent=995807"}],"wp:term":[{"taxonomy":"category","embeddable":true,"href":"http:\/\/ekonomik.opole.pl\/eko3\/wp-json\/wp\/v2\/categories?post=995807"},{"taxonomy":"post_tag","embeddable":true,"href":"http:\/\/ekonomik.opole.pl\/eko3\/wp-json\/wp\/v2\/tags?post=995807"}],"curies":[{"name":"wp","href":"https:\/\/api.w.org\/{rel}","templated":true}]}}