{"id":995827,"date":"2023-01-04T13:00:57","date_gmt":"2023-01-04T12:00:57","guid":{"rendered":"http:\/\/ekonomik.opole.pl\/eko3\/?p=995827"},"modified":"2023-01-04T13:02:14","modified_gmt":"2023-01-04T12:02:14","slug":"dzien-mlodego-przedsiebiorcy","status":"publish","type":"post","link":"http:\/\/ekonomik.opole.pl\/eko3\/dzien-mlodego-przedsiebiorcy\/","title":{"rendered":"Dzie\u0144 M\u0142odego Przedsi\u0119biorcy"},"content":{"rendered":"\t\t<div data-elementor-type=\"wp-post\" data-elementor-id=\"995827\" class=\"elementor elementor-995827\" data-elementor-settings=\"[]\">\n\t\t\t\t\t\t<div class=\"elementor-inner\">\n\t\t\t\t\t\t\t<div class=\"elementor-section-wrap\">\n\t\t\t\t\t\t\t<section class=\"elementor-section elementor-top-section elementor-element elementor-element-1cdedc93 elementor-section-boxed elementor-section-height-default elementor-section-height-default\" data-id=\"1cdedc93\" data-element_type=\"section\">\n\t\t\t\t\t\t<div class=\"elementor-container elementor-column-gap-default\">\n\t\t\t\t\t\t\t<div class=\"elementor-row\">\n\t\t\t\t\t<div class=\"elementor-column elementor-col-100 elementor-top-column elementor-element elementor-element-53cb227f\" data-id=\"53cb227f\" data-element_type=\"column\">\n\t\t\t<div class=\"elementor-column-wrap elementor-element-populated\">\n\t\t\t\t\t\t\t<div class=\"elementor-widget-wrap\">\n\t\t\t\t\t\t<div class=\"elementor-element elementor-element-558eda9c elementor-widget elementor-widget-text-editor\" data-id=\"558eda9c\" data-element_type=\"widget\" data-widget_type=\"text-editor.default\">\n\t\t\t\t<div class=\"elementor-widget-container\">\n\t\t\t\t\t\t\t\t<div class=\"elementor-text-editor elementor-clearfix\">\n\t\t\t\t\t<!-- wp:paragraph -->\n<p>Dnia 23.11.2022 odby\u0142 si\u0119 Dzie\u0144 M\u0142odego Przedsi\u0119biorcy. Podczas tego dnia histori\u0119 swojej kariery zawodowej opowiedzia\u0142 \u0141ukasz Sowada \u2013 Przewodnicz\u0105cy Rady Miasta Opola, absolwent naszej szko\u0142y.<\/p>\n<!-- \/wp:paragraph -->\t\t\t\t\t<\/div>\n\t\t\t\t\t\t<\/div>\n\t\t\t\t<\/div>\n\t\t\t\t\t\t<\/div>\n\t\t\t\t\t<\/div>\n\t\t<\/div>\n\t\t\t\t\t\t\t\t<\/div>\n\t\t\t\t\t<\/div>\n\t\t<\/section>\n\t\t\t\t<section class=\"elementor-section elementor-top-section elementor-element elementor-element-c70ac27 elementor-section-boxed elementor-section-height-default elementor-section-height-default\" data-id=\"c70ac27\" data-element_type=\"section\">\n\t\t\t\t\t\t<div class=\"elementor-container elementor-column-gap-default\">\n\t\t\t\t\t\t\t<div class=\"elementor-row\">\n\t\t\t\t\t<div class=\"elementor-column elementor-col-100 elementor-top-column elementor-element elementor-element-424d7a4\" data-id=\"424d7a4\" data-element_type=\"column\">\n\t\t\t<div class=\"elementor-column-wrap elementor-element-populated\">\n\t\t\t\t\t\t\t<div class=\"elementor-widget-wrap\">\n\t\t\t\t\t\t<div class=\"elementor-element elementor-element-bc453d3 elementor-widget elementor-widget-image\" data-id=\"bc453d3\" data-element_type=\"widget\" data-widget_type=\"image.default\">\n\t\t\t\t<div class=\"elementor-widget-container\">\n\t\t\t\t\t\t\t\t<div class=\"elementor-image\">\n\t\t\t\t\t\t\t\t\t\t\t\t<img width=\"874\" height=\"570\" src=\"http:\/\/ekonomik.opole.pl\/eko3\/wp-content\/uploads\/2023\/01\/image007.png\" class=\"attachment-large size-large\" alt=\"\" loading=\"lazy\" srcset=\"http:\/\/ekonomik.opole.pl\/eko3\/wp-content\/uploads\/2023\/01\/image007.png 874w, http:\/\/ekonomik.opole.pl\/eko3\/wp-content\/uploads\/2023\/01\/image007-300x196.png 300w, http:\/\/ekonomik.opole.pl\/eko3\/wp-content\/uploads\/2023\/01\/image007-768x501.png 768w, http:\/\/ekonomik.opole.pl\/eko3\/wp-content\/uploads\/2023\/01\/image007-680x443.png 680w\" sizes=\"(max-width: 874px) 100vw, 874px\" \/>\t\t\t\t\t\t\t\t\t\t\t\t\t\t<\/div>\n\t\t\t\t\t\t<\/div>\n\t\t\t\t<\/div>\n\t\t\t\t\t\t<\/div>\n\t\t\t\t\t<\/div>\n\t\t<\/div>\n\t\t\t\t\t\t\t\t<\/div>\n\t\t\t\t\t<\/div>\n\t\t<\/section>\n\t\t\t\t<section class=\"elementor-section elementor-top-section elementor-element elementor-element-c2613f3 elementor-section-boxed elementor-section-height-default elementor-section-height-default\" data-id=\"c2613f3\" data-element_type=\"section\">\n\t\t\t\t\t\t<div class=\"elementor-container elementor-column-gap-default\">\n\t\t\t\t\t\t\t<div class=\"elementor-row\">\n\t\t\t\t\t<div class=\"elementor-column elementor-col-100 elementor-top-column elementor-element elementor-element-973b495\" data-id=\"973b495\" data-element_type=\"column\">\n\t\t\t<div class=\"elementor-column-wrap elementor-element-populated\">\n\t\t\t\t\t\t\t<div class=\"elementor-widget-wrap\">\n\t\t\t\t\t\t<div class=\"elementor-element elementor-element-a194a2c elementor-widget elementor-widget-image\" data-id=\"a194a2c\" data-element_type=\"widget\" data-widget_type=\"image.default\">\n\t\t\t\t<div class=\"elementor-widget-container\">\n\t\t\t\t\t\t\t\t<div class=\"elementor-image\">\n\t\t\t\t\t\t\t\t\t\t\t\t<img width=\"882\" height=\"583\" src=\"http:\/\/ekonomik.opole.pl\/eko3\/wp-content\/uploads\/2023\/01\/image005.png\" class=\"attachment-large size-large\" alt=\"\" loading=\"lazy\" srcset=\"http:\/\/ekonomik.opole.pl\/eko3\/wp-content\/uploads\/2023\/01\/image005.png 882w, http:\/\/ekonomik.opole.pl\/eko3\/wp-content\/uploads\/2023\/01\/image005-300x198.png 300w, http:\/\/ekonomik.opole.pl\/eko3\/wp-content\/uploads\/2023\/01\/image005-768x508.png 768w, http:\/\/ekonomik.opole.pl\/eko3\/wp-content\/uploads\/2023\/01\/image005-680x449.png 680w\" sizes=\"(max-width: 882px) 100vw, 882px\" \/>\t\t\t\t\t\t\t\t\t\t\t\t\t\t<\/div>\n\t\t\t\t\t\t<\/div>\n\t\t\t\t<\/div>\n\t\t\t\t\t\t<\/div>\n\t\t\t\t\t<\/div>\n\t\t<\/div>\n\t\t\t\t\t\t\t\t<\/div>\n\t\t\t\t\t<\/div>\n\t\t<\/section>\n\t\t\t\t\t\t<\/div>\n\t\t\t\t\t\t<\/div>\n\t\t\t\t\t<\/div>\n\t\t","protected":false},"excerpt":{"rendered":"<p>Dnia 23.11.2022 odby\u0142 si\u0119 Dzie\u0144 M\u0142odego Przedsi\u0119biorcy. Podczas tego dnia histori\u0119 swojej kariery zawodowej opowiedzia\u0142 \u0141ukasz Sowada \u2013 Przewodnicz\u0105cy Rady Miasta Opola, absolwent naszej szko\u0142y.<\/p>\n","protected":false},"author":4,"featured_media":995828,"comment_status":"closed","ping_status":"open","sticky":false,"template":"","format":"standard","meta":{"inline_featured_image":false},"categories":[221],"tags":[117],"_links":{"self":[{"href":"http:\/\/ekonomik.opole.pl\/eko3\/wp-json\/wp\/v2\/posts\/995827"}],"collection":[{"href":"http:\/\/ekonomik.opole.pl\/eko3\/wp-json\/wp\/v2\/posts"}],"about":[{"href":"http:\/\/ekonomik.opole.pl\/eko3\/wp-json\/wp\/v2\/types\/post"}],"author":[{"embeddable":true,"href":"http:\/\/ekonomik.opole.pl\/eko3\/wp-json\/wp\/v2\/users\/4"}],"replies":[{"embeddable":true,"href":"http:\/\/ekonomik.opole.pl\/eko3\/wp-json\/wp\/v2\/comments?post=995827"}],"version-history":[{"count":4,"href":"http:\/\/ekonomik.opole.pl\/eko3\/wp-json\/wp\/v2\/posts\/995827\/revisions"}],"predecessor-version":[{"id":995834,"href":"http:\/\/ekonomik.opole.pl\/eko3\/wp-json\/wp\/v2\/posts\/995827\/revisions\/995834"}],"wp:featuredmedia":[{"embeddable":true,"href":"http:\/\/ekonomik.opole.pl\/eko3\/wp-json\/wp\/v2\/media\/995828"}],"wp:attachment":[{"href":"http:\/\/ekonomik.opole.pl\/eko3\/wp-json\/wp\/v2\/media?parent=995827"}],"wp:term":[{"taxonomy":"category","embeddable":true,"href":"http:\/\/ekonomik.opole.pl\/eko3\/wp-json\/wp\/v2\/categories?post=995827"},{"taxonomy":"post_tag","embeddable":true,"href":"http:\/\/ekonomik.opole.pl\/eko3\/wp-json\/wp\/v2\/tags?post=995827"}],"curies":[{"name":"wp","href":"https:\/\/api.w.org\/{rel}","templated":true}]}}