{"id":995835,"date":"2023-01-04T13:05:28","date_gmt":"2023-01-04T12:05:28","guid":{"rendered":"http:\/\/ekonomik.opole.pl\/eko3\/?p=995835"},"modified":"2023-01-04T13:05:29","modified_gmt":"2023-01-04T12:05:29","slug":"organizacja-xvii-gali-wolontariatu","status":"publish","type":"post","link":"http:\/\/ekonomik.opole.pl\/eko3\/organizacja-xvii-gali-wolontariatu\/","title":{"rendered":"Organizacja XVII Gali Wolontariatu"},"content":{"rendered":"<div class=\"vgblk-rw-wrapper limit-wrapper\">\n<p>Niedawno \u2013 25.11.2022r. \u2013 z powod\u00f3w organizacyjnych do E&amp;P Company do\u0142\u0105czy\u0142a klasa 2d. Pierwsz\u0105 wsp\u00f3ln\u0105 akcj\u0105 by\u0142a pomoc w organizacji XVII Gali Wolontariatu, kt\u00f3ra odby\u0142a si\u0119 02.12.2022.<\/p>\n<\/div><!-- .vgblk-rw-wrapper -->","protected":false},"excerpt":{"rendered":"<p>Niedawno \u2013 25.11.2022r. \u2013 z powod\u00f3w organizacyjnych do E&amp;P Company do\u0142\u0105czy\u0142a klasa 2d. Pierwsz\u0105 wsp\u00f3ln\u0105 akcj\u0105 by\u0142a pomoc w organizacji XVII Gali Wolontariatu, kt\u00f3ra odby\u0142a si\u0119 02.12.2022.<\/p>\n","protected":false},"author":4,"featured_media":995836,"comment_status":"closed","ping_status":"open","sticky":false,"template":"","format":"standard","meta":{"inline_featured_image":false},"categories":[221],"tags":[117],"_links":{"self":[{"href":"http:\/\/ekonomik.opole.pl\/eko3\/wp-json\/wp\/v2\/posts\/995835"}],"collection":[{"href":"http:\/\/ekonomik.opole.pl\/eko3\/wp-json\/wp\/v2\/posts"}],"about":[{"href":"http:\/\/ekonomik.opole.pl\/eko3\/wp-json\/wp\/v2\/types\/post"}],"author":[{"embeddable":true,"href":"http:\/\/ekonomik.opole.pl\/eko3\/wp-json\/wp\/v2\/users\/4"}],"replies":[{"embeddable":true,"href":"http:\/\/ekonomik.opole.pl\/eko3\/wp-json\/wp\/v2\/comments?post=995835"}],"version-history":[{"count":1,"href":"http:\/\/ekonomik.opole.pl\/eko3\/wp-json\/wp\/v2\/posts\/995835\/revisions"}],"predecessor-version":[{"id":995837,"href":"http:\/\/ekonomik.opole.pl\/eko3\/wp-json\/wp\/v2\/posts\/995835\/revisions\/995837"}],"wp:featuredmedia":[{"embeddable":true,"href":"http:\/\/ekonomik.opole.pl\/eko3\/wp-json\/wp\/v2\/media\/995836"}],"wp:attachment":[{"href":"http:\/\/ekonomik.opole.pl\/eko3\/wp-json\/wp\/v2\/media?parent=995835"}],"wp:term":[{"taxonomy":"category","embeddable":true,"href":"http:\/\/ekonomik.opole.pl\/eko3\/wp-json\/wp\/v2\/categories?post=995835"},{"taxonomy":"post_tag","embeddable":true,"href":"http:\/\/ekonomik.opole.pl\/eko3\/wp-json\/wp\/v2\/tags?post=995835"}],"curies":[{"name":"wp","href":"https:\/\/api.w.org\/{rel}","templated":true}]}}