{"id":995841,"date":"2023-01-12T00:00:33","date_gmt":"2023-01-11T23:00:33","guid":{"rendered":"http:\/\/ekonomik.opole.pl\/eko3\/?p=995841"},"modified":"2023-01-12T10:32:39","modified_gmt":"2023-01-12T09:32:39","slug":"1-miejsce-w-wojewodztwie-opolskim-w-rankingu-technikow-perspektywy-2023","status":"publish","type":"post","link":"http:\/\/ekonomik.opole.pl\/eko3\/1-miejsce-w-wojewodztwie-opolskim-w-rankingu-technikow-perspektywy-2023\/","title":{"rendered":"1. miejsce w wojew\u00f3dztwie opolskim w Rankingu Technik\u00f3w PERSPEKTYWY 2023"},"content":{"rendered":"\t\t<div data-elementor-type=\"wp-post\" data-elementor-id=\"995841\" class=\"elementor elementor-995841\" data-elementor-settings=\"[]\">\n\t\t\t\t\t\t<div class=\"elementor-inner\">\n\t\t\t\t\t\t\t<div class=\"elementor-section-wrap\">\n\t\t\t\t\t\t\t<section class=\"elementor-section elementor-top-section elementor-element elementor-element-1b80427f elementor-section-full_width elementor-section-height-default elementor-section-height-default\" data-id=\"1b80427f\" data-element_type=\"section\">\n\t\t\t\t\t\t<div class=\"elementor-container elementor-column-gap-default\">\n\t\t\t\t\t\t\t<div class=\"elementor-row\">\n\t\t\t\t\t<div class=\"elementor-column elementor-col-100 elementor-top-column elementor-element elementor-element-9536aaa\" data-id=\"9536aaa\" data-element_type=\"column\">\n\t\t\t<div class=\"elementor-column-wrap elementor-element-populated\">\n\t\t\t\t\t\t\t<div class=\"elementor-widget-wrap\">\n\t\t\t\t\t\t<div class=\"elementor-element elementor-element-786213df elementor-drop-cap-yes elementor-drop-cap-view-default elementor-widget elementor-widget-text-editor\" data-id=\"786213df\" data-element_type=\"widget\" data-settings=\"{&quot;drop_cap&quot;:&quot;yes&quot;}\" data-widget_type=\"text-editor.default\">\n\t\t\t\t<div class=\"elementor-widget-container\">\n\t\t\t\t\t\t\t\t<div class=\"elementor-text-editor elementor-clearfix\">\n\t\t\t\t\t<p>Zaczynamy nowy rok kalendarzowy uzyskuj\u0105c <strong>1. miejsce<\/strong> w wojew\u00f3dztwie w <a href=\"https:\/\/2023.technika.perspektywy.pl\/2023\/rankings\/ranking-opolski\"><span style=\"text-decoration: underline;\"><strong>Og\u00f3lnopolskim Rankingu Technik\u00f3w Perspektywy 2023<\/strong><\/span>.<\/a> Technika zosta\u0142y ocenione za pomoc\u0105 czterech kryteri\u00f3w. S\u0105 to: sukcesy szko\u0142y w olimpiadach, wyniki matury z przedmiot\u00f3w obowi\u0105zkowych, wyniki matury z przedmiot\u00f3w dodatkowych oraz wyniki egzaminu zawodowego.<\/p><p><strong>W imieniu dyrekcji szko\u0142y serdecznie gratulujemy nauczycielom, uczniom, pracownikom szko\u0142y, a przede wszystkim absolwentom, dzi\u0119ki kt\u00f3rym szko\u0142a powr\u00f3ci\u0142a na najwy\u017csz\u0105 pozycj\u0119 w wojew\u00f3dztwie!\u00a0<\/strong><\/p>\t\t\t\t\t<\/div>\n\t\t\t\t\t\t<\/div>\n\t\t\t\t<\/div>\n\t\t\t\t<div class=\"elementor-element elementor-element-55ee6b73 elementor-widget-divider--separator-type-pattern elementor-widget-divider--no-spacing elementor-widget-divider--view-line elementor-widget elementor-widget-divider\" data-id=\"55ee6b73\" data-element_type=\"widget\" data-widget_type=\"divider.default\">\n\t\t\t\t<div class=\"elementor-widget-container\">\n\t\t\t\t\t<div class=\"elementor-divider\" style=\"--divider-pattern-url: url(&quot;data:image\/svg+xml,%3Csvg xmlns=&#039;http:\/\/www.w3.org\/2000\/svg&#039; preserveAspectRatio=&#039;xMidYMid meet&#039; overflow=&#039;visible&#039; height=&#039;100%&#039; viewBox=&#039;0 0 126 26&#039; fill=&#039;black&#039; stroke=&#039;none&#039;%3E%3Cpath d=&#039;M3,10.2c2.6,0,2.6,2,2.6,3.2S4.4,16.5,3,16.5s-3-1.4-3-3.2S0.4,10.2,3,10.2z M18.8,10.2c1.7,0,3.2,1.4,3.2,3.2s-1.4,3.2-3.2,3.2c-1.7,0-3.2-1.4-3.2-3.2S17,10.2,18.8,10.2z M34.6,10.2c1.5,0,2.6,1.4,2.6,3.2s-0.5,3.2-1.9,3.2c-1.5,0-3.4-1.4-3.4-3.2S33.1,10.2,34.6,10.2z M50.5,10.2c1.7,0,3.2,1.4,3.2,3.2s-1.4,3.2-3.2,3.2c-1.7,0-3.3-0.9-3.3-2.6S48.7,10.2,50.5,10.2z M66.2,10.2c1.5,0,3.4,1.4,3.4,3.2s-1.9,3.2-3.4,3.2c-1.5,0-2.6-0.4-2.6-2.1S64.8,10.2,66.2,10.2z M82.2,10.2c1.7,0.8,2.6,1.4,2.6,3.2s-0.1,3.2-1.6,3.2c-1.5,0-3.7-1.4-3.7-3.2S80.5,9.4,82.2,10.2zM98.6,10.2c1.5,0,2.6,0.4,2.6,2.1s-1.2,4.2-2.6,4.2c-1.5,0-3.7-0.4-3.7-2.1S97.1,10.2,98.6,10.2z M113.4,10.2c1.2,0,2.2,0.9,2.2,3.2s-0.1,3.2-1.3,3.2s-3.1-1.4-3.1-3.2S112.2,10.2,113.4,10.2z&#039;\/%3E%3C\/svg%3E&quot;);\">\n\t\t\t<span class=\"elementor-divider-separator\">\n\t\t\t\t\t\t<\/span>\n\t\t<\/div>\n\t\t\t\t<\/div>\n\t\t\t\t<\/div>\n\t\t\t\t<div class=\"elementor-element elementor-element-4b6577f7 elementor-widget-divider--view-line elementor-widget elementor-widget-divider\" data-id=\"4b6577f7\" data-element_type=\"widget\" data-widget_type=\"divider.default\">\n\t\t\t\t<div class=\"elementor-widget-container\">\n\t\t\t\t\t<div class=\"elementor-divider\">\n\t\t\t<span class=\"elementor-divider-separator\">\n\t\t\t\t\t\t<\/span>\n\t\t<\/div>\n\t\t\t\t<\/div>\n\t\t\t\t<\/div>\n\t\t\t\t<div class=\"elementor-element elementor-element-47a32a37 elementor-widget elementor-widget-heading\" data-id=\"47a32a37\" data-element_type=\"widget\" data-widget_type=\"heading.default\">\n\t\t\t\t<div class=\"elementor-widget-container\">\n\t\t\t<h3 class=\"elementor-heading-title elementor-size-default\">22 miejsce w Polsce <\/h3>\t\t<\/div>\n\t\t\t\t<\/div>\n\t\t\t\t<div class=\"elementor-element elementor-element-6b2f3959 elementor-widget elementor-widget-text-editor\" data-id=\"6b2f3959\" data-element_type=\"widget\" data-widget_type=\"text-editor.default\">\n\t\t\t\t<div class=\"elementor-widget-container\">\n\t\t\t\t\t\t\t\t<div class=\"elementor-text-editor elementor-clearfix\">\n\t\t\t\t\t<p>W najnowszym rankingu &#8222;Perspektywy 2023&#8221; <strong>oceniono 1360 lice\u00f3w og\u00f3lnokszta\u0142c\u0105cych<\/strong> (spo\u015br\u00f3d 2200 dzia\u0142aj\u0105cych w kraju) i 1185 technik\u00f3w (spo\u015br\u00f3d 1745). Technikum nr 3 przy Zespole Szk\u00f3\u0142 Ekonomicznych znalaz\u0142 si\u0119 na 22 miejscu.&nbsp;<\/p>\t\t\t\t\t<\/div>\n\t\t\t\t\t\t<\/div>\n\t\t\t\t<\/div>\n\t\t\t\t\t\t<\/div>\n\t\t\t\t\t<\/div>\n\t\t<\/div>\n\t\t\t\t\t\t\t\t<\/div>\n\t\t\t\t\t<\/div>\n\t\t<\/section>\n\t\t\t\t\t\t<\/div>\n\t\t\t\t\t\t<\/div>\n\t\t\t\t\t<\/div>\n\t\t","protected":false},"excerpt":{"rendered":"<p>Zaczynamy nowy rok kalendarzowy uzyskuj\u0105c 1. miejsce w wojew\u00f3dztwie w Og\u00f3lnopolskim Rankingu Technik\u00f3w Perspektywy 2023. Technika zosta\u0142y ocenione za pomoc\u0105 czterech kryteri\u00f3w. S\u0105 to: sukcesy szko\u0142y w olimpiadach, wyniki matury z przedmiot\u00f3w obowi\u0105zkowych, wyniki matury z przedmiot\u00f3w dodatkowych oraz wyniki egzaminu zawodowego. W imieniu dyrekcji szko\u0142y serdecznie gratulujemy nauczycielom, uczniom, pracownikom szko\u0142y, a przede wszystkim&#8230;<\/p>\n","protected":false},"author":2,"featured_media":995842,"comment_status":"closed","ping_status":"open","sticky":false,"template":"","format":"standard","meta":{"inline_featured_image":false},"categories":[85,186,98],"tags":[95,250],"_links":{"self":[{"href":"http:\/\/ekonomik.opole.pl\/eko3\/wp-json\/wp\/v2\/posts\/995841"}],"collection":[{"href":"http:\/\/ekonomik.opole.pl\/eko3\/wp-json\/wp\/v2\/posts"}],"about":[{"href":"http:\/\/ekonomik.opole.pl\/eko3\/wp-json\/wp\/v2\/types\/post"}],"author":[{"embeddable":true,"href":"http:\/\/ekonomik.opole.pl\/eko3\/wp-json\/wp\/v2\/users\/2"}],"replies":[{"embeddable":true,"href":"http:\/\/ekonomik.opole.pl\/eko3\/wp-json\/wp\/v2\/comments?post=995841"}],"version-history":[{"count":9,"href":"http:\/\/ekonomik.opole.pl\/eko3\/wp-json\/wp\/v2\/posts\/995841\/revisions"}],"predecessor-version":[{"id":995857,"href":"http:\/\/ekonomik.opole.pl\/eko3\/wp-json\/wp\/v2\/posts\/995841\/revisions\/995857"}],"wp:featuredmedia":[{"embeddable":true,"href":"http:\/\/ekonomik.opole.pl\/eko3\/wp-json\/wp\/v2\/media\/995842"}],"wp:attachment":[{"href":"http:\/\/ekonomik.opole.pl\/eko3\/wp-json\/wp\/v2\/media?parent=995841"}],"wp:term":[{"taxonomy":"category","embeddable":true,"href":"http:\/\/ekonomik.opole.pl\/eko3\/wp-json\/wp\/v2\/categories?post=995841"},{"taxonomy":"post_tag","embeddable":true,"href":"http:\/\/ekonomik.opole.pl\/eko3\/wp-json\/wp\/v2\/tags?post=995841"}],"curies":[{"name":"wp","href":"https:\/\/api.w.org\/{rel}","templated":true}]}}