{"id":995954,"date":"2023-02-02T21:34:27","date_gmt":"2023-02-02T20:34:27","guid":{"rendered":"http:\/\/ekonomik.opole.pl\/eko3\/?p=995954"},"modified":"2023-02-09T07:16:08","modified_gmt":"2023-02-09T06:16:08","slug":"znamy-date-oficjalnej-premiery-filmu-dokumentalnego-generacje","status":"publish","type":"post","link":"http:\/\/ekonomik.opole.pl\/eko3\/znamy-date-oficjalnej-premiery-filmu-dokumentalnego-generacje\/","title":{"rendered":"Znamy dat\u0119 oficjalnej premiery filmu dokumentalnego GENERACJE"},"content":{"rendered":"<div class=\"vgblk-rw-wrapper limit-wrapper\">W imieniu szkolnej agencji reklamowej CODED &#8211; klasy 4NC w zawodzie technik reklamy, mamy przyjemno\u015b\u0107 og\u0142osi\u0107, \u017ce premiera filmu dokumentalnego GENERACJE odb\u0119dzie si\u0119 8 lutego 2023 o godzinie 14:00 w auli szkolnej. Na oficjaln\u0105 premier\u0119 obowi\u0105zuj\u0105 zaproszenia imienne.&nbsp;<\/p>\n<p>Film powsta\u0142 z pasji, ch\u0119ci do dzia\u0142ania uczni\u00f3w klasy reklamowej i jest efektem planowanych dzia\u0142a\u0144 promocyjnych Zespo\u0142u Szk\u00f3\u0142 Ekonomicznych w Opolu.&nbsp;<\/p>\n<p><strong>RE\u017bYSERIA:<\/strong> AMELIA DAWID, OLIWIA BARON, EMILIE ZDERA<br \/>\n<strong>SCENARIUSZ:<\/strong> AMELIA DAWID, OLIWIA BARON<br \/>\n<strong>KOORDYNACJA:<\/strong> LAURA GADZI\u0143SKA, JULIA KACIUBAN<br \/>\n<strong>PRODUCENT WYKONAWCZY:<\/strong> PIOTR W\u00d3JCIK&nbsp;<\/p>\n<p><strong>PRODUKCJA:<\/strong> MARTYNA BUNZEL, NATALIA SZTANDERA, LAURA GADZI\u0143SKA<br \/>\n<strong>ZDJ\u0118CIA:<\/strong> ANETA BOROSZ, OLIWIA BE\u0143, DANIELA PIEKORZ<br \/>\n<strong>POSTPRODUKCJA:<\/strong> ANETA BOROSZ, LAURA GADZI\u0143SKA, DANIELA PIEKORZ<br \/>\n<strong>KIEROWNICTWO PLANU:<\/strong> LAURA GADZI\u0143SKA<br \/>\n<strong>MONTA\u017b:<\/strong> ANETA BOROSZ<br \/>\n<strong>OPERATORZY KAMER:<\/strong> OLIWIA BE\u0143, DANIELA PIEKORZ, AMELIA DAWID, ANETA BOROSZ<br \/>\n<strong>SCENOGRAFIA:<\/strong> LAURA GADZI\u0143SKA, OLIWIA BARON<br \/>\n<strong>REPORTERZY:<\/strong> EMILIE ZDERA, AMELIA DAWID, JULIA KACIUBAN, MARCELI GLE\u0143&nbsp;<br \/>\n<strong>WIZA\u017bYSTKA:<\/strong> OLIWIA BARON<br \/>\n<strong>KONSULTACJE PRAWNE:<\/strong> KAMIL JANIK&nbsp;<br \/>\n<strong>MUZYKA:<\/strong> MARCELI GLE\u0143<br \/>\n<strong>OBS\u0141UGA MIKROFONU:<\/strong> LAURA GADZI\u0143SKA, MARCELI GLE\u0143<br \/>\n<strong>OBR\u00d3BKA D\u0179WI\u0118KU:<\/strong> LAURA GADZI\u0143SKA, SZYMON STRYCHARZ<br \/>\n<strong>MONTA\u017b D\u0179WI\u0118KU:<\/strong> LAURA GADZI\u0143SKA<br \/>\n<strong>TEKST:<\/strong> WIKTORIA PORADA, MARTA CZERNIK<br \/>\n<strong>PROJEKT GRAFICZNY NAPIS\u00d3W:<\/strong> JUSTYNA SCHWIERZ, DANIELA PIEKORZ, ANETA BOROSZ<br \/>\n<strong>GROMADZENIE MATERIA\u0141\u00d3W:<\/strong> JUSTYNA SCHWIERZ, NATALIA SZTANDERA<br \/>\n<strong>KONTAKT Z MEDIAMI:<\/strong> NATALIA SZTANDERA<br \/>\n<strong>KLAPS FILMOWY:<\/strong> OLIWIA BARON, AMELIA DAWID<br \/>\n<strong>OBS\u0141UGA GO\u015aCI:<\/strong> MARTA CZERNIK, WIKTORIA CZARNECKA, WIKTORIA PORADA, MARTYNA STEINER<\/p>\n<h3>Kiedy film na Youtube?<\/h3>\n<p>Ca\u0142a spo\u0142eczno\u015b\u0107 Ekonomika i wszyscy zainteresowani b\u0119d\u0105 mogli zobaczy\u0107 film na kanale YT ju\u017c 10 lutego 2023 o godzinie 20:00.&nbsp;<\/p>\n<figure>\n\t\t\t\t\t\t\t\t\t\t\t<a href=\"http:\/\/ekonomik.opole.pl\/eko3\/wp-content\/uploads\/2023\/02\/GENERACJE-OFFICIAL-do-druku-poprawiony-pogladowy-scaled.jpg\" data-elementor-open-lightbox=\"yes\" data-elementor-lightbox-title=\"GENERACJE\"><br \/>\n<img src=\"http:\/\/ekonomik.opole.pl\/eko3\/wp-content\/uploads\/2023\/02\/GENERACJE-OFFICIAL-do-druku-poprawiony-pogladowy-724x1024.jpg\" alt=\"\" loading=\"lazy\" srcset=\"http:\/\/ekonomik.opole.pl\/eko3\/wp-content\/uploads\/2023\/02\/GENERACJE-OFFICIAL-do-druku-poprawiony-pogladowy-724x1024.jpg 724w, http:\/\/ekonomik.opole.pl\/eko3\/wp-content\/uploads\/2023\/02\/GENERACJE-OFFICIAL-do-druku-poprawiony-pogladowy-212x300.jpg 212w, http:\/\/ekonomik.opole.pl\/eko3\/wp-content\/uploads\/2023\/02\/GENERACJE-OFFICIAL-do-druku-poprawiony-pogladowy-768x1086.jpg 768w, http:\/\/ekonomik.opole.pl\/eko3\/wp-content\/uploads\/2023\/02\/GENERACJE-OFFICIAL-do-druku-poprawiony-pogladowy-1086x1536.jpg 1086w, http:\/\/ekonomik.opole.pl\/eko3\/wp-content\/uploads\/2023\/02\/GENERACJE-OFFICIAL-do-druku-poprawiony-pogladowy-1448x2048.jpg 1448w, http:\/\/ekonomik.opole.pl\/eko3\/wp-content\/uploads\/2023\/02\/GENERACJE-OFFICIAL-do-druku-poprawiony-pogladowy-1360x1924.jpg 1360w, http:\/\/ekonomik.opole.pl\/eko3\/wp-content\/uploads\/2023\/02\/GENERACJE-OFFICIAL-do-druku-poprawiony-pogladowy-680x962.jpg 680w, http:\/\/ekonomik.opole.pl\/eko3\/wp-content\/uploads\/2023\/02\/GENERACJE-OFFICIAL-do-druku-poprawiony-pogladowy-scaled.jpg 1810w\" sizes=\"(max-width: 724px) 100vw, 724px\" width=\"724\" height=\"1024\">\t\t\t\t\t\t\t\t<\/a><figcaption>Projekt: Justyna Schwierz ? Foto. Laura Gadzi\u0144ska <\/figcaption><\/figure>\n<\/div>\n<p><!-- .vgblk-rw-wrapper --><\/p>\n","protected":false},"excerpt":{"rendered":"<p>W imieniu szkolnej agencji reklamowej CODED &#8211; klasy 4NC w zawodzie technik reklamy, mamy przyjemno\u015b\u0107 og\u0142osi\u0107, \u017ce premiera filmu dokumentalnego GENERACJE odb\u0119dzie si\u0119 8 lutego 2023 o godzinie 14:00 w auli szkolnej. Na oficjaln\u0105 premier\u0119 obowi\u0105zuj\u0105 zaproszenia imienne.&nbsp; Film powsta\u0142 z pasji, ch\u0119ci do dzia\u0142ania uczni\u00f3w klasy reklamowej i jest efektem planowanych dzia\u0142a\u0144 promocyjnych Zespo\u0142u&#8230;<\/p>\n","protected":false},"author":5,"featured_media":995959,"comment_status":"closed","ping_status":"open","sticky":false,"template":"","format":"standard","meta":{"inline_featured_image":false},"categories":[208,91,131],"tags":[157,204,291,224],"_links":{"self":[{"href":"http:\/\/ekonomik.opole.pl\/eko3\/wp-json\/wp\/v2\/posts\/995954"}],"collection":[{"href":"http:\/\/ekonomik.opole.pl\/eko3\/wp-json\/wp\/v2\/posts"}],"about":[{"href":"http:\/\/ekonomik.opole.pl\/eko3\/wp-json\/wp\/v2\/types\/post"}],"author":[{"embeddable":true,"href":"http:\/\/ekonomik.opole.pl\/eko3\/wp-json\/wp\/v2\/users\/5"}],"replies":[{"embeddable":true,"href":"http:\/\/ekonomik.opole.pl\/eko3\/wp-json\/wp\/v2\/comments?post=995954"}],"version-history":[{"count":5,"href":"http:\/\/ekonomik.opole.pl\/eko3\/wp-json\/wp\/v2\/posts\/995954\/revisions"}],"predecessor-version":[{"id":995970,"href":"http:\/\/ekonomik.opole.pl\/eko3\/wp-json\/wp\/v2\/posts\/995954\/revisions\/995970"}],"wp:featuredmedia":[{"embeddable":true,"href":"http:\/\/ekonomik.opole.pl\/eko3\/wp-json\/wp\/v2\/media\/995959"}],"wp:attachment":[{"href":"http:\/\/ekonomik.opole.pl\/eko3\/wp-json\/wp\/v2\/media?parent=995954"}],"wp:term":[{"taxonomy":"category","embeddable":true,"href":"http:\/\/ekonomik.opole.pl\/eko3\/wp-json\/wp\/v2\/categories?post=995954"},{"taxonomy":"post_tag","embeddable":true,"href":"http:\/\/ekonomik.opole.pl\/eko3\/wp-json\/wp\/v2\/tags?post=995954"}],"curies":[{"name":"wp","href":"https:\/\/api.w.org\/{rel}","templated":true}]}}