{"id":995969,"date":"2023-02-09T07:17:35","date_gmt":"2023-02-09T06:17:35","guid":{"rendered":"http:\/\/ekonomik.opole.pl\/eko3\/?p=995969"},"modified":"2023-02-09T13:01:25","modified_gmt":"2023-02-09T12:01:25","slug":"wielkie-gratulacje-dla-damiana-kryska","status":"publish","type":"post","link":"http:\/\/ekonomik.opole.pl\/eko3\/wielkie-gratulacje-dla-damiana-kryska\/","title":{"rendered":"Wielkie gratulacje dla Damiana Kryska!"},"content":{"rendered":"\t\t<div data-elementor-type=\"wp-post\" data-elementor-id=\"995969\" class=\"elementor elementor-995969\" data-elementor-settings=\"[]\">\n\t\t\t\t\t\t<div class=\"elementor-inner\">\n\t\t\t\t\t\t\t<div class=\"elementor-section-wrap\">\n\t\t\t\t\t\t\t<section class=\"elementor-section elementor-top-section elementor-element elementor-element-43cd482 elementor-section-boxed elementor-section-height-default elementor-section-height-default\" data-id=\"43cd482\" data-element_type=\"section\">\n\t\t\t\t\t\t<div class=\"elementor-container elementor-column-gap-default\">\n\t\t\t\t\t\t\t<div class=\"elementor-row\">\n\t\t\t\t\t<div class=\"elementor-column elementor-col-100 elementor-top-column elementor-element elementor-element-c2f836a\" data-id=\"c2f836a\" data-element_type=\"column\">\n\t\t\t<div class=\"elementor-column-wrap elementor-element-populated\">\n\t\t\t\t\t\t\t<div class=\"elementor-widget-wrap\">\n\t\t\t\t\t\t<div class=\"elementor-element elementor-element-74b9809 elementor-widget elementor-widget-text-editor\" data-id=\"74b9809\" data-element_type=\"widget\" data-widget_type=\"text-editor.default\">\n\t\t\t\t<div class=\"elementor-widget-container\">\n\t\t\t\t\t\t\t\t<div class=\"elementor-text-editor elementor-clearfix\">\n\t\t\t\t\t<p><strong>Ucze\u0144 klasy 4f Damian Kryska zakwalifikowa\u0142 si\u0119 do zawod\u00f3w III stopnia (centralnych) presti\u017cowej XXXVI Olimpiady Wiedzy Ekonomicznej.<\/strong> Jest to ogromny sukces Damiana, gdy\u017c OWE jest trudn\u0105 olimpiad\u0105, w kt\u00f3rej uczestnicy cz\u0119sto musz\u0105 wykaza\u0107 si\u0119 szczeg\u00f3\u0142ow\u0105 wiedz\u0105 o wsp\u00f3\u0142czesnej gospodarce wyk\u0142adan\u0105 dopiero studentom na uczelniach wy\u017cszych.<\/p>\n<p style=\"text-align: right;\">Opiekun: Zofia Zawi\u015blak, Ma\u0142gorzata Radziszewska oraz Tamara S\u0142odkowska- Tram\u015b<\/p>\t\t\t\t\t<\/div>\n\t\t\t\t\t\t<\/div>\n\t\t\t\t<\/div>\n\t\t\t\t\t\t<\/div>\n\t\t\t\t\t<\/div>\n\t\t<\/div>\n\t\t\t\t\t\t\t\t<\/div>\n\t\t\t\t\t<\/div>\n\t\t<\/section>\n\t\t\t\t\t\t<\/div>\n\t\t\t\t\t\t<\/div>\n\t\t\t\t\t<\/div>\n\t\t","protected":false},"excerpt":{"rendered":"<p>Ucze\u0144 klasy 4f Damian Kryska zakwalifikowa\u0142 si\u0119 do zawod\u00f3w III stopnia (centralnych) presti\u017cowej XXXVI Olimpiady Wiedzy Ekonomicznej. Jest to ogromny sukces Damiana, gdy\u017c OWE jest trudn\u0105 olimpiad\u0105, w kt\u00f3rej uczestnicy cz\u0119sto musz\u0105 wykaza\u0107 si\u0119 szczeg\u00f3\u0142ow\u0105 wiedz\u0105 o wsp\u00f3\u0142czesnej gospodarce wyk\u0142adan\u0105 dopiero studentom na uczelniach wy\u017cszych. Opiekun: Zofia Zawi\u015blak, Ma\u0142gorzata Radziszewska oraz Tamara S\u0142odkowska- Tram\u015b<\/p>\n","protected":false},"author":4,"featured_media":995971,"comment_status":"closed","ping_status":"open","sticky":false,"template":"","format":"standard","meta":{"inline_featured_image":false},"categories":[220],"tags":[],"_links":{"self":[{"href":"http:\/\/ekonomik.opole.pl\/eko3\/wp-json\/wp\/v2\/posts\/995969"}],"collection":[{"href":"http:\/\/ekonomik.opole.pl\/eko3\/wp-json\/wp\/v2\/posts"}],"about":[{"href":"http:\/\/ekonomik.opole.pl\/eko3\/wp-json\/wp\/v2\/types\/post"}],"author":[{"embeddable":true,"href":"http:\/\/ekonomik.opole.pl\/eko3\/wp-json\/wp\/v2\/users\/4"}],"replies":[{"embeddable":true,"href":"http:\/\/ekonomik.opole.pl\/eko3\/wp-json\/wp\/v2\/comments?post=995969"}],"version-history":[{"count":7,"href":"http:\/\/ekonomik.opole.pl\/eko3\/wp-json\/wp\/v2\/posts\/995969\/revisions"}],"predecessor-version":[{"id":995979,"href":"http:\/\/ekonomik.opole.pl\/eko3\/wp-json\/wp\/v2\/posts\/995969\/revisions\/995979"}],"wp:featuredmedia":[{"embeddable":true,"href":"http:\/\/ekonomik.opole.pl\/eko3\/wp-json\/wp\/v2\/media\/995971"}],"wp:attachment":[{"href":"http:\/\/ekonomik.opole.pl\/eko3\/wp-json\/wp\/v2\/media?parent=995969"}],"wp:term":[{"taxonomy":"category","embeddable":true,"href":"http:\/\/ekonomik.opole.pl\/eko3\/wp-json\/wp\/v2\/categories?post=995969"},{"taxonomy":"post_tag","embeddable":true,"href":"http:\/\/ekonomik.opole.pl\/eko3\/wp-json\/wp\/v2\/tags?post=995969"}],"curies":[{"name":"wp","href":"https:\/\/api.w.org\/{rel}","templated":true}]}}