{"id":996047,"date":"2023-02-28T14:56:01","date_gmt":"2023-02-28T13:56:01","guid":{"rendered":"http:\/\/ekonomik.opole.pl\/eko3\/?p=996047"},"modified":"2023-03-12T19:04:20","modified_gmt":"2023-03-12T18:04:20","slug":"ogolnopolski-konkurs-wiedzy-o-podatkach","status":"publish","type":"post","link":"http:\/\/ekonomik.opole.pl\/eko3\/ogolnopolski-konkurs-wiedzy-o-podatkach\/","title":{"rendered":"Og\u00f3lnopolski Konkurs Wiedzy o Podatkach"},"content":{"rendered":"\t\t<div data-elementor-type=\"wp-post\" data-elementor-id=\"996047\" class=\"elementor elementor-996047\" data-elementor-settings=\"[]\">\n\t\t\t\t\t\t<div class=\"elementor-inner\">\n\t\t\t\t\t\t\t<div class=\"elementor-section-wrap\">\n\t\t\t\t\t\t\t<section class=\"elementor-section elementor-top-section elementor-element elementor-element-e18ade4 elementor-section-boxed elementor-section-height-default elementor-section-height-default\" data-id=\"e18ade4\" data-element_type=\"section\">\n\t\t\t\t\t\t<div class=\"elementor-container elementor-column-gap-default\">\n\t\t\t\t\t\t\t<div class=\"elementor-row\">\n\t\t\t\t\t<div class=\"elementor-column elementor-col-100 elementor-top-column elementor-element elementor-element-b6eb5d0\" data-id=\"b6eb5d0\" data-element_type=\"column\">\n\t\t\t<div class=\"elementor-column-wrap elementor-element-populated\">\n\t\t\t\t\t\t\t<div class=\"elementor-widget-wrap\">\n\t\t\t\t\t\t<div class=\"elementor-element elementor-element-f6bdc1b elementor-widget elementor-widget-text-editor\" data-id=\"f6bdc1b\" data-element_type=\"widget\" data-widget_type=\"text-editor.default\">\n\t\t\t\t<div class=\"elementor-widget-container\">\n\t\t\t\t\t\t\t\t<div class=\"elementor-text-editor elementor-clearfix\">\n\t\t\t\t\t<p>\u015al\u0105ski Oddzia\u0142 Krajowej Izby Doradc\u00f3w Podatkowych po raz kolejny organizuje Konkurs Wiedzy o Podatkach, kt\u00f3ry obj\u0119ty jest patronatem Wojew\u00f3dzkiego Kuratora O\u015bwiaty oraz od kilku lat honorowym patronatem Ministra Finans\u00f3w.<\/p><p><strong><u>03 marca 2023 r.<\/u><\/strong><strong> odb\u0119dzie si\u0119 XII Og\u00f3lnopolski Konkurs Wiedzy o Podatkach na platformie moodle w \u00a0godzinach od 10.00 do 18.00.<\/strong> \u00a0System dopu\u015bci uczestnika do udzia\u0142u w konkursie przez 30 minut licz\u0105c od momentu klikni\u0119cia na START. <strong>Od 01 marca br. b\u0119dzie mo\u017cna zalogowa\u0107 si\u0119 do systemu by wpisa\u0107 swoje dane (Uwaga! Trzeba to zrobi\u0107 samodzielnie!).<\/strong> Link do logowania si\u0119 do platformy moodle b\u0119dzie dost\u0119pny od 01 marca br. na stronie <strong><u><a href=\"http:\/\/www.silesia.kidp.pl\">www.silesia.kidp.pl<\/a><\/u><\/strong> \u00a0w <strong>zak\u0142adce Konkursy<\/strong>.<\/p><p>Test \u00a0b\u0119dzie zawiera\u0142 30 pyta\u0144 z zakresu podatk\u00f3w i op\u0142at obowi\u0105zuj\u0105cych w Polsce, a w szczeg\u00f3lno\u015bci z podatku dochodowego od os\u00f3b fizycznych i prawnych, z podatku VAT oraz z Ordynacji Podatkowej jak r\u00f3wnie\u017c z Ustawy o doradztwie podatkowym. Zakres merytoryczny konkursu znajduje si\u0119 na stronie <strong><u><a href=\"http:\/\/www.silesia.kidp.pl\">www.silesia.kidp.pl<\/a><\/u> <\/strong>\u00a0w zak\u0142adce Konkursy.<\/p><p><u>Nie ma konieczno\u015bci przesy\u0142ania kart zg\u0142oszeniowych do konkursu<\/u>, ka\u017cdy ucze\u0144, kt\u00f3ry przyst\u0105pi do rozwi\u0105zania testu automatycznie traktowany b\u0119dzie jako uczestnik konkursu.<\/p><p>W konkursie mog\u0105 wzi\u0105\u0107 udzia\u0142 uczniowie szk\u00f3\u0142 ponadpodstawowych, kt\u00f3rzy w roku odbywania si\u0119 konkursu uko\u0144cz\u0105 maksymalnie 20 rok \u017cycia.<\/p><p><strong><em>Do konkursu mo\u017cna przyst\u0105pi\u0107 w dowolnym miejscu (w domu, w szkole itp.). <\/em><\/strong><\/p><p>W tym roku <strong>XIII Og\u00f3lnopolski Fina\u0142 Konkursu Wiedzy o Podatkach odb\u0119dzie si\u0119 14 kwietnia w Katowicach.<\/strong><\/p><p>Wszelkich informacji o konkursie udziela <strong>Pani Ma\u0142gorzata Radziszewska (pok.<\/strong> <strong>19)<\/strong> \u2013 opiekun konkursu z ramienia naszej szko\u0142y.<\/p><p>\u00a0<\/p><p>Serdecznie zapraszamy !!!<\/p>\t\t\t\t\t<\/div>\n\t\t\t\t\t\t<\/div>\n\t\t\t\t<\/div>\n\t\t\t\t\t\t<\/div>\n\t\t\t\t\t<\/div>\n\t\t<\/div>\n\t\t\t\t\t\t\t\t<\/div>\n\t\t\t\t\t<\/div>\n\t\t<\/section>\n\t\t\t\t\t\t<\/div>\n\t\t\t\t\t\t<\/div>\n\t\t\t\t\t<\/div>\n\t\t","protected":false},"excerpt":{"rendered":"<p>\u015al\u0105ski Oddzia\u0142 Krajowej Izby Doradc\u00f3w Podatkowych po raz kolejny organizuje Konkurs Wiedzy o Podatkach, kt\u00f3ry obj\u0119ty jest patronatem Wojew\u00f3dzkiego Kuratora O\u015bwiaty oraz od kilku lat honorowym patronatem Ministra Finans\u00f3w. 03 marca 2023 r. odb\u0119dzie si\u0119 XII Og\u00f3lnopolski Konkurs Wiedzy o Podatkach na platformie moodle w \u00a0godzinach od 10.00 do 18.00. \u00a0System dopu\u015bci uczestnika do udzia\u0142u&#8230;<\/p>\n","protected":false},"author":4,"featured_media":994058,"comment_status":"closed","ping_status":"open","sticky":false,"template":"","format":"standard","meta":{"inline_featured_image":false},"categories":[1],"tags":[],"_links":{"self":[{"href":"http:\/\/ekonomik.opole.pl\/eko3\/wp-json\/wp\/v2\/posts\/996047"}],"collection":[{"href":"http:\/\/ekonomik.opole.pl\/eko3\/wp-json\/wp\/v2\/posts"}],"about":[{"href":"http:\/\/ekonomik.opole.pl\/eko3\/wp-json\/wp\/v2\/types\/post"}],"author":[{"embeddable":true,"href":"http:\/\/ekonomik.opole.pl\/eko3\/wp-json\/wp\/v2\/users\/4"}],"replies":[{"embeddable":true,"href":"http:\/\/ekonomik.opole.pl\/eko3\/wp-json\/wp\/v2\/comments?post=996047"}],"version-history":[{"count":6,"href":"http:\/\/ekonomik.opole.pl\/eko3\/wp-json\/wp\/v2\/posts\/996047\/revisions"}],"predecessor-version":[{"id":996092,"href":"http:\/\/ekonomik.opole.pl\/eko3\/wp-json\/wp\/v2\/posts\/996047\/revisions\/996092"}],"wp:featuredmedia":[{"embeddable":true,"href":"http:\/\/ekonomik.opole.pl\/eko3\/wp-json\/wp\/v2\/media\/994058"}],"wp:attachment":[{"href":"http:\/\/ekonomik.opole.pl\/eko3\/wp-json\/wp\/v2\/media?parent=996047"}],"wp:term":[{"taxonomy":"category","embeddable":true,"href":"http:\/\/ekonomik.opole.pl\/eko3\/wp-json\/wp\/v2\/categories?post=996047"},{"taxonomy":"post_tag","embeddable":true,"href":"http:\/\/ekonomik.opole.pl\/eko3\/wp-json\/wp\/v2\/tags?post=996047"}],"curies":[{"name":"wp","href":"https:\/\/api.w.org\/{rel}","templated":true}]}}