{"id":996182,"date":"2023-03-21T07:13:51","date_gmt":"2023-03-21T06:13:51","guid":{"rendered":"http:\/\/ekonomik.opole.pl\/eko3\/?p=996182"},"modified":"2023-03-21T07:16:02","modified_gmt":"2023-03-21T06:16:02","slug":"final-ix-edycji-wojewodzkiego-konkursu-przedsiebiorczosci-i-wiedzy-o-gospodarce","status":"publish","type":"post","link":"http:\/\/ekonomik.opole.pl\/eko3\/final-ix-edycji-wojewodzkiego-konkursu-przedsiebiorczosci-i-wiedzy-o-gospodarce\/","title":{"rendered":"Fina\u0142 IX edycji Wojew\u00f3dzkiego Konkursu Przedsi\u0119biorczo\u015bci i Wiedzy o Gospodarce"},"content":{"rendered":"\t\t<div data-elementor-type=\"wp-post\" data-elementor-id=\"996182\" class=\"elementor elementor-996182\" data-elementor-settings=\"[]\">\n\t\t\t\t\t\t<div class=\"elementor-inner\">\n\t\t\t\t\t\t\t<div class=\"elementor-section-wrap\">\n\t\t\t\t\t\t\t<section class=\"elementor-section elementor-top-section elementor-element elementor-element-ca9cda5 elementor-section-boxed elementor-section-height-default elementor-section-height-default\" data-id=\"ca9cda5\" data-element_type=\"section\">\n\t\t\t\t\t\t<div class=\"elementor-container elementor-column-gap-default\">\n\t\t\t\t\t\t\t<div class=\"elementor-row\">\n\t\t\t\t\t<div class=\"elementor-column elementor-col-100 elementor-top-column elementor-element elementor-element-6cc81de\" data-id=\"6cc81de\" data-element_type=\"column\">\n\t\t\t<div class=\"elementor-column-wrap elementor-element-populated\">\n\t\t\t\t\t\t\t<div class=\"elementor-widget-wrap\">\n\t\t\t\t\t\t<div class=\"elementor-element elementor-element-ccc073c elementor-widget elementor-widget-text-editor\" data-id=\"ccc073c\" data-element_type=\"widget\" data-widget_type=\"text-editor.default\">\n\t\t\t\t<div class=\"elementor-widget-container\">\n\t\t\t\t\t\t\t\t<div class=\"elementor-text-editor elementor-clearfix\">\n\t\t\t\t\t<p><strong>\u201eProjekt realizowany z NBP w ramach edukacji ekonomicznej\u201d<\/strong><\/p><p>\u00a0<\/p><p>Dnia 15 marca 2023 r. w Zespole Szk\u00f3\u0142 Ekonomicznych w Opolu\u00a0odby\u0142 si\u0119 fina\u0142 IX edycji Wojew\u00f3dzkiego Konkursu Przedsi\u0119biorczo\u015bci i Wiedzy o Gospodarce, skierowanego do uczni\u00f3w \u00a0szk\u00f3\u0142 podstawowych. Gal\u0119 fina\u0142ow\u0105 prowadzi\u0142o mini przedsi\u0119biorstwo z klasy 2b i 2d \u00a0E&amp;P Company, funkcjonuj\u0105ce w szkole pod kierunkiem Pani T. S\u0142odkowskiej- Tram\u015b.\u00a0 Przedstawi\u0142o zgromadzonej publiczno\u015bci\u00a0 \u015bwietne przedstawienie pt. \u201eRomeo i Julia\u201d . Uroczysto\u015b\u0107 umila\u0142y tak\u017ce wspania\u0142e wyst\u0119py muzyczne i taneczne uczni\u00f3w.<\/p><p>Celem konkursu by\u0142o przede wszystkim promowanie wiedzy ekonomicznej i postaw przedsi\u0119biorczych w\u015br\u00f3d m\u0142odzie\u017cy. Do pierwszego etapu konkursu przyst\u0105pi\u0142o 238 uczni\u00f3w. \u00a0\u00a0W rywalizacji fina\u0142owej zmagali si\u0119 uczniowie z nast\u0119puj\u0105cych\u00a0 szk\u00f3\u0142 naszego wojew\u00f3dztwa:<\/p><ul><li>Publicznej Szko\u0142y Podstawowej im. Marka Prawego w Jemielnicy<\/li><li>Publicznej Szko\u0142y Podstawowej\u00a0 im. ks. Jana Twardowskiego\u00a0 w Komprachcicach<\/li><li>Publicznej Szko\u0142y Podstawowej Nr 1 im. Obro\u0144c\u00f3w Westerplatte w Opolu<\/li><li>Publicznej Szko\u0142y Podstawowej Nr 2 im. Polskich Olimpijczyk\u00f3w w Opolu<\/li><li>Publicznej Szko\u0142y Podstawowej Nr 8 im. Gustawa Morcinka w Opolu<\/li><li>Publicznej Szko\u0142y Podstawowej Nr 14 im. Adama Mickiewicza w Opolu<\/li><li>Publicznej Szko\u0142y Podstawowej Nr 20 im. Ksi\u0119cia Jana Dobrego w Opolu<\/li><li>Publicznej Szko\u0142y Podstawowej Nr 28 im. \u015aw. Wojciecha w Opolu<\/li><\/ul><p><strong>Fina\u0142 konkursu sk\u0142ada\u0142 si\u0119 z dw\u00f3ch etap\u00f3w:<\/strong><\/p><ul><li>Wszyscy uczestnicy fina\u0142u rozwi\u0105zywali test\u00a0on-line \u00a0sprawdzaj\u0105cy wiedz\u0119 ekonomiczn\u0105 obj\u0119t\u0105 tematyk\u0105 Konkursu.<\/li><li>Uczestnicy, kt\u00f3rzy najlepiej wypadli w cz\u0119\u015bci testowej (6 uczni\u00f3w), przedstawiali \u00a0swoje prezentacje multimedialne, na jeden wybrany przez siebie temat:<\/li><\/ul><ol><li><strong>Czy warto oszcz\u0119dza\u0107 w warunkach inflacji?<\/strong><\/li><li><strong>Rola i zadania NBP.<\/strong><\/li><li><strong>Skutki gospodarcze COVID 19.<\/strong><\/li><\/ol><p><strong>Po zsumowaniu wynik\u00f3w z obu cz\u0119\u015bci fina\u0142u zwyci\u0119zcami IX edycji Konkursu zostali:<\/strong><\/p><p><strong>1 miejsce : <\/strong><strong>Aleks Ko\u0142odziejczyk z\u00a0 PSP Nr14 w Opolu<\/strong><\/p><p><strong>2 miejsce : Konrad Piechota z PSP Nr20 w Opolu<\/strong><\/p><p><strong>3 miejsce: \u00a0Tymon Kasperski z PSP Nr1 w Opolu<\/strong><\/p><p><strong>4 miejsce: \u00a0Marcin Opio\u0142a z PSP NR14 w Opolu<\/strong><\/p><p><strong>5 miejsce : Micha\u0142 Wojtasik z PSP Nr8 w Opolu<\/strong><\/p><p><strong>6 miejsce: \u00a0Marcin Mozga\u0142a z PSP Nr14 w Opolu<\/strong><\/p><p><strong>Nagrodzono \u00a0tak\u017ce te szko\u0142y, w kt\u00f3rych do I etapu konkursu przyst\u0105pi\u0142o \u00a0najwi\u0119cej uczestnik\u00f3w :<\/strong><\/p><ul><li><strong>Publiczn\u0105 Szko\u0142\u0119\u00a0 Podstawow\u0105 im. Ks. Jana Twardowskiego w Komprachcicach,<\/strong><\/li><li><strong>Publiczn\u0105 Szko\u0142\u0119 Podstawow\u0105 Nr2 im. Polskich Olimpijczyk\u00f3w w Opolu<\/strong><\/li><li><strong>Publiczn\u0105 Szko\u0142\u0119 Podstawow\u0105 Nr14 im. Adama Mickiewicza w Opolu<\/strong><\/li><\/ul>\t\t\t\t\t<\/div>\n\t\t\t\t\t\t<\/div>\n\t\t\t\t<\/div>\n\t\t\t\t\t\t<\/div>\n\t\t\t\t\t<\/div>\n\t\t<\/div>\n\t\t\t\t\t\t\t\t<\/div>\n\t\t\t\t\t<\/div>\n\t\t<\/section>\n\t\t\t\t\t\t<\/div>\n\t\t\t\t\t\t<\/div>\n\t\t\t\t\t<\/div>\n\t\t","protected":false},"excerpt":{"rendered":"<p>\u201eProjekt realizowany z NBP w ramach edukacji ekonomicznej\u201d Dnia 15 marca 2023 r. w Zespole Szk\u00f3\u0142 Ekonomicznych w Opolu&nbsp;odby\u0142 si\u0119 fina\u0142 IX edycji Wojew\u00f3dzkiego Konkursu Przedsi\u0119biorczo\u015bci i Wiedzy o Gospodarce, skierowanego do uczni\u00f3w &nbsp;szk\u00f3\u0142 podstawowych. Gal\u0119 fina\u0142ow\u0105 prowadzi\u0142o mini przedsi\u0119biorstwo z klasy 2b i 2d &nbsp;E&amp;P Company, funkcjonuj\u0105ce w szkole pod kierunkiem Pani T. S\u0142odkowskiej-&#8230;<\/p>\n","protected":false},"author":4,"featured_media":996183,"comment_status":"closed","ping_status":"open","sticky":false,"template":"","format":"standard","meta":{"inline_featured_image":false},"categories":[220],"tags":[],"_links":{"self":[{"href":"http:\/\/ekonomik.opole.pl\/eko3\/wp-json\/wp\/v2\/posts\/996182"}],"collection":[{"href":"http:\/\/ekonomik.opole.pl\/eko3\/wp-json\/wp\/v2\/posts"}],"about":[{"href":"http:\/\/ekonomik.opole.pl\/eko3\/wp-json\/wp\/v2\/types\/post"}],"author":[{"embeddable":true,"href":"http:\/\/ekonomik.opole.pl\/eko3\/wp-json\/wp\/v2\/users\/4"}],"replies":[{"embeddable":true,"href":"http:\/\/ekonomik.opole.pl\/eko3\/wp-json\/wp\/v2\/comments?post=996182"}],"version-history":[{"count":4,"href":"http:\/\/ekonomik.opole.pl\/eko3\/wp-json\/wp\/v2\/posts\/996182\/revisions"}],"predecessor-version":[{"id":996187,"href":"http:\/\/ekonomik.opole.pl\/eko3\/wp-json\/wp\/v2\/posts\/996182\/revisions\/996187"}],"wp:featuredmedia":[{"embeddable":true,"href":"http:\/\/ekonomik.opole.pl\/eko3\/wp-json\/wp\/v2\/media\/996183"}],"wp:attachment":[{"href":"http:\/\/ekonomik.opole.pl\/eko3\/wp-json\/wp\/v2\/media?parent=996182"}],"wp:term":[{"taxonomy":"category","embeddable":true,"href":"http:\/\/ekonomik.opole.pl\/eko3\/wp-json\/wp\/v2\/categories?post=996182"},{"taxonomy":"post_tag","embeddable":true,"href":"http:\/\/ekonomik.opole.pl\/eko3\/wp-json\/wp\/v2\/tags?post=996182"}],"curies":[{"name":"wp","href":"https:\/\/api.w.org\/{rel}","templated":true}]}}