{"id":996220,"date":"2023-03-21T10:53:27","date_gmt":"2023-03-21T09:53:27","guid":{"rendered":"http:\/\/ekonomik.opole.pl\/eko3\/?p=996220"},"modified":"2023-03-21T10:54:05","modified_gmt":"2023-03-21T09:54:05","slug":"kolejny-sukces-ekonomistow","status":"publish","type":"post","link":"http:\/\/ekonomik.opole.pl\/eko3\/kolejny-sukces-ekonomistow\/","title":{"rendered":"Kolejny sukces ekonomist\u00f3w"},"content":{"rendered":"\t\t<div data-elementor-type=\"wp-post\" data-elementor-id=\"996220\" class=\"elementor elementor-996220\" data-elementor-settings=\"[]\">\n\t\t\t\t\t\t<div class=\"elementor-inner\">\n\t\t\t\t\t\t\t<div class=\"elementor-section-wrap\">\n\t\t\t\t\t\t\t<section class=\"elementor-section elementor-top-section elementor-element elementor-element-c34ea44 elementor-section-boxed elementor-section-height-default elementor-section-height-default\" data-id=\"c34ea44\" data-element_type=\"section\">\n\t\t\t\t\t\t<div class=\"elementor-container elementor-column-gap-default\">\n\t\t\t\t\t\t\t<div class=\"elementor-row\">\n\t\t\t\t\t<div class=\"elementor-column elementor-col-100 elementor-top-column elementor-element elementor-element-de9375f\" data-id=\"de9375f\" data-element_type=\"column\">\n\t\t\t<div class=\"elementor-column-wrap elementor-element-populated\">\n\t\t\t\t\t\t\t<div class=\"elementor-widget-wrap\">\n\t\t\t\t\t\t<div class=\"elementor-element elementor-element-3ec691d elementor-widget elementor-widget-text-editor\" data-id=\"3ec691d\" data-element_type=\"widget\" data-widget_type=\"text-editor.default\">\n\t\t\t\t<div class=\"elementor-widget-container\">\n\t\t\t\t\t\t\t\t<div class=\"elementor-text-editor elementor-clearfix\">\n\t\t\t\t\t<p>Uczniowie w zawodzie technik rachunkowo\u015bci zakwalifikowali si\u0119 do <strong>XII<\/strong> <strong>Og\u00f3lnopolskiego Fina\u0142u Konkursu o Podatkach<\/strong>, kt\u00f3ry odb\u0119dzie si\u0119 <strong>14 kwietnia w Katowicach<\/strong>.<\/p><p>S\u0105 to:<\/p><p><strong>1)\u00a0 Julia Huras \u2013 klasa 4b<\/strong><\/p><p><strong>2)\u00a0 Bartosz Drobisz \u2013 klasa 3c<\/strong><\/p><p><strong>3)\u00a0 Karolina Lasman \u2013 klasa 3c<\/strong><\/p><p><strong>4)\u00a0 Emilia Pampuch \u2013 klasa 3c<\/strong><\/p><p><strong>\u00a0<\/strong><\/p><p>Uczniowie wykazali si\u0119 ponadprzeci\u0119tn\u0105 wiedz\u0105 o podatkach i finansach. Nale\u017cy doda\u0107, \u017ce konkurs corocznie jest obj\u0119ty patronatem \u015al\u0105skiego Kuratora O\u015bwiaty oraz od kilku lat<br \/>honorowym patronatem Ministra Finans\u00f3w.<\/p><p>\u00a0<\/p><p>Opiek\u0119 merytoryczn\u0105 nad m\u0142odzie\u017c\u0105 sprawuje <strong>Pani Ma\u0142gorzata Radziszewska<\/strong>. Jeszcze raz serdecznie gratulujemy i trzymamy kciuki za uczni\u00f3w podczas fina\u0142u w Katowicach.<\/p>\t\t\t\t\t<\/div>\n\t\t\t\t\t\t<\/div>\n\t\t\t\t<\/div>\n\t\t\t\t\t\t<\/div>\n\t\t\t\t\t<\/div>\n\t\t<\/div>\n\t\t\t\t\t\t\t\t<\/div>\n\t\t\t\t\t<\/div>\n\t\t<\/section>\n\t\t\t\t\t\t<\/div>\n\t\t\t\t\t\t<\/div>\n\t\t\t\t\t<\/div>\n\t\t","protected":false},"excerpt":{"rendered":"<p>Uczniowie w zawodzie technik rachunkowo\u015bci zakwalifikowali si\u0119 do XII Og\u00f3lnopolskiego Fina\u0142u Konkursu o Podatkach, kt\u00f3ry odb\u0119dzie si\u0119 14 kwietnia w Katowicach. S\u0105 to: 1)\u00a0 Julia Huras \u2013 klasa 4b 2)\u00a0 Bartosz Drobisz \u2013 klasa 3c 3)\u00a0 Karolina Lasman \u2013 klasa 3c 4)\u00a0 Emilia Pampuch \u2013 klasa 3c \u00a0 Uczniowie wykazali si\u0119 ponadprzeci\u0119tn\u0105 wiedz\u0105 o podatkach&#8230;<\/p>\n","protected":false},"author":4,"featured_media":0,"comment_status":"closed","ping_status":"open","sticky":false,"template":"","format":"standard","meta":{"inline_featured_image":false},"categories":[220],"tags":[],"_links":{"self":[{"href":"http:\/\/ekonomik.opole.pl\/eko3\/wp-json\/wp\/v2\/posts\/996220"}],"collection":[{"href":"http:\/\/ekonomik.opole.pl\/eko3\/wp-json\/wp\/v2\/posts"}],"about":[{"href":"http:\/\/ekonomik.opole.pl\/eko3\/wp-json\/wp\/v2\/types\/post"}],"author":[{"embeddable":true,"href":"http:\/\/ekonomik.opole.pl\/eko3\/wp-json\/wp\/v2\/users\/4"}],"replies":[{"embeddable":true,"href":"http:\/\/ekonomik.opole.pl\/eko3\/wp-json\/wp\/v2\/comments?post=996220"}],"version-history":[{"count":4,"href":"http:\/\/ekonomik.opole.pl\/eko3\/wp-json\/wp\/v2\/posts\/996220\/revisions"}],"predecessor-version":[{"id":996224,"href":"http:\/\/ekonomik.opole.pl\/eko3\/wp-json\/wp\/v2\/posts\/996220\/revisions\/996224"}],"wp:attachment":[{"href":"http:\/\/ekonomik.opole.pl\/eko3\/wp-json\/wp\/v2\/media?parent=996220"}],"wp:term":[{"taxonomy":"category","embeddable":true,"href":"http:\/\/ekonomik.opole.pl\/eko3\/wp-json\/wp\/v2\/categories?post=996220"},{"taxonomy":"post_tag","embeddable":true,"href":"http:\/\/ekonomik.opole.pl\/eko3\/wp-json\/wp\/v2\/tags?post=996220"}],"curies":[{"name":"wp","href":"https:\/\/api.w.org\/{rel}","templated":true}]}}