{"id":996255,"date":"2023-04-18T07:57:53","date_gmt":"2023-04-18T05:57:53","guid":{"rendered":"http:\/\/ekonomik.opole.pl\/eko3\/?p=996255"},"modified":"2023-04-18T07:59:42","modified_gmt":"2023-04-18T05:59:42","slug":"xiii-ogolnopolski-final-konkursu-wiedzy-o-podatkach-laureaci-i-finalisci-z-opolskiego-ekonomika","status":"publish","type":"post","link":"http:\/\/ekonomik.opole.pl\/eko3\/xiii-ogolnopolski-final-konkursu-wiedzy-o-podatkach-laureaci-i-finalisci-z-opolskiego-ekonomika\/","title":{"rendered":"XIII Og\u00f3lnopolski Fina\u0142 Konkursu Wiedzy o Podatkach \u2013 laureaci i finali\u015bci z opolskiego Ekonomika"},"content":{"rendered":"\t\t<div data-elementor-type=\"wp-post\" data-elementor-id=\"996255\" class=\"elementor elementor-996255\" data-elementor-settings=\"[]\">\n\t\t\t\t\t\t<div class=\"elementor-inner\">\n\t\t\t\t\t\t\t<div class=\"elementor-section-wrap\">\n\t\t\t\t\t\t\t<section class=\"elementor-section elementor-top-section elementor-element elementor-element-53768f6 elementor-section-boxed elementor-section-height-default elementor-section-height-default\" data-id=\"53768f6\" data-element_type=\"section\">\n\t\t\t\t\t\t<div class=\"elementor-container elementor-column-gap-default\">\n\t\t\t\t\t\t\t<div class=\"elementor-row\">\n\t\t\t\t\t<div class=\"elementor-column elementor-col-100 elementor-top-column elementor-element elementor-element-106ec36\" data-id=\"106ec36\" data-element_type=\"column\">\n\t\t\t<div class=\"elementor-column-wrap elementor-element-populated\">\n\t\t\t\t\t\t\t<div class=\"elementor-widget-wrap\">\n\t\t\t\t\t\t<div class=\"elementor-element elementor-element-2ac11db elementor-widget elementor-widget-text-editor\" data-id=\"2ac11db\" data-element_type=\"widget\" data-widget_type=\"text-editor.default\">\n\t\t\t\t<div class=\"elementor-widget-container\">\n\t\t\t\t\t\t\t\t<div class=\"elementor-text-editor elementor-clearfix\">\n\t\t\t\t\t<p><strong><em>\u201eDo podatk\u00f3w nie wystarczy umys\u0142 matematyka, tutaj potrzebny jest filozof<\/em><\/strong><strong>\u201d. <\/strong>Zdanie to wypowiedzia\u0142 Albert Einstein i \u015bwietnie oddaje ono wymagania oraz zakres merytoryczny XIII Og\u00f3lnopolskiego Fina\u0142u Konkursu Wiedzy o Podatkach, kt\u00f3ry odby\u0142 si\u0119 14.04.2023 r. w Katowicach. W finale bra\u0142o udzia\u0142 130 uczestnik\u00f3w z ca\u0142ego kraju, z tego 10 os\u00f3b uzyska\u0142o tytu\u0142 laureata. W\u015br\u00f3d nich znale\u017ali si\u0119:<\/p><p>1) <strong>Bartosz Drobisz<\/strong> <strong>(3c)<\/strong>\u00a0 \u2013 <strong>4 miejsce w kraju<\/strong><\/p><p>2) <strong>Julia Huras<\/strong> <strong>(4b)<\/strong> \u2013 <strong>8 miejsce w kraju<\/strong>.<\/p><p>Tytu\u0142 finalisty otrzymali tak\u017ce <strong>Karolina Lasman<\/strong> oraz <strong>Emilia Pampuch<\/strong>, obie z klasy 3c.\u00a0\u00a0<\/p><p>Opiekunem merytorycznym naszej m\u0142odzie\u017cy by\u0142a Pani Ma\u0142gorzata Radziszewska.<\/p><p>\u00a0<\/p><p>Konkurs organizuje Krajowa Izba Doradc\u00f3w Podatkowych pod patronatem \u015al\u0105skiego Kuratora O\u015bwiaty oraz Ministra Finans\u00f3w. Zakres merytoryczny tego konkursu obejmuje 16 ustaw podatkowych. Konkurs co roku przyci\u0105ga wielu zdolnych uczni\u00f3w szk\u00f3\u0142 \u015brednich, jego celem jest budzenie i rozwijanie w\u015br\u00f3d uczni\u00f3w zainteresowa\u0144 problematyk\u0105 zagadnie\u0144 podatkowych, upowszechnianie zasad korzystania z prawa podatkowego oraz popularyzacja zawodu doradcy podatkowego.<br \/><br \/><\/p><p>Gratulacje dla m\u0142odych znawc\u00f3w prawa podatkowego!<\/p>\t\t\t\t\t<\/div>\n\t\t\t\t\t\t<\/div>\n\t\t\t\t<\/div>\n\t\t\t\t\t\t<\/div>\n\t\t\t\t\t<\/div>\n\t\t<\/div>\n\t\t\t\t\t\t\t\t<\/div>\n\t\t\t\t\t<\/div>\n\t\t<\/section>\n\t\t\t\t<section class=\"elementor-section elementor-top-section elementor-element elementor-element-a5660c9 elementor-section-boxed elementor-section-height-default elementor-section-height-default\" data-id=\"a5660c9\" data-element_type=\"section\">\n\t\t\t\t\t\t<div class=\"elementor-container elementor-column-gap-default\">\n\t\t\t\t\t\t\t<div class=\"elementor-row\">\n\t\t\t\t\t<div class=\"elementor-column elementor-col-100 elementor-top-column elementor-element elementor-element-b53edd8\" data-id=\"b53edd8\" data-element_type=\"column\">\n\t\t\t<div class=\"elementor-column-wrap elementor-element-populated\">\n\t\t\t\t\t\t\t<div class=\"elementor-widget-wrap\">\n\t\t\t\t\t\t<div class=\"elementor-element elementor-element-469606e elementor-widget elementor-widget-image\" data-id=\"469606e\" data-element_type=\"widget\" data-widget_type=\"image.default\">\n\t\t\t\t<div class=\"elementor-widget-container\">\n\t\t\t\t\t\t\t\t<div class=\"elementor-image\">\n\t\t\t\t\t\t\t\t\t\t\t\t<img width=\"1024\" height=\"576\" src=\"http:\/\/ekonomik.opole.pl\/eko3\/wp-content\/uploads\/2023\/04\/20230414_145933-1024x576.jpg\" class=\"attachment-large size-large\" alt=\"\" loading=\"lazy\" srcset=\"http:\/\/ekonomik.opole.pl\/eko3\/wp-content\/uploads\/2023\/04\/20230414_145933-1024x576.jpg 1024w, http:\/\/ekonomik.opole.pl\/eko3\/wp-content\/uploads\/2023\/04\/20230414_145933-300x169.jpg 300w, http:\/\/ekonomik.opole.pl\/eko3\/wp-content\/uploads\/2023\/04\/20230414_145933-768x432.jpg 768w, http:\/\/ekonomik.opole.pl\/eko3\/wp-content\/uploads\/2023\/04\/20230414_145933-1536x864.jpg 1536w, http:\/\/ekonomik.opole.pl\/eko3\/wp-content\/uploads\/2023\/04\/20230414_145933-2048x1153.jpg 2048w, http:\/\/ekonomik.opole.pl\/eko3\/wp-content\/uploads\/2023\/04\/20230414_145933-1360x765.jpg 1360w, http:\/\/ekonomik.opole.pl\/eko3\/wp-content\/uploads\/2023\/04\/20230414_145933-680x383.jpg 680w\" sizes=\"(max-width: 1024px) 100vw, 1024px\" \/>\t\t\t\t\t\t\t\t\t\t\t\t\t\t<\/div>\n\t\t\t\t\t\t<\/div>\n\t\t\t\t<\/div>\n\t\t\t\t\t\t<\/div>\n\t\t\t\t\t<\/div>\n\t\t<\/div>\n\t\t\t\t\t\t\t\t<\/div>\n\t\t\t\t\t<\/div>\n\t\t<\/section>\n\t\t\t\t\t\t<\/div>\n\t\t\t\t\t\t<\/div>\n\t\t\t\t\t<\/div>\n\t\t","protected":false},"excerpt":{"rendered":"<p>\u201eDo podatk\u00f3w nie wystarczy umys\u0142 matematyka, tutaj potrzebny jest filozof\u201d. Zdanie to wypowiedzia\u0142 Albert Einstein i \u015bwietnie oddaje ono wymagania oraz zakres merytoryczny XIII Og\u00f3lnopolskiego Fina\u0142u Konkursu Wiedzy o Podatkach, kt\u00f3ry odby\u0142 si\u0119 14.04.2023 r. w Katowicach. W finale bra\u0142o udzia\u0142 130 uczestnik\u00f3w z ca\u0142ego kraju, z tego 10 os\u00f3b uzyska\u0142o tytu\u0142 laureata. W\u015br\u00f3d nich&#8230;<\/p>\n","protected":false},"author":4,"featured_media":996257,"comment_status":"closed","ping_status":"open","sticky":false,"template":"","format":"standard","meta":{"inline_featured_image":false},"categories":[186],"tags":[],"_links":{"self":[{"href":"http:\/\/ekonomik.opole.pl\/eko3\/wp-json\/wp\/v2\/posts\/996255"}],"collection":[{"href":"http:\/\/ekonomik.opole.pl\/eko3\/wp-json\/wp\/v2\/posts"}],"about":[{"href":"http:\/\/ekonomik.opole.pl\/eko3\/wp-json\/wp\/v2\/types\/post"}],"author":[{"embeddable":true,"href":"http:\/\/ekonomik.opole.pl\/eko3\/wp-json\/wp\/v2\/users\/4"}],"replies":[{"embeddable":true,"href":"http:\/\/ekonomik.opole.pl\/eko3\/wp-json\/wp\/v2\/comments?post=996255"}],"version-history":[{"count":4,"href":"http:\/\/ekonomik.opole.pl\/eko3\/wp-json\/wp\/v2\/posts\/996255\/revisions"}],"predecessor-version":[{"id":996262,"href":"http:\/\/ekonomik.opole.pl\/eko3\/wp-json\/wp\/v2\/posts\/996255\/revisions\/996262"}],"wp:featuredmedia":[{"embeddable":true,"href":"http:\/\/ekonomik.opole.pl\/eko3\/wp-json\/wp\/v2\/media\/996257"}],"wp:attachment":[{"href":"http:\/\/ekonomik.opole.pl\/eko3\/wp-json\/wp\/v2\/media?parent=996255"}],"wp:term":[{"taxonomy":"category","embeddable":true,"href":"http:\/\/ekonomik.opole.pl\/eko3\/wp-json\/wp\/v2\/categories?post=996255"},{"taxonomy":"post_tag","embeddable":true,"href":"http:\/\/ekonomik.opole.pl\/eko3\/wp-json\/wp\/v2\/tags?post=996255"}],"curies":[{"name":"wp","href":"https:\/\/api.w.org\/{rel}","templated":true}]}}