{"id":996264,"date":"2023-04-18T10:15:24","date_gmt":"2023-04-18T08:15:24","guid":{"rendered":"http:\/\/ekonomik.opole.pl\/eko3\/?p=996264"},"modified":"2023-04-20T21:46:35","modified_gmt":"2023-04-20T19:46:35","slug":"zebranie-z-rodzicami-3","status":"publish","type":"post","link":"http:\/\/ekonomik.opole.pl\/eko3\/zebranie-z-rodzicami-3\/","title":{"rendered":"Zebranie z rodzicami"},"content":{"rendered":"\t\t<div data-elementor-type=\"wp-post\" data-elementor-id=\"996264\" class=\"elementor elementor-996264\" data-elementor-settings=\"[]\">\n\t\t\t\t\t\t<div class=\"elementor-inner\">\n\t\t\t\t\t\t\t<div class=\"elementor-section-wrap\">\n\t\t\t\t\t\t\t<section class=\"elementor-section elementor-top-section elementor-element elementor-element-c162eb3 elementor-section-boxed elementor-section-height-default elementor-section-height-default\" data-id=\"c162eb3\" data-element_type=\"section\">\n\t\t\t\t\t\t<div class=\"elementor-container elementor-column-gap-default\">\n\t\t\t\t\t\t\t<div class=\"elementor-row\">\n\t\t\t\t\t<div class=\"elementor-column elementor-col-100 elementor-top-column elementor-element elementor-element-7837304\" data-id=\"7837304\" data-element_type=\"column\">\n\t\t\t<div class=\"elementor-column-wrap elementor-element-populated\">\n\t\t\t\t\t\t\t<div class=\"elementor-widget-wrap\">\n\t\t\t\t\t\t<div class=\"elementor-element elementor-element-2bb5732 elementor-widget elementor-widget-text-editor\" data-id=\"2bb5732\" data-element_type=\"widget\" data-widget_type=\"text-editor.default\">\n\t\t\t\t<div class=\"elementor-widget-container\">\n\t\t\t\t\t\t\t\t<div class=\"elementor-text-editor elementor-clearfix\">\n\t\t\t\t\t<p>19 kwietnia br. o godz. 16.30 zapraszamy do auli (III pi\u0119tro) rodzic\u00f3w klas I-IV po szkole podstawowej na spotkanie z terapeut\u0105 uzale\u017cnie\u0144 ze Stowarzyszenia &#8222;To cz\u0142owiek&#8221;.\u00a0<\/p><p>O godz. 17.00 w wyznaczonych salach lekcyjnych odb\u0119d\u0105 si\u0119 spotkania z wychowawcami klas I-IV po szkole podstawowej.<\/p>\t\t\t\t\t<\/div>\n\t\t\t\t\t\t<\/div>\n\t\t\t\t<\/div>\n\t\t\t\t\t\t<\/div>\n\t\t\t\t\t<\/div>\n\t\t<\/div>\n\t\t\t\t\t\t\t\t<\/div>\n\t\t\t\t\t<\/div>\n\t\t<\/section>\n\t\t\t\t\t\t<\/div>\n\t\t\t\t\t\t<\/div>\n\t\t\t\t\t<\/div>\n\t\t","protected":false},"excerpt":{"rendered":"<p>19 kwietnia br. o godz. 16.30 zapraszamy do auli (III pi\u0119tro) rodzic\u00f3w klas I-IV po szkole podstawowej na spotkanie z terapeut\u0105 uzale\u017cnie\u0144 ze Stowarzyszenia &#8222;To cz\u0142owiek&#8221;.\u00a0 O godz. 17.00 w wyznaczonych salach lekcyjnych odb\u0119d\u0105 si\u0119 spotkania z wychowawcami klas I-IV po szkole podstawowej.<\/p>\n","protected":false},"author":3,"featured_media":995444,"comment_status":"closed","ping_status":"open","sticky":false,"template":"","format":"standard","meta":{"inline_featured_image":false},"categories":[1],"tags":[],"_links":{"self":[{"href":"http:\/\/ekonomik.opole.pl\/eko3\/wp-json\/wp\/v2\/posts\/996264"}],"collection":[{"href":"http:\/\/ekonomik.opole.pl\/eko3\/wp-json\/wp\/v2\/posts"}],"about":[{"href":"http:\/\/ekonomik.opole.pl\/eko3\/wp-json\/wp\/v2\/types\/post"}],"author":[{"embeddable":true,"href":"http:\/\/ekonomik.opole.pl\/eko3\/wp-json\/wp\/v2\/users\/3"}],"replies":[{"embeddable":true,"href":"http:\/\/ekonomik.opole.pl\/eko3\/wp-json\/wp\/v2\/comments?post=996264"}],"version-history":[{"count":10,"href":"http:\/\/ekonomik.opole.pl\/eko3\/wp-json\/wp\/v2\/posts\/996264\/revisions"}],"predecessor-version":[{"id":996278,"href":"http:\/\/ekonomik.opole.pl\/eko3\/wp-json\/wp\/v2\/posts\/996264\/revisions\/996278"}],"wp:featuredmedia":[{"embeddable":true,"href":"http:\/\/ekonomik.opole.pl\/eko3\/wp-json\/wp\/v2\/media\/995444"}],"wp:attachment":[{"href":"http:\/\/ekonomik.opole.pl\/eko3\/wp-json\/wp\/v2\/media?parent=996264"}],"wp:term":[{"taxonomy":"category","embeddable":true,"href":"http:\/\/ekonomik.opole.pl\/eko3\/wp-json\/wp\/v2\/categories?post=996264"},{"taxonomy":"post_tag","embeddable":true,"href":"http:\/\/ekonomik.opole.pl\/eko3\/wp-json\/wp\/v2\/tags?post=996264"}],"curies":[{"name":"wp","href":"https:\/\/api.w.org\/{rel}","templated":true}]}}