{"id":996279,"date":"2023-04-20T21:47:51","date_gmt":"2023-04-20T19:47:51","guid":{"rendered":"http:\/\/ekonomik.opole.pl\/eko3\/?p=996279"},"modified":"2023-04-20T21:51:02","modified_gmt":"2023-04-20T19:51:02","slug":"podsumowanie-dnia-dawcy-szpiku","status":"publish","type":"post","link":"http:\/\/ekonomik.opole.pl\/eko3\/podsumowanie-dnia-dawcy-szpiku\/","title":{"rendered":"Podsumowanie Dnia Dawcy Szpiku"},"content":{"rendered":"\t\t<div data-elementor-type=\"wp-post\" data-elementor-id=\"996279\" class=\"elementor elementor-996279\" data-elementor-settings=\"[]\">\n\t\t\t\t\t\t<div class=\"elementor-inner\">\n\t\t\t\t\t\t\t<div class=\"elementor-section-wrap\">\n\t\t\t\t\t\t\t<section class=\"elementor-section elementor-top-section elementor-element elementor-element-750ae695 elementor-section-full_width elementor-section-height-default elementor-section-height-default\" data-id=\"750ae695\" data-element_type=\"section\">\n\t\t\t\t\t\t<div class=\"elementor-container elementor-column-gap-default\">\n\t\t\t\t\t\t\t<div class=\"elementor-row\">\n\t\t\t\t\t<div class=\"elementor-column elementor-col-100 elementor-top-column elementor-element elementor-element-53283ae5\" data-id=\"53283ae5\" data-element_type=\"column\">\n\t\t\t<div class=\"elementor-column-wrap elementor-element-populated\">\n\t\t\t\t\t\t\t<div class=\"elementor-widget-wrap\">\n\t\t\t\t\t\t<div class=\"elementor-element elementor-element-11167746 elementor-drop-cap-yes elementor-drop-cap-view-default elementor-widget elementor-widget-text-editor\" data-id=\"11167746\" data-element_type=\"widget\" data-settings=\"{&quot;drop_cap&quot;:&quot;yes&quot;}\" data-widget_type=\"text-editor.default\">\n\t\t\t\t<div class=\"elementor-widget-container\">\n\t\t\t\t\t\t\t\t<div class=\"elementor-text-editor elementor-clearfix\">\n\t\t\t\t\t<div class=\"x11i5rnm xat24cr x1mh8g0r x1vvkbs xtlvy1s x126k92a\"><div dir=\"auto\">Ostatnia \u015broda by\u0142a wyj\u0105tkowa w naszej szkole, poniewa\u017c a\u017c <strong>34 osoby zdecydowa\u0142y si\u0119 zosta\u0107 potencjalnymi dawcami szpiku.<\/strong> Gratulujemy \u015bwiadomej decyzji. By\u0107 mo\u017ce darujecie komu\u015b najpi\u0119kniejszy prezent: nadziej\u0119 &#8211; \u017cycie.\u00a0<span style=\"letter-spacing: 0.2px;\">W imieniu fundacji <\/span><a class=\"x1i10hfl xjbqb8w x6umtig x1b1mbwd xaqea5y xav7gou x9f619 x1ypdohk xt0psk2 xe8uvvx xdj266r x11i5rnm xat24cr x1mh8g0r xexx8yu x4uap5 x18d9i69 xkhd6sd x16tdsg8 x1hl2dhg xggy1nq x1a2a7pz xt0b8zv x1qq9wsj xo1l8bm\" style=\"font-family: inherit; font-size: inherit; font-style: inherit; font-variant-ligatures: inherit; font-variant-caps: inherit; font-weight: inherit; letter-spacing: 0.2px;\" tabindex=\"0\" role=\"link\" href=\"https:\/\/www.facebook.com\/hashtag\/dkms?__eep__=6&amp;__cft__[0]=AZWAcZYiyUhq26gRhaY_Xj9nxai_xeSbFkl4i5fhyahg07JYl2GYZFIB47aO3q6cIQnh4pHViVnj8J6EeCrTZE5Ii2Gps7l_9wkfAwrTodWAZCnIIUB4EpPaTrL254DhD-ASSTgXc-Pl4sC8o02X23Megf-3gJqiTs0ZSTVkud1nXeBsod5U3NpMX8v1_fdiw_w&amp;__tn__=*NK-R\">#DKMS<\/a><span style=\"letter-spacing: 0.2px;\"> oraz os\u00f3b potrzebuj\u0105cych serdecznie Wam dzi\u0119kujemy!<\/span><\/div><\/div><div class=\"x11i5rnm xat24cr x1mh8g0r x1vvkbs xtlvy1s x126k92a\"><div dir=\"auto\">\u00a0<\/div><\/div><div class=\"x11i5rnm xat24cr x1mh8g0r x1vvkbs xtlvy1s x126k92a\"><div dir=\"auto\">Specjalne podzi\u0119kowania:<\/div><div dir=\"auto\">&#8211; dla Micha\u0142a K\u0119dzia z SU, kt\u00f3ry aktywnie zapewnia\u0142 \u0142\u0105czno\u015b\u0107 mi\u0119dzy wolontariuszami, a akcj\u0105 promocyjn\u0105,<\/div><div dir=\"auto\">&#8211; dla szkolnych wolontariuszy DKMS, kt\u00f3rzy po\u015bwi\u0119cili sw\u00f3j czas na szkolenia oraz czynn\u0105 \u201es\u0142u\u017cb\u0119&#8221; w dniu rejestracji (a\u017c do godziny 19.00). W sk\u0142adzie \u201enaszej dru\u017cyny\u201d byli:<\/div><div dir=\"auto\">2A: Emilia Nalepa, Pawe\u0142 Janota, Jessica Bernert, Marta Zajkowska, Dominika Szpitalak<\/div><div dir=\"auto\">2C: Kacper Marciniak, Damian W\u00f3jciak, Ania Wo\u017cniak, Weronika Beck<\/div><div dir=\"auto\">2D: Karolina Piekorz, Michaela Kochanek, Laura Mazur, Maja Gawrecka, Sofia Vulchak, Magdalena Gabriel, Kacper Wojtasik<\/div><div dir=\"auto\">2E: Jagoda \u0141ukasik, Paulina Pers<\/div><div dir=\"auto\">4C: Amelia Dawid, Oliwia Baron<\/div><\/div>\t\t\t\t\t<\/div>\n\t\t\t\t\t\t<\/div>\n\t\t\t\t<\/div>\n\t\t\t\t<div class=\"elementor-element elementor-element-1ba3cde1 elementor-widget-divider--separator-type-pattern elementor-widget-divider--no-spacing elementor-widget-divider--view-line elementor-widget elementor-widget-divider\" data-id=\"1ba3cde1\" data-element_type=\"widget\" data-widget_type=\"divider.default\">\n\t\t\t\t<div class=\"elementor-widget-container\">\n\t\t\t\t\t<div class=\"elementor-divider\" style=\"--divider-pattern-url: url(&quot;data:image\/svg+xml,%3Csvg xmlns=&#039;http:\/\/www.w3.org\/2000\/svg&#039; preserveAspectRatio=&#039;xMidYMid meet&#039; overflow=&#039;visible&#039; height=&#039;100%&#039; viewBox=&#039;0 0 126 26&#039; fill=&#039;black&#039; stroke=&#039;none&#039;%3E%3Cpath d=&#039;M3,10.2c2.6,0,2.6,2,2.6,3.2S4.4,16.5,3,16.5s-3-1.4-3-3.2S0.4,10.2,3,10.2z M18.8,10.2c1.7,0,3.2,1.4,3.2,3.2s-1.4,3.2-3.2,3.2c-1.7,0-3.2-1.4-3.2-3.2S17,10.2,18.8,10.2z M34.6,10.2c1.5,0,2.6,1.4,2.6,3.2s-0.5,3.2-1.9,3.2c-1.5,0-3.4-1.4-3.4-3.2S33.1,10.2,34.6,10.2z M50.5,10.2c1.7,0,3.2,1.4,3.2,3.2s-1.4,3.2-3.2,3.2c-1.7,0-3.3-0.9-3.3-2.6S48.7,10.2,50.5,10.2z M66.2,10.2c1.5,0,3.4,1.4,3.4,3.2s-1.9,3.2-3.4,3.2c-1.5,0-2.6-0.4-2.6-2.1S64.8,10.2,66.2,10.2z M82.2,10.2c1.7,0.8,2.6,1.4,2.6,3.2s-0.1,3.2-1.6,3.2c-1.5,0-3.7-1.4-3.7-3.2S80.5,9.4,82.2,10.2zM98.6,10.2c1.5,0,2.6,0.4,2.6,2.1s-1.2,4.2-2.6,4.2c-1.5,0-3.7-0.4-3.7-2.1S97.1,10.2,98.6,10.2z M113.4,10.2c1.2,0,2.2,0.9,2.2,3.2s-0.1,3.2-1.3,3.2s-3.1-1.4-3.1-3.2S112.2,10.2,113.4,10.2z&#039;\/%3E%3C\/svg%3E&quot;);\">\n\t\t\t<span class=\"elementor-divider-separator\">\n\t\t\t\t\t\t<\/span>\n\t\t<\/div>\n\t\t\t\t<\/div>\n\t\t\t\t<\/div>\n\t\t\t\t<div class=\"elementor-element elementor-element-13c20b34 elementor-widget-divider--view-line elementor-widget elementor-widget-divider\" data-id=\"13c20b34\" data-element_type=\"widget\" data-widget_type=\"divider.default\">\n\t\t\t\t<div class=\"elementor-widget-container\">\n\t\t\t\t\t<div class=\"elementor-divider\">\n\t\t\t<span class=\"elementor-divider-separator\">\n\t\t\t\t\t\t<\/span>\n\t\t<\/div>\n\t\t\t\t<\/div>\n\t\t\t\t<\/div>\n\t\t\t\t<div class=\"elementor-element elementor-element-536fabdd elementor-widget elementor-widget-heading\" data-id=\"536fabdd\" data-element_type=\"widget\" data-widget_type=\"heading.default\">\n\t\t\t\t<div class=\"elementor-widget-container\">\n\t\t\t<h3 class=\"elementor-heading-title elementor-size-default\">Pomo\u017cesz? Bo mo\u017cesz! Masz to w genach!<\/h3>\t\t<\/div>\n\t\t\t\t<\/div>\n\t\t\t\t<div class=\"elementor-element elementor-element-4ce32de6 elementor-widget elementor-widget-text-editor\" data-id=\"4ce32de6\" data-element_type=\"widget\" data-widget_type=\"text-editor.default\">\n\t\t\t\t<div class=\"elementor-widget-container\">\n\t\t\t\t\t\t\t\t<div class=\"elementor-text-editor elementor-clearfix\">\n\t\t\t\t\t<div class=\"x11i5rnm xat24cr x1mh8g0r x1vvkbs xtlvy1s x126k92a\"><div dir=\"auto\">&#8222;Przygotowuj\u0105c kampani\u0119 promocyjn\u0105, zapyta\u0142am Pana Piotra W\u00f3jcika &#8211; czy pomo\u017ce i oczywi\u015bcie nie odm\u00f3wi\u0142. We wsp\u00f3\u0142pracy z klas\u0105 4C przez dwa tygodnie aktywnie przygotowywali materia\u0142y, kt\u00f3re sukcesywnie pojawia\u0142y si\u0119 w naszych szkolnych social mediach. Szczeg\u00f3lne podzi\u0119kowania dla Amelii Dawid, Oliwii Baron, Justyny Schwierz i Anety Borosz.<\/div><\/div><div class=\"x11i5rnm xat24cr x1mh8g0r x1vvkbs xtlvy1s x126k92a\"><div dir=\"auto\">Warto by\u0142o, bo przekonali\u015bmy nieprzekonanych. \u00a0Pomo\u017cesz? Bo mo\u017cesz! Masz to w genach!&#8221;<\/div><\/div><div class=\"x11i5rnm xat24cr x1mh8g0r x1vvkbs xtlvy1s x126k92a\"><div dir=\"auto\"><strong>Szkolny koordynator DKMS &#8211; Pani Monika Wo\u0142oszyn-Czaban<\/strong><\/div><\/div>\t\t\t\t\t<\/div>\n\t\t\t\t\t\t<\/div>\n\t\t\t\t<\/div>\n\t\t\t\t\t\t<\/div>\n\t\t\t\t\t<\/div>\n\t\t<\/div>\n\t\t\t\t\t\t\t\t<\/div>\n\t\t\t\t\t<\/div>\n\t\t<\/section>\n\t\t\t\t\t\t<\/div>\n\t\t\t\t\t\t<\/div>\n\t\t\t\t\t<\/div>\n\t\t","protected":false},"excerpt":{"rendered":"<p>Ostatnia \u015broda by\u0142a wyj\u0105tkowa w naszej szkole, poniewa\u017c a\u017c 34 osoby zdecydowa\u0142y si\u0119 zosta\u0107 potencjalnymi dawcami szpiku. Gratulujemy \u015bwiadomej decyzji. By\u0107 mo\u017ce darujecie komu\u015b najpi\u0119kniejszy prezent: nadziej\u0119 &#8211; \u017cycie.\u00a0W imieniu fundacji #DKMS oraz os\u00f3b potrzebuj\u0105cych serdecznie Wam dzi\u0119kujemy!\u00a0Specjalne podzi\u0119kowania:- dla Micha\u0142a K\u0119dzia z SU, kt\u00f3ry aktywnie zapewnia\u0142 \u0142\u0105czno\u015b\u0107 mi\u0119dzy wolontariuszami, a akcj\u0105 promocyjn\u0105,- dla szkolnych&#8230;<\/p>\n","protected":false},"author":5,"featured_media":996281,"comment_status":"closed","ping_status":"open","sticky":false,"template":"","format":"standard","meta":{"inline_featured_image":false},"categories":[208],"tags":[294,127],"_links":{"self":[{"href":"http:\/\/ekonomik.opole.pl\/eko3\/wp-json\/wp\/v2\/posts\/996279"}],"collection":[{"href":"http:\/\/ekonomik.opole.pl\/eko3\/wp-json\/wp\/v2\/posts"}],"about":[{"href":"http:\/\/ekonomik.opole.pl\/eko3\/wp-json\/wp\/v2\/types\/post"}],"author":[{"embeddable":true,"href":"http:\/\/ekonomik.opole.pl\/eko3\/wp-json\/wp\/v2\/users\/5"}],"replies":[{"embeddable":true,"href":"http:\/\/ekonomik.opole.pl\/eko3\/wp-json\/wp\/v2\/comments?post=996279"}],"version-history":[{"count":4,"href":"http:\/\/ekonomik.opole.pl\/eko3\/wp-json\/wp\/v2\/posts\/996279\/revisions"}],"predecessor-version":[{"id":996284,"href":"http:\/\/ekonomik.opole.pl\/eko3\/wp-json\/wp\/v2\/posts\/996279\/revisions\/996284"}],"wp:featuredmedia":[{"embeddable":true,"href":"http:\/\/ekonomik.opole.pl\/eko3\/wp-json\/wp\/v2\/media\/996281"}],"wp:attachment":[{"href":"http:\/\/ekonomik.opole.pl\/eko3\/wp-json\/wp\/v2\/media?parent=996279"}],"wp:term":[{"taxonomy":"category","embeddable":true,"href":"http:\/\/ekonomik.opole.pl\/eko3\/wp-json\/wp\/v2\/categories?post=996279"},{"taxonomy":"post_tag","embeddable":true,"href":"http:\/\/ekonomik.opole.pl\/eko3\/wp-json\/wp\/v2\/tags?post=996279"}],"curies":[{"name":"wp","href":"https:\/\/api.w.org\/{rel}","templated":true}]}}