{"id":996327,"date":"2023-05-04T21:45:24","date_gmt":"2023-05-04T19:45:24","guid":{"rendered":"http:\/\/ekonomik.opole.pl\/eko3\/?p=996327"},"modified":"2023-05-04T21:47:10","modified_gmt":"2023-05-04T19:47:10","slug":"magia-i-czary-na-zakonczenie-ekonomika","status":"publish","type":"post","link":"http:\/\/ekonomik.opole.pl\/eko3\/magia-i-czary-na-zakonczenie-ekonomika\/","title":{"rendered":"Magia i czary na zako\u0144czenie Ekonomika!"},"content":{"rendered":"\t\t<div data-elementor-type=\"wp-post\" data-elementor-id=\"996327\" class=\"elementor elementor-996327\" data-elementor-settings=\"[]\">\n\t\t\t\t\t\t<div class=\"elementor-inner\">\n\t\t\t\t\t\t\t<div class=\"elementor-section-wrap\">\n\t\t\t\t\t\t\t<section class=\"elementor-section elementor-top-section elementor-element elementor-element-4696bf08 elementor-section-full_width elementor-section-height-default elementor-section-height-default\" data-id=\"4696bf08\" data-element_type=\"section\">\n\t\t\t\t\t\t<div class=\"elementor-container elementor-column-gap-default\">\n\t\t\t\t\t\t\t<div class=\"elementor-row\">\n\t\t\t\t\t<div class=\"elementor-column elementor-col-100 elementor-top-column elementor-element elementor-element-6e1c1d22\" data-id=\"6e1c1d22\" data-element_type=\"column\">\n\t\t\t<div class=\"elementor-column-wrap elementor-element-populated\">\n\t\t\t\t\t\t\t<div class=\"elementor-widget-wrap\">\n\t\t\t\t\t\t<div class=\"elementor-element elementor-element-49cad4c5 elementor-drop-cap-yes elementor-drop-cap-view-default elementor-widget elementor-widget-text-editor\" data-id=\"49cad4c5\" data-element_type=\"widget\" data-settings=\"{&quot;drop_cap&quot;:&quot;yes&quot;}\" data-widget_type=\"text-editor.default\">\n\t\t\t\t<div class=\"elementor-widget-container\">\n\t\t\t\t\t\t\t\t<div class=\"elementor-text-editor elementor-clearfix\">\n\t\t\t\t\t<div dir=\"auto\">W niekonwencjonalny spos\u00f3b po\u017cegnali\u015bmy cztery tegoroczne klasy maturalne: 4E (w zawodach: technik fotografii i multimedi\u00f3w oraz technik grafiki i poligrafii cyfrowej), 4F (technik ekonomista i technik rachunkowo\u015bci), 4G (technik reklamy) oraz 4H (technik logistyk). Uroczysto\u015b\u0107 zako\u0144czenia edukacji w szkole \u015bredniej zosta\u0142a zorganizowana wok\u00f3\u0142 serii film\u00f3w o Harrym Potterze, a poszczeg\u00f3lne punkty programowe wype\u0142nione by\u0142y &#8211; zgodnie z klimatem powie\u015bci i jej ekranizacji &#8211; magi\u0105 (m.in. wirtuozerskim popisem na monocyklu oraz fenomenalnym wyst\u0119pem naszej ma\u017coretkowej mistrzyni Europy i \u015awiata \u2013 <strong>Darii Skiby<\/strong>) i iluzjonistycznymi akcentami (m.in. wyst\u0119pem mistrza iluzjonistycznych sztuczek \u2013 <strong>Aleksandra Krajewskiego<\/strong>). Nie zabrak\u0142o r\u00f3wnie\u017c zaczarowanych klimat\u00f3w muzycznych &#8211; jazzuj\u0105cego motywu przewodniego kultowej produkcji Warner Bros czy oryginalnego wykonania &#8222;Dziewczyny szamana&#8221; z repertuaru Justyny Steczkowskiej.<\/div><div dir=\"auto\">\u00a0<\/div>\t\t\t\t\t<\/div>\n\t\t\t\t\t\t<\/div>\n\t\t\t\t<\/div>\n\t\t\t\t<div class=\"elementor-element elementor-element-149d21b6 elementor-widget-divider--separator-type-pattern elementor-widget-divider--no-spacing elementor-widget-divider--view-line elementor-widget elementor-widget-divider\" data-id=\"149d21b6\" data-element_type=\"widget\" data-widget_type=\"divider.default\">\n\t\t\t\t<div class=\"elementor-widget-container\">\n\t\t\t\t\t<div class=\"elementor-divider\" style=\"--divider-pattern-url: url(&quot;data:image\/svg+xml,%3Csvg xmlns=&#039;http:\/\/www.w3.org\/2000\/svg&#039; preserveAspectRatio=&#039;xMidYMid meet&#039; overflow=&#039;visible&#039; height=&#039;100%&#039; viewBox=&#039;0 0 126 26&#039; fill=&#039;black&#039; stroke=&#039;none&#039;%3E%3Cpath d=&#039;M3,10.2c2.6,0,2.6,2,2.6,3.2S4.4,16.5,3,16.5s-3-1.4-3-3.2S0.4,10.2,3,10.2z M18.8,10.2c1.7,0,3.2,1.4,3.2,3.2s-1.4,3.2-3.2,3.2c-1.7,0-3.2-1.4-3.2-3.2S17,10.2,18.8,10.2z M34.6,10.2c1.5,0,2.6,1.4,2.6,3.2s-0.5,3.2-1.9,3.2c-1.5,0-3.4-1.4-3.4-3.2S33.1,10.2,34.6,10.2z M50.5,10.2c1.7,0,3.2,1.4,3.2,3.2s-1.4,3.2-3.2,3.2c-1.7,0-3.3-0.9-3.3-2.6S48.7,10.2,50.5,10.2z M66.2,10.2c1.5,0,3.4,1.4,3.4,3.2s-1.9,3.2-3.4,3.2c-1.5,0-2.6-0.4-2.6-2.1S64.8,10.2,66.2,10.2z M82.2,10.2c1.7,0.8,2.6,1.4,2.6,3.2s-0.1,3.2-1.6,3.2c-1.5,0-3.7-1.4-3.7-3.2S80.5,9.4,82.2,10.2zM98.6,10.2c1.5,0,2.6,0.4,2.6,2.1s-1.2,4.2-2.6,4.2c-1.5,0-3.7-0.4-3.7-2.1S97.1,10.2,98.6,10.2z M113.4,10.2c1.2,0,2.2,0.9,2.2,3.2s-0.1,3.2-1.3,3.2s-3.1-1.4-3.1-3.2S112.2,10.2,113.4,10.2z&#039;\/%3E%3C\/svg%3E&quot;);\">\n\t\t\t<span class=\"elementor-divider-separator\">\n\t\t\t\t\t\t<\/span>\n\t\t<\/div>\n\t\t\t\t<\/div>\n\t\t\t\t<\/div>\n\t\t\t\t<div class=\"elementor-element elementor-element-224662b7 elementor-widget-divider--view-line elementor-widget elementor-widget-divider\" data-id=\"224662b7\" data-element_type=\"widget\" data-widget_type=\"divider.default\">\n\t\t\t\t<div class=\"elementor-widget-container\">\n\t\t\t\t\t<div class=\"elementor-divider\">\n\t\t\t<span class=\"elementor-divider-separator\">\n\t\t\t\t\t\t<\/span>\n\t\t<\/div>\n\t\t\t\t<\/div>\n\t\t\t\t<\/div>\n\t\t\t\t<div class=\"elementor-element elementor-element-696bb02b elementor-widget elementor-widget-heading\" data-id=\"696bb02b\" data-element_type=\"widget\" data-widget_type=\"heading.default\">\n\t\t\t\t<div class=\"elementor-widget-container\">\n\t\t\t<h3 class=\"elementor-heading-title elementor-size-default\">FORTUNA MAJOR<\/h3>\t\t<\/div>\n\t\t\t\t<\/div>\n\t\t\t\t<div class=\"elementor-element elementor-element-ad62606 elementor-widget elementor-widget-text-editor\" data-id=\"ad62606\" data-element_type=\"widget\" data-widget_type=\"text-editor.default\">\n\t\t\t\t<div class=\"elementor-widget-container\">\n\t\t\t\t\t\t\t\t<div class=\"elementor-text-editor elementor-clearfix\">\n\t\t\t\t\t<p>Has\u0142em przewodnim pi\u0105tkowego spotkania by\u0142o &#8222;Fortuna major&#8221;, kt\u00f3re oznacza &#8222;powodzenia&#8221;. Tego \u017cyczymy naszym absolwentom zar\u00f3wno na nadchodz\u0105cym egzaminie dojrza\u0142o\u015bci jak i w &#8222;\u017cyciu po Ekonomiku&#8221;.<\/p>\t\t\t\t\t<\/div>\n\t\t\t\t\t\t<\/div>\n\t\t\t\t<\/div>\n\t\t\t\t\t\t<\/div>\n\t\t\t\t\t<\/div>\n\t\t<\/div>\n\t\t\t\t\t\t\t\t<\/div>\n\t\t\t\t\t<\/div>\n\t\t<\/section>\n\t\t\t\t<section class=\"elementor-section elementor-top-section elementor-element elementor-element-c4a1016 elementor-section-boxed elementor-section-height-default elementor-section-height-default\" data-id=\"c4a1016\" data-element_type=\"section\">\n\t\t\t\t\t\t<div class=\"elementor-container elementor-column-gap-default\">\n\t\t\t\t\t\t\t<div class=\"elementor-row\">\n\t\t\t\t\t<div class=\"elementor-column elementor-col-25 elementor-top-column elementor-element elementor-element-f940dff\" data-id=\"f940dff\" data-element_type=\"column\">\n\t\t\t<div class=\"elementor-column-wrap elementor-element-populated\">\n\t\t\t\t\t\t\t<div class=\"elementor-widget-wrap\">\n\t\t\t\t\t\t<div class=\"elementor-element elementor-element-9d64550 elementor-widget elementor-widget-image\" data-id=\"9d64550\" data-element_type=\"widget\" data-widget_type=\"image.default\">\n\t\t\t\t<div class=\"elementor-widget-container\">\n\t\t\t\t\t\t\t\t<div class=\"elementor-image\">\n\t\t\t\t\t\t\t\t\t<figure class=\"wp-caption\">\n\t\t\t\t\t\t\t\t\t\t\t<a href=\"http:\/\/ekonomik.opole.pl\/eko3\/wp-content\/uploads\/2023\/05\/TMF1116-scaled.jpg\" data-elementor-open-lightbox=\"yes\" data-elementor-lightbox-title=\"Zako\u0144czenie roku 2023\">\n\t\t\t\t\t\t\t<img width=\"1024\" height=\"683\" src=\"http:\/\/ekonomik.opole.pl\/eko3\/wp-content\/uploads\/2023\/05\/TMF1116-1024x683.jpg\" class=\"attachment-large size-large\" alt=\"\" loading=\"lazy\" srcset=\"http:\/\/ekonomik.opole.pl\/eko3\/wp-content\/uploads\/2023\/05\/TMF1116-1024x683.jpg 1024w, http:\/\/ekonomik.opole.pl\/eko3\/wp-content\/uploads\/2023\/05\/TMF1116-300x200.jpg 300w, http:\/\/ekonomik.opole.pl\/eko3\/wp-content\/uploads\/2023\/05\/TMF1116-768x513.jpg 768w, http:\/\/ekonomik.opole.pl\/eko3\/wp-content\/uploads\/2023\/05\/TMF1116-1536x1025.jpg 1536w, http:\/\/ekonomik.opole.pl\/eko3\/wp-content\/uploads\/2023\/05\/TMF1116-2048x1367.jpg 2048w, http:\/\/ekonomik.opole.pl\/eko3\/wp-content\/uploads\/2023\/05\/TMF1116-1360x908.jpg 1360w, http:\/\/ekonomik.opole.pl\/eko3\/wp-content\/uploads\/2023\/05\/TMF1116-680x454.jpg 680w\" sizes=\"(max-width: 1024px) 100vw, 1024px\" \/>\t\t\t\t\t\t\t\t<\/a>\n\t\t\t\t\t\t\t\t\t\t\t<figcaption class=\"widget-image-caption wp-caption-text\">Fot. Tomasz Mazurowski<\/figcaption>\n\t\t\t\t\t\t\t\t\t\t<\/figure>\n\t\t\t\t\t\t\t\t<\/div>\n\t\t\t\t\t\t<\/div>\n\t\t\t\t<\/div>\n\t\t\t\t\t\t<\/div>\n\t\t\t\t\t<\/div>\n\t\t<\/div>\n\t\t\t\t<div class=\"elementor-column elementor-col-25 elementor-top-column elementor-element elementor-element-57ef16d\" data-id=\"57ef16d\" data-element_type=\"column\">\n\t\t\t<div class=\"elementor-column-wrap elementor-element-populated\">\n\t\t\t\t\t\t\t<div class=\"elementor-widget-wrap\">\n\t\t\t\t\t\t<div class=\"elementor-element elementor-element-230fe6d elementor-widget elementor-widget-image\" data-id=\"230fe6d\" data-element_type=\"widget\" data-widget_type=\"image.default\">\n\t\t\t\t<div class=\"elementor-widget-container\">\n\t\t\t\t\t\t\t\t<div class=\"elementor-image\">\n\t\t\t\t\t\t\t\t\t<figure class=\"wp-caption\">\n\t\t\t\t\t\t\t\t\t\t\t<a href=\"http:\/\/ekonomik.opole.pl\/eko3\/wp-content\/uploads\/2023\/05\/TMF1068-scaled.jpg\" data-elementor-open-lightbox=\"yes\" data-elementor-lightbox-title=\"Zako\u0144czenie roku 2023\">\n\t\t\t\t\t\t\t<img width=\"1024\" height=\"683\" src=\"http:\/\/ekonomik.opole.pl\/eko3\/wp-content\/uploads\/2023\/05\/TMF1068-1024x683.jpg\" class=\"attachment-large size-large\" alt=\"\" loading=\"lazy\" srcset=\"http:\/\/ekonomik.opole.pl\/eko3\/wp-content\/uploads\/2023\/05\/TMF1068-1024x683.jpg 1024w, http:\/\/ekonomik.opole.pl\/eko3\/wp-content\/uploads\/2023\/05\/TMF1068-300x200.jpg 300w, http:\/\/ekonomik.opole.pl\/eko3\/wp-content\/uploads\/2023\/05\/TMF1068-768x513.jpg 768w, http:\/\/ekonomik.opole.pl\/eko3\/wp-content\/uploads\/2023\/05\/TMF1068-1536x1025.jpg 1536w, http:\/\/ekonomik.opole.pl\/eko3\/wp-content\/uploads\/2023\/05\/TMF1068-2048x1367.jpg 2048w, http:\/\/ekonomik.opole.pl\/eko3\/wp-content\/uploads\/2023\/05\/TMF1068-1360x908.jpg 1360w, http:\/\/ekonomik.opole.pl\/eko3\/wp-content\/uploads\/2023\/05\/TMF1068-680x454.jpg 680w\" sizes=\"(max-width: 1024px) 100vw, 1024px\" \/>\t\t\t\t\t\t\t\t<\/a>\n\t\t\t\t\t\t\t\t\t\t\t<figcaption class=\"widget-image-caption wp-caption-text\">Fot. Tomasz Mazurowski<\/figcaption>\n\t\t\t\t\t\t\t\t\t\t<\/figure>\n\t\t\t\t\t\t\t\t<\/div>\n\t\t\t\t\t\t<\/div>\n\t\t\t\t<\/div>\n\t\t\t\t\t\t<\/div>\n\t\t\t\t\t<\/div>\n\t\t<\/div>\n\t\t\t\t<div class=\"elementor-column elementor-col-25 elementor-top-column elementor-element elementor-element-289c4f0\" data-id=\"289c4f0\" data-element_type=\"column\">\n\t\t\t<div class=\"elementor-column-wrap elementor-element-populated\">\n\t\t\t\t\t\t\t<div class=\"elementor-widget-wrap\">\n\t\t\t\t\t\t<div class=\"elementor-element elementor-element-39638ec elementor-widget elementor-widget-image\" data-id=\"39638ec\" data-element_type=\"widget\" data-widget_type=\"image.default\">\n\t\t\t\t<div class=\"elementor-widget-container\">\n\t\t\t\t\t\t\t\t<div class=\"elementor-image\">\n\t\t\t\t\t\t\t\t\t<figure class=\"wp-caption\">\n\t\t\t\t\t\t\t\t\t\t\t<a href=\"http:\/\/ekonomik.opole.pl\/eko3\/wp-content\/uploads\/2023\/05\/TMF1406-scaled.jpg\" data-elementor-open-lightbox=\"yes\" data-elementor-lightbox-title=\"Zako\u0144czenie roku 2023\">\n\t\t\t\t\t\t\t<img width=\"1024\" height=\"683\" src=\"http:\/\/ekonomik.opole.pl\/eko3\/wp-content\/uploads\/2023\/05\/TMF1406-1024x683.jpg\" class=\"attachment-large size-large\" alt=\"\" loading=\"lazy\" srcset=\"http:\/\/ekonomik.opole.pl\/eko3\/wp-content\/uploads\/2023\/05\/TMF1406-1024x683.jpg 1024w, http:\/\/ekonomik.opole.pl\/eko3\/wp-content\/uploads\/2023\/05\/TMF1406-300x200.jpg 300w, http:\/\/ekonomik.opole.pl\/eko3\/wp-content\/uploads\/2023\/05\/TMF1406-768x513.jpg 768w, http:\/\/ekonomik.opole.pl\/eko3\/wp-content\/uploads\/2023\/05\/TMF1406-1536x1025.jpg 1536w, http:\/\/ekonomik.opole.pl\/eko3\/wp-content\/uploads\/2023\/05\/TMF1406-2048x1367.jpg 2048w, http:\/\/ekonomik.opole.pl\/eko3\/wp-content\/uploads\/2023\/05\/TMF1406-1360x908.jpg 1360w, http:\/\/ekonomik.opole.pl\/eko3\/wp-content\/uploads\/2023\/05\/TMF1406-680x454.jpg 680w\" sizes=\"(max-width: 1024px) 100vw, 1024px\" \/>\t\t\t\t\t\t\t\t<\/a>\n\t\t\t\t\t\t\t\t\t\t\t<figcaption class=\"widget-image-caption wp-caption-text\">Fot. Tomasz Mazurowski<\/figcaption>\n\t\t\t\t\t\t\t\t\t\t<\/figure>\n\t\t\t\t\t\t\t\t<\/div>\n\t\t\t\t\t\t<\/div>\n\t\t\t\t<\/div>\n\t\t\t\t\t\t<\/div>\n\t\t\t\t\t<\/div>\n\t\t<\/div>\n\t\t\t\t<div class=\"elementor-column elementor-col-25 elementor-top-column elementor-element elementor-element-359b329\" data-id=\"359b329\" data-element_type=\"column\">\n\t\t\t<div class=\"elementor-column-wrap elementor-element-populated\">\n\t\t\t\t\t\t\t<div class=\"elementor-widget-wrap\">\n\t\t\t\t\t\t<div class=\"elementor-element elementor-element-714f608 elementor-widget elementor-widget-image\" data-id=\"714f608\" data-element_type=\"widget\" data-widget_type=\"image.default\">\n\t\t\t\t<div class=\"elementor-widget-container\">\n\t\t\t\t\t\t\t\t<div class=\"elementor-image\">\n\t\t\t\t\t\t\t\t\t<figure class=\"wp-caption\">\n\t\t\t\t\t\t\t\t\t\t\t<a href=\"http:\/\/ekonomik.opole.pl\/eko3\/wp-content\/uploads\/2023\/05\/TMF1004-scaled.jpg\" data-elementor-open-lightbox=\"yes\" data-elementor-lightbox-title=\"Zako\u0144czenie roku 2023\">\n\t\t\t\t\t\t\t<img width=\"1024\" height=\"683\" src=\"http:\/\/ekonomik.opole.pl\/eko3\/wp-content\/uploads\/2023\/05\/TMF1004-1024x683.jpg\" class=\"attachment-large size-large\" alt=\"\" loading=\"lazy\" srcset=\"http:\/\/ekonomik.opole.pl\/eko3\/wp-content\/uploads\/2023\/05\/TMF1004-1024x683.jpg 1024w, http:\/\/ekonomik.opole.pl\/eko3\/wp-content\/uploads\/2023\/05\/TMF1004-300x200.jpg 300w, http:\/\/ekonomik.opole.pl\/eko3\/wp-content\/uploads\/2023\/05\/TMF1004-768x513.jpg 768w, http:\/\/ekonomik.opole.pl\/eko3\/wp-content\/uploads\/2023\/05\/TMF1004-1536x1025.jpg 1536w, http:\/\/ekonomik.opole.pl\/eko3\/wp-content\/uploads\/2023\/05\/TMF1004-2048x1367.jpg 2048w, http:\/\/ekonomik.opole.pl\/eko3\/wp-content\/uploads\/2023\/05\/TMF1004-1360x908.jpg 1360w, http:\/\/ekonomik.opole.pl\/eko3\/wp-content\/uploads\/2023\/05\/TMF1004-680x454.jpg 680w\" sizes=\"(max-width: 1024px) 100vw, 1024px\" \/>\t\t\t\t\t\t\t\t<\/a>\n\t\t\t\t\t\t\t\t\t\t\t<figcaption class=\"widget-image-caption wp-caption-text\">Fot. Tomasz Mazurowski<\/figcaption>\n\t\t\t\t\t\t\t\t\t\t<\/figure>\n\t\t\t\t\t\t\t\t<\/div>\n\t\t\t\t\t\t<\/div>\n\t\t\t\t<\/div>\n\t\t\t\t\t\t<\/div>\n\t\t\t\t\t<\/div>\n\t\t<\/div>\n\t\t\t\t\t\t\t\t<\/div>\n\t\t\t\t\t<\/div>\n\t\t<\/section>\n\t\t\t\t<section class=\"elementor-section elementor-top-section elementor-element elementor-element-7ca77a5 elementor-section-boxed elementor-section-height-default elementor-section-height-default\" data-id=\"7ca77a5\" data-element_type=\"section\">\n\t\t\t\t\t\t<div class=\"elementor-container elementor-column-gap-default\">\n\t\t\t\t\t\t\t<div class=\"elementor-row\">\n\t\t\t\t\t<div class=\"elementor-column elementor-col-25 elementor-top-column elementor-element elementor-element-f809f99\" data-id=\"f809f99\" data-element_type=\"column\">\n\t\t\t<div class=\"elementor-column-wrap elementor-element-populated\">\n\t\t\t\t\t\t\t<div class=\"elementor-widget-wrap\">\n\t\t\t\t\t\t<div class=\"elementor-element elementor-element-d012f8f elementor-widget elementor-widget-image\" data-id=\"d012f8f\" data-element_type=\"widget\" data-widget_type=\"image.default\">\n\t\t\t\t<div class=\"elementor-widget-container\">\n\t\t\t\t\t\t\t\t<div class=\"elementor-image\">\n\t\t\t\t\t\t\t\t\t<figure class=\"wp-caption\">\n\t\t\t\t\t\t\t\t\t\t\t<a href=\"http:\/\/ekonomik.opole.pl\/eko3\/wp-content\/uploads\/2023\/05\/TMF1049-scaled.jpg\" data-elementor-open-lightbox=\"yes\" data-elementor-lightbox-title=\"Zako\u0144czenie roku 2023\">\n\t\t\t\t\t\t\t<img width=\"683\" height=\"1024\" src=\"http:\/\/ekonomik.opole.pl\/eko3\/wp-content\/uploads\/2023\/05\/TMF1049-683x1024.jpg\" class=\"attachment-large size-large\" alt=\"\" loading=\"lazy\" srcset=\"http:\/\/ekonomik.opole.pl\/eko3\/wp-content\/uploads\/2023\/05\/TMF1049-683x1024.jpg 683w, http:\/\/ekonomik.opole.pl\/eko3\/wp-content\/uploads\/2023\/05\/TMF1049-200x300.jpg 200w, http:\/\/ekonomik.opole.pl\/eko3\/wp-content\/uploads\/2023\/05\/TMF1049-768x1151.jpg 768w, http:\/\/ekonomik.opole.pl\/eko3\/wp-content\/uploads\/2023\/05\/TMF1049-1025x1536.jpg 1025w, http:\/\/ekonomik.opole.pl\/eko3\/wp-content\/uploads\/2023\/05\/TMF1049-1367x2048.jpg 1367w, http:\/\/ekonomik.opole.pl\/eko3\/wp-content\/uploads\/2023\/05\/TMF1049-1360x2038.jpg 1360w, http:\/\/ekonomik.opole.pl\/eko3\/wp-content\/uploads\/2023\/05\/TMF1049-680x1019.jpg 680w, http:\/\/ekonomik.opole.pl\/eko3\/wp-content\/uploads\/2023\/05\/TMF1049-scaled.jpg 1709w\" sizes=\"(max-width: 683px) 100vw, 683px\" \/>\t\t\t\t\t\t\t\t<\/a>\n\t\t\t\t\t\t\t\t\t\t\t<figcaption class=\"widget-image-caption wp-caption-text\">Fot. Tomasz Mazurowski<\/figcaption>\n\t\t\t\t\t\t\t\t\t\t<\/figure>\n\t\t\t\t\t\t\t\t<\/div>\n\t\t\t\t\t\t<\/div>\n\t\t\t\t<\/div>\n\t\t\t\t\t\t<\/div>\n\t\t\t\t\t<\/div>\n\t\t<\/div>\n\t\t\t\t<div class=\"elementor-column elementor-col-25 elementor-top-column elementor-element elementor-element-4c1ac99\" data-id=\"4c1ac99\" data-element_type=\"column\">\n\t\t\t<div class=\"elementor-column-wrap elementor-element-populated\">\n\t\t\t\t\t\t\t<div class=\"elementor-widget-wrap\">\n\t\t\t\t\t\t<div class=\"elementor-element elementor-element-6f03173 elementor-widget elementor-widget-image\" data-id=\"6f03173\" data-element_type=\"widget\" data-widget_type=\"image.default\">\n\t\t\t\t<div class=\"elementor-widget-container\">\n\t\t\t\t\t\t\t\t<div class=\"elementor-image\">\n\t\t\t\t\t\t\t\t\t<figure class=\"wp-caption\">\n\t\t\t\t\t\t\t\t\t\t\t<a href=\"http:\/\/ekonomik.opole.pl\/eko3\/wp-content\/uploads\/2023\/05\/TMF1262-scaled.jpg\" data-elementor-open-lightbox=\"yes\" data-elementor-lightbox-title=\"Zako\u0144czenie roku 2023\">\n\t\t\t\t\t\t\t<img width=\"683\" height=\"1024\" src=\"http:\/\/ekonomik.opole.pl\/eko3\/wp-content\/uploads\/2023\/05\/TMF1262-683x1024.jpg\" class=\"attachment-large size-large\" alt=\"\" loading=\"lazy\" srcset=\"http:\/\/ekonomik.opole.pl\/eko3\/wp-content\/uploads\/2023\/05\/TMF1262-683x1024.jpg 683w, http:\/\/ekonomik.opole.pl\/eko3\/wp-content\/uploads\/2023\/05\/TMF1262-200x300.jpg 200w, http:\/\/ekonomik.opole.pl\/eko3\/wp-content\/uploads\/2023\/05\/TMF1262-768x1151.jpg 768w, http:\/\/ekonomik.opole.pl\/eko3\/wp-content\/uploads\/2023\/05\/TMF1262-1025x1536.jpg 1025w, http:\/\/ekonomik.opole.pl\/eko3\/wp-content\/uploads\/2023\/05\/TMF1262-1367x2048.jpg 1367w, http:\/\/ekonomik.opole.pl\/eko3\/wp-content\/uploads\/2023\/05\/TMF1262-1360x2038.jpg 1360w, http:\/\/ekonomik.opole.pl\/eko3\/wp-content\/uploads\/2023\/05\/TMF1262-680x1019.jpg 680w, http:\/\/ekonomik.opole.pl\/eko3\/wp-content\/uploads\/2023\/05\/TMF1262-scaled.jpg 1708w\" sizes=\"(max-width: 683px) 100vw, 683px\" \/>\t\t\t\t\t\t\t\t<\/a>\n\t\t\t\t\t\t\t\t\t\t\t<figcaption class=\"widget-image-caption wp-caption-text\">Fot. Tomasz Mazurowski<\/figcaption>\n\t\t\t\t\t\t\t\t\t\t<\/figure>\n\t\t\t\t\t\t\t\t<\/div>\n\t\t\t\t\t\t<\/div>\n\t\t\t\t<\/div>\n\t\t\t\t\t\t<\/div>\n\t\t\t\t\t<\/div>\n\t\t<\/div>\n\t\t\t\t<div class=\"elementor-column elementor-col-25 elementor-top-column elementor-element elementor-element-6bb323b\" data-id=\"6bb323b\" data-element_type=\"column\">\n\t\t\t<div class=\"elementor-column-wrap elementor-element-populated\">\n\t\t\t\t\t\t\t<div class=\"elementor-widget-wrap\">\n\t\t\t\t\t\t<div class=\"elementor-element elementor-element-4b4e545 elementor-widget elementor-widget-image\" data-id=\"4b4e545\" data-element_type=\"widget\" data-widget_type=\"image.default\">\n\t\t\t\t<div class=\"elementor-widget-container\">\n\t\t\t\t\t\t\t\t<div class=\"elementor-image\">\n\t\t\t\t\t\t\t\t\t<figure class=\"wp-caption\">\n\t\t\t\t\t\t\t\t\t\t\t<a href=\"http:\/\/ekonomik.opole.pl\/eko3\/wp-content\/uploads\/2023\/05\/TMF1028-scaled.jpg\" data-elementor-open-lightbox=\"yes\" data-elementor-lightbox-title=\"Zako\u0144czenie roku 2023\">\n\t\t\t\t\t\t\t<img width=\"683\" height=\"1024\" src=\"http:\/\/ekonomik.opole.pl\/eko3\/wp-content\/uploads\/2023\/05\/TMF1028-683x1024.jpg\" class=\"attachment-large size-large\" alt=\"\" loading=\"lazy\" srcset=\"http:\/\/ekonomik.opole.pl\/eko3\/wp-content\/uploads\/2023\/05\/TMF1028-683x1024.jpg 683w, http:\/\/ekonomik.opole.pl\/eko3\/wp-content\/uploads\/2023\/05\/TMF1028-200x300.jpg 200w, http:\/\/ekonomik.opole.pl\/eko3\/wp-content\/uploads\/2023\/05\/TMF1028-768x1151.jpg 768w, http:\/\/ekonomik.opole.pl\/eko3\/wp-content\/uploads\/2023\/05\/TMF1028-1025x1536.jpg 1025w, http:\/\/ekonomik.opole.pl\/eko3\/wp-content\/uploads\/2023\/05\/TMF1028-1367x2048.jpg 1367w, http:\/\/ekonomik.opole.pl\/eko3\/wp-content\/uploads\/2023\/05\/TMF1028-1360x2038.jpg 1360w, http:\/\/ekonomik.opole.pl\/eko3\/wp-content\/uploads\/2023\/05\/TMF1028-680x1019.jpg 680w, http:\/\/ekonomik.opole.pl\/eko3\/wp-content\/uploads\/2023\/05\/TMF1028-scaled.jpg 1709w\" sizes=\"(max-width: 683px) 100vw, 683px\" \/>\t\t\t\t\t\t\t\t<\/a>\n\t\t\t\t\t\t\t\t\t\t\t<figcaption class=\"widget-image-caption wp-caption-text\">Fot. Tomasz Mazurowski<\/figcaption>\n\t\t\t\t\t\t\t\t\t\t<\/figure>\n\t\t\t\t\t\t\t\t<\/div>\n\t\t\t\t\t\t<\/div>\n\t\t\t\t<\/div>\n\t\t\t\t\t\t<\/div>\n\t\t\t\t\t<\/div>\n\t\t<\/div>\n\t\t\t\t<div class=\"elementor-column elementor-col-25 elementor-top-column elementor-element elementor-element-24b6a40\" data-id=\"24b6a40\" data-element_type=\"column\">\n\t\t\t<div class=\"elementor-column-wrap elementor-element-populated\">\n\t\t\t\t\t\t\t<div class=\"elementor-widget-wrap\">\n\t\t\t\t\t\t<div class=\"elementor-element elementor-element-7ca7788 elementor-widget elementor-widget-image\" data-id=\"7ca7788\" data-element_type=\"widget\" data-widget_type=\"image.default\">\n\t\t\t\t<div class=\"elementor-widget-container\">\n\t\t\t\t\t\t\t\t<div class=\"elementor-image\">\n\t\t\t\t\t\t\t\t\t<figure class=\"wp-caption\">\n\t\t\t\t\t\t\t\t\t\t\t<a href=\"http:\/\/ekonomik.opole.pl\/eko3\/wp-content\/uploads\/2023\/05\/TMF1189-scaled.jpg\" data-elementor-open-lightbox=\"yes\" data-elementor-lightbox-title=\"Zako\u0144czenie roku 2023\">\n\t\t\t\t\t\t\t<img width=\"683\" height=\"1024\" src=\"http:\/\/ekonomik.opole.pl\/eko3\/wp-content\/uploads\/2023\/05\/TMF1189-683x1024.jpg\" class=\"attachment-large size-large\" alt=\"\" loading=\"lazy\" srcset=\"http:\/\/ekonomik.opole.pl\/eko3\/wp-content\/uploads\/2023\/05\/TMF1189-683x1024.jpg 683w, http:\/\/ekonomik.opole.pl\/eko3\/wp-content\/uploads\/2023\/05\/TMF1189-200x300.jpg 200w, http:\/\/ekonomik.opole.pl\/eko3\/wp-content\/uploads\/2023\/05\/TMF1189-768x1151.jpg 768w, http:\/\/ekonomik.opole.pl\/eko3\/wp-content\/uploads\/2023\/05\/TMF1189-1025x1536.jpg 1025w, http:\/\/ekonomik.opole.pl\/eko3\/wp-content\/uploads\/2023\/05\/TMF1189-1367x2048.jpg 1367w, http:\/\/ekonomik.opole.pl\/eko3\/wp-content\/uploads\/2023\/05\/TMF1189-1360x2038.jpg 1360w, http:\/\/ekonomik.opole.pl\/eko3\/wp-content\/uploads\/2023\/05\/TMF1189-680x1019.jpg 680w, http:\/\/ekonomik.opole.pl\/eko3\/wp-content\/uploads\/2023\/05\/TMF1189-scaled.jpg 1709w\" sizes=\"(max-width: 683px) 100vw, 683px\" \/>\t\t\t\t\t\t\t\t<\/a>\n\t\t\t\t\t\t\t\t\t\t\t<figcaption class=\"widget-image-caption wp-caption-text\">Fot. Tomasz Mazurowski<\/figcaption>\n\t\t\t\t\t\t\t\t\t\t<\/figure>\n\t\t\t\t\t\t\t\t<\/div>\n\t\t\t\t\t\t<\/div>\n\t\t\t\t<\/div>\n\t\t\t\t\t\t<\/div>\n\t\t\t\t\t<\/div>\n\t\t<\/div>\n\t\t\t\t\t\t\t\t<\/div>\n\t\t\t\t\t<\/div>\n\t\t<\/section>\n\t\t\t\t\t\t<\/div>\n\t\t\t\t\t\t<\/div>\n\t\t\t\t\t<\/div>\n\t\t","protected":false},"excerpt":{"rendered":"<p>W niekonwencjonalny spos\u00f3b po\u017cegnali\u015bmy cztery tegoroczne klasy maturalne: 4E (w zawodach: technik fotografii i multimedi\u00f3w oraz technik grafiki i poligrafii cyfrowej), 4F (technik ekonomista i technik rachunkowo\u015bci), 4G (technik reklamy) oraz 4H (technik logistyk). Uroczysto\u015b\u0107 zako\u0144czenia edukacji w szkole \u015bredniej zosta\u0142a zorganizowana wok\u00f3\u0142 serii film\u00f3w o Harrym Potterze, a poszczeg\u00f3lne punkty programowe wype\u0142nione by\u0142y &#8211;&#8230;<\/p>\n","protected":false},"author":5,"featured_media":996334,"comment_status":"closed","ping_status":"open","sticky":false,"template":"","format":"standard","meta":{"inline_featured_image":false},"categories":[115,186],"tags":[266,152],"_links":{"self":[{"href":"http:\/\/ekonomik.opole.pl\/eko3\/wp-json\/wp\/v2\/posts\/996327"}],"collection":[{"href":"http:\/\/ekonomik.opole.pl\/eko3\/wp-json\/wp\/v2\/posts"}],"about":[{"href":"http:\/\/ekonomik.opole.pl\/eko3\/wp-json\/wp\/v2\/types\/post"}],"author":[{"embeddable":true,"href":"http:\/\/ekonomik.opole.pl\/eko3\/wp-json\/wp\/v2\/users\/5"}],"replies":[{"embeddable":true,"href":"http:\/\/ekonomik.opole.pl\/eko3\/wp-json\/wp\/v2\/comments?post=996327"}],"version-history":[{"count":4,"href":"http:\/\/ekonomik.opole.pl\/eko3\/wp-json\/wp\/v2\/posts\/996327\/revisions"}],"predecessor-version":[{"id":996340,"href":"http:\/\/ekonomik.opole.pl\/eko3\/wp-json\/wp\/v2\/posts\/996327\/revisions\/996340"}],"wp:featuredmedia":[{"embeddable":true,"href":"http:\/\/ekonomik.opole.pl\/eko3\/wp-json\/wp\/v2\/media\/996334"}],"wp:attachment":[{"href":"http:\/\/ekonomik.opole.pl\/eko3\/wp-json\/wp\/v2\/media?parent=996327"}],"wp:term":[{"taxonomy":"category","embeddable":true,"href":"http:\/\/ekonomik.opole.pl\/eko3\/wp-json\/wp\/v2\/categories?post=996327"},{"taxonomy":"post_tag","embeddable":true,"href":"http:\/\/ekonomik.opole.pl\/eko3\/wp-json\/wp\/v2\/tags?post=996327"}],"curies":[{"name":"wp","href":"https:\/\/api.w.org\/{rel}","templated":true}]}}