{"id":996413,"date":"2023-05-18T20:07:42","date_gmt":"2023-05-18T18:07:42","guid":{"rendered":"http:\/\/ekonomik.opole.pl\/eko3\/?p=996413"},"modified":"2023-05-18T20:32:47","modified_gmt":"2023-05-18T18:32:47","slug":"wyjatkowy-koncert-charytatywny-gramy-dla-maxa","status":"publish","type":"post","link":"http:\/\/ekonomik.opole.pl\/eko3\/wyjatkowy-koncert-charytatywny-gramy-dla-maxa\/","title":{"rendered":"Wyj\u0105tkowy Koncert Charytatywny &#8211; gramy dla Maxa!"},"content":{"rendered":"\t\t<div data-elementor-type=\"wp-post\" data-elementor-id=\"996413\" class=\"elementor elementor-996413\" data-elementor-settings=\"[]\">\n\t\t\t\t\t\t<div class=\"elementor-inner\">\n\t\t\t\t\t\t\t<div class=\"elementor-section-wrap\">\n\t\t\t\t\t\t\t<section class=\"elementor-section elementor-top-section elementor-element elementor-element-700fd16 elementor-section-full_width elementor-section-height-default elementor-section-height-default\" data-id=\"700fd16\" data-element_type=\"section\">\n\t\t\t\t\t\t<div class=\"elementor-container elementor-column-gap-default\">\n\t\t\t\t\t\t\t<div class=\"elementor-row\">\n\t\t\t\t\t<div class=\"elementor-column elementor-col-100 elementor-top-column elementor-element elementor-element-20448c8c\" data-id=\"20448c8c\" data-element_type=\"column\">\n\t\t\t<div class=\"elementor-column-wrap elementor-element-populated\">\n\t\t\t\t\t\t\t<div class=\"elementor-widget-wrap\">\n\t\t\t\t\t\t<div class=\"elementor-element elementor-element-17ecef10 elementor-drop-cap-yes elementor-drop-cap-view-default elementor-widget elementor-widget-text-editor\" data-id=\"17ecef10\" data-element_type=\"widget\" data-settings=\"{&quot;drop_cap&quot;:&quot;yes&quot;}\" data-widget_type=\"text-editor.default\">\n\t\t\t\t<div class=\"elementor-widget-container\">\n\t\t\t\t\t\t\t\t<div class=\"elementor-text-editor elementor-clearfix\">\n\t\t\t\t\t<p>Ju\u017c w przysz\u0142\u0105 \u015brod\u0119 zapraszamy na kolejn\u0105 XVI edycj\u0119 najwa\u017cniejszego wydarzenia w Ekonomiku &#8211; Koncert Charytatywny KOD: Na Maxa. Koncert odb\u0119dzie si\u0119 w Auli Wy\u017cszego Seminarium Duchownego w Opolu, zaczynamy o 12:00.\u00a0<\/p><p>Jaka jest idea koncertu? Kto wymy\u015bli\u0142 akcj\u0119 oraz dla kogo gramy? <strong>Zobaczcie kr\u00f3tki filmik zrealizowany przez szkoln\u0105 agencj\u0119 reklamow\u0105 CODED.<\/strong><\/p>\t\t\t\t\t<\/div>\n\t\t\t\t\t\t<\/div>\n\t\t\t\t<\/div>\n\t\t\t\t<div class=\"elementor-element elementor-element-16390bab elementor-widget-divider--view-line elementor-widget elementor-widget-divider\" data-id=\"16390bab\" data-element_type=\"widget\" data-widget_type=\"divider.default\">\n\t\t\t\t<div class=\"elementor-widget-container\">\n\t\t\t\t\t<div class=\"elementor-divider\">\n\t\t\t<span class=\"elementor-divider-separator\">\n\t\t\t\t\t\t<\/span>\n\t\t<\/div>\n\t\t\t\t<\/div>\n\t\t\t\t<\/div>\n\t\t\t\t\t\t<\/div>\n\t\t\t\t\t<\/div>\n\t\t<\/div>\n\t\t\t\t\t\t\t\t<\/div>\n\t\t\t\t\t<\/div>\n\t\t<\/section>\n\t\t\t\t<section class=\"elementor-section elementor-top-section elementor-element elementor-element-49b8b15 elementor-section-boxed elementor-section-height-default elementor-section-height-default\" data-id=\"49b8b15\" data-element_type=\"section\">\n\t\t\t\t\t\t<div class=\"elementor-container elementor-column-gap-default\">\n\t\t\t\t\t\t\t<div class=\"elementor-row\">\n\t\t\t\t\t<div class=\"elementor-column elementor-col-100 elementor-top-column elementor-element elementor-element-e203b00\" data-id=\"e203b00\" data-element_type=\"column\">\n\t\t\t<div class=\"elementor-column-wrap elementor-element-populated\">\n\t\t\t\t\t\t\t<div class=\"elementor-widget-wrap\">\n\t\t\t\t\t\t<div class=\"elementor-element elementor-element-b069fc3 elementor-aspect-ratio-169 elementor-widget elementor-widget-video\" data-id=\"b069fc3\" data-element_type=\"widget\" data-settings=\"{&quot;youtube_url&quot;:&quot;https:\\\/\\\/youtu.be\\\/VLSg6iZEIWM&quot;,&quot;video_type&quot;:&quot;youtube&quot;,&quot;controls&quot;:&quot;yes&quot;,&quot;aspect_ratio&quot;:&quot;169&quot;}\" data-widget_type=\"video.default\">\n\t\t\t\t<div class=\"elementor-widget-container\">\n\t\t\t\t\t<div class=\"elementor-wrapper elementor-fit-aspect-ratio elementor-open-inline\">\n\t\t\t<div class=\"elementor-video\"><\/div>\t\t<\/div>\n\t\t\t\t<\/div>\n\t\t\t\t<\/div>\n\t\t\t\t\t\t<\/div>\n\t\t\t\t\t<\/div>\n\t\t<\/div>\n\t\t\t\t\t\t\t\t<\/div>\n\t\t\t\t\t<\/div>\n\t\t<\/section>\n\t\t\t\t\t\t<\/div>\n\t\t\t\t\t\t<\/div>\n\t\t\t\t\t<\/div>\n\t\t","protected":false},"excerpt":{"rendered":"<p>Ju\u017c w przysz\u0142\u0105 \u015brod\u0119 zapraszamy na kolejn\u0105 XVI edycj\u0119 najwa\u017cniejszego wydarzenia w Ekonomiku &#8211; Koncert Charytatywny KOD: Na Maxa. Koncert odb\u0119dzie si\u0119 w Auli Wy\u017cszego Seminarium Duchownego w Opolu, zaczynamy o 12:00.\u00a0 Jaka jest idea koncertu? Kto wymy\u015bli\u0142 akcj\u0119 oraz dla kogo gramy? Zobaczcie kr\u00f3tki filmik zrealizowany przez szkoln\u0105 agencj\u0119 reklamow\u0105 CODED.<\/p>\n","protected":false},"author":5,"featured_media":996419,"comment_status":"closed","ping_status":"open","sticky":false,"template":"","format":"standard","meta":{"inline_featured_image":false},"categories":[208,155,296],"tags":[297],"_links":{"self":[{"href":"http:\/\/ekonomik.opole.pl\/eko3\/wp-json\/wp\/v2\/posts\/996413"}],"collection":[{"href":"http:\/\/ekonomik.opole.pl\/eko3\/wp-json\/wp\/v2\/posts"}],"about":[{"href":"http:\/\/ekonomik.opole.pl\/eko3\/wp-json\/wp\/v2\/types\/post"}],"author":[{"embeddable":true,"href":"http:\/\/ekonomik.opole.pl\/eko3\/wp-json\/wp\/v2\/users\/5"}],"replies":[{"embeddable":true,"href":"http:\/\/ekonomik.opole.pl\/eko3\/wp-json\/wp\/v2\/comments?post=996413"}],"version-history":[{"count":7,"href":"http:\/\/ekonomik.opole.pl\/eko3\/wp-json\/wp\/v2\/posts\/996413\/revisions"}],"predecessor-version":[{"id":996422,"href":"http:\/\/ekonomik.opole.pl\/eko3\/wp-json\/wp\/v2\/posts\/996413\/revisions\/996422"}],"wp:featuredmedia":[{"embeddable":true,"href":"http:\/\/ekonomik.opole.pl\/eko3\/wp-json\/wp\/v2\/media\/996419"}],"wp:attachment":[{"href":"http:\/\/ekonomik.opole.pl\/eko3\/wp-json\/wp\/v2\/media?parent=996413"}],"wp:term":[{"taxonomy":"category","embeddable":true,"href":"http:\/\/ekonomik.opole.pl\/eko3\/wp-json\/wp\/v2\/categories?post=996413"},{"taxonomy":"post_tag","embeddable":true,"href":"http:\/\/ekonomik.opole.pl\/eko3\/wp-json\/wp\/v2\/tags?post=996413"}],"curies":[{"name":"wp","href":"https:\/\/api.w.org\/{rel}","templated":true}]}}