{"id":996433,"date":"2023-06-05T15:34:42","date_gmt":"2023-06-05T13:34:42","guid":{"rendered":"http:\/\/ekonomik.opole.pl\/eko3\/?p=996433"},"modified":"2023-06-05T19:57:43","modified_gmt":"2023-06-05T17:57:43","slug":"spotk","status":"publish","type":"post","link":"http:\/\/ekonomik.opole.pl\/eko3\/spotk\/","title":{"rendered":"Spotkanie rodzic\u00f3w z wychowawcami"},"content":{"rendered":"\t\t<div data-elementor-type=\"wp-post\" data-elementor-id=\"996433\" class=\"elementor elementor-996433\" data-elementor-settings=\"[]\">\n\t\t\t\t\t\t<div class=\"elementor-inner\">\n\t\t\t\t\t\t\t<div class=\"elementor-section-wrap\">\n\t\t\t\t\t\t\t<section class=\"elementor-section elementor-top-section elementor-element elementor-element-878be3a elementor-section-boxed elementor-section-height-default elementor-section-height-default\" data-id=\"878be3a\" data-element_type=\"section\">\n\t\t\t\t\t\t<div class=\"elementor-container elementor-column-gap-default\">\n\t\t\t\t\t\t\t<div class=\"elementor-row\">\n\t\t\t\t\t<div class=\"elementor-column elementor-col-100 elementor-top-column elementor-element elementor-element-565eff7\" data-id=\"565eff7\" data-element_type=\"column\">\n\t\t\t<div class=\"elementor-column-wrap elementor-element-populated\">\n\t\t\t\t\t\t\t<div class=\"elementor-widget-wrap\">\n\t\t\t\t\t\t<div class=\"elementor-element elementor-element-d8cd281 elementor-widget elementor-widget-text-editor\" data-id=\"d8cd281\" data-element_type=\"widget\" data-widget_type=\"text-editor.default\">\n\t\t\t\t<div class=\"elementor-widget-container\">\n\t\t\t\t\t\t\t\t<div class=\"elementor-text-editor elementor-clearfix\">\n\t\t\t\t\t<p class=\"MsoNormal\">W \u015brod\u0119 07.06.2023 o godz. 17.00 odb\u0119dzie si\u0119 ostanie w tym\nroku szkolnym spotkanie rodzic\u00f3w &nbsp;z wychowawcami w wyznaczonych salach\nlekcyjnych.<o:p><\/o:p><\/p><p>\n\n<\/p><p class=\"MsoNormal\">O godz. 17.30 w auli szkolnej odb\u0119dzie si\u0119 spotkanie dla\nrodzic\u00f3w uczni\u00f3w, kt\u00f3rzy jad\u0105 na wycieczk\u0119 szkoln\u0105 do Pary\u017ca.<o:p><\/o:p><\/p>\t\t\t\t\t<\/div>\n\t\t\t\t\t\t<\/div>\n\t\t\t\t<\/div>\n\t\t\t\t\t\t<\/div>\n\t\t\t\t\t<\/div>\n\t\t<\/div>\n\t\t\t\t\t\t\t\t<\/div>\n\t\t\t\t\t<\/div>\n\t\t<\/section>\n\t\t\t\t\t\t<\/div>\n\t\t\t\t\t\t<\/div>\n\t\t\t\t\t<\/div>\n\t\t","protected":false},"excerpt":{"rendered":"<p>W \u015brod\u0119 07.06.2023 o godz. 17.00 odb\u0119dzie si\u0119 ostanie w tym roku szkolnym spotkanie rodzic\u00f3w &nbsp;z wychowawcami w wyznaczonych salach lekcyjnych. O godz. 17.30 w auli szkolnej odb\u0119dzie si\u0119 spotkanie dla rodzic\u00f3w uczni\u00f3w, kt\u00f3rzy jad\u0105 na wycieczk\u0119 szkoln\u0105 do Pary\u017ca.<\/p>\n","protected":false},"author":3,"featured_media":995610,"comment_status":"closed","ping_status":"open","sticky":false,"template":"","format":"standard","meta":{"inline_featured_image":false},"categories":[115,114],"tags":[],"_links":{"self":[{"href":"http:\/\/ekonomik.opole.pl\/eko3\/wp-json\/wp\/v2\/posts\/996433"}],"collection":[{"href":"http:\/\/ekonomik.opole.pl\/eko3\/wp-json\/wp\/v2\/posts"}],"about":[{"href":"http:\/\/ekonomik.opole.pl\/eko3\/wp-json\/wp\/v2\/types\/post"}],"author":[{"embeddable":true,"href":"http:\/\/ekonomik.opole.pl\/eko3\/wp-json\/wp\/v2\/users\/3"}],"replies":[{"embeddable":true,"href":"http:\/\/ekonomik.opole.pl\/eko3\/wp-json\/wp\/v2\/comments?post=996433"}],"version-history":[{"count":7,"href":"http:\/\/ekonomik.opole.pl\/eko3\/wp-json\/wp\/v2\/posts\/996433\/revisions"}],"predecessor-version":[{"id":996442,"href":"http:\/\/ekonomik.opole.pl\/eko3\/wp-json\/wp\/v2\/posts\/996433\/revisions\/996442"}],"wp:featuredmedia":[{"embeddable":true,"href":"http:\/\/ekonomik.opole.pl\/eko3\/wp-json\/wp\/v2\/media\/995610"}],"wp:attachment":[{"href":"http:\/\/ekonomik.opole.pl\/eko3\/wp-json\/wp\/v2\/media?parent=996433"}],"wp:term":[{"taxonomy":"category","embeddable":true,"href":"http:\/\/ekonomik.opole.pl\/eko3\/wp-json\/wp\/v2\/categories?post=996433"},{"taxonomy":"post_tag","embeddable":true,"href":"http:\/\/ekonomik.opole.pl\/eko3\/wp-json\/wp\/v2\/tags?post=996433"}],"curies":[{"name":"wp","href":"https:\/\/api.w.org\/{rel}","templated":true}]}}