{"id":996537,"date":"2023-06-22T11:20:56","date_gmt":"2023-06-22T09:20:56","guid":{"rendered":"http:\/\/ekonomik.opole.pl\/eko3\/?p=996537"},"modified":"2023-06-26T21:33:08","modified_gmt":"2023-06-26T19:33:08","slug":"pogotowie-psychologiczne-dla-uczniow-zik-2","status":"publish","type":"post","link":"http:\/\/ekonomik.opole.pl\/eko3\/pogotowie-psychologiczne-dla-uczniow-zik-2\/","title":{"rendered":"POGOTOWIE PSYCHOLOGICZNE DLA UCZNI\u00d3W \u201eZIK\u201d"},"content":{"rendered":"\t\t<div data-elementor-type=\"wp-post\" data-elementor-id=\"996537\" class=\"elementor elementor-996537\" data-elementor-settings=\"[]\">\n\t\t\t\t\t\t<div class=\"elementor-inner\">\n\t\t\t\t\t\t\t<div class=\"elementor-section-wrap\">\n\t\t\t\t\t\t\t<section class=\"elementor-section elementor-top-section elementor-element elementor-element-cc9c315 elementor-section-boxed elementor-section-height-default elementor-section-height-default\" data-id=\"cc9c315\" data-element_type=\"section\">\n\t\t\t\t\t\t<div class=\"elementor-container elementor-column-gap-default\">\n\t\t\t\t\t\t\t<div class=\"elementor-row\">\n\t\t\t\t\t<div class=\"elementor-column elementor-col-100 elementor-top-column elementor-element elementor-element-9313bc7\" data-id=\"9313bc7\" data-element_type=\"column\">\n\t\t\t<div class=\"elementor-column-wrap elementor-element-populated\">\n\t\t\t\t\t\t\t<div class=\"elementor-widget-wrap\">\n\t\t\t\t\t\t<div class=\"elementor-element elementor-element-06548ab elementor-widget elementor-widget-text-editor\" data-id=\"06548ab\" data-element_type=\"widget\" data-widget_type=\"text-editor.default\">\n\t\t\t\t<div class=\"elementor-widget-container\">\n\t\t\t\t\t\t\t\t<div class=\"elementor-text-editor elementor-clearfix\">\n\t\t\t\t\t<p>W MIEJSKIM CENTRUM WSPOMAGANIA EDUKACJI W OPOLU UTWORZONO POGOTOWIE PSYCHOLOGICZNE DLA UCZNI\u00d3W \u201eZIK\u201d<\/p><p>W sk\u0142ad ZIK wchodz\u0105 m.in. psycholog \u2013 specjalista dy\u017curuj\u0105cy w punkcie interwencyjnym, psycholog kliniczny oraz interwent kryzysowy.<\/p><p>ZIK zosta\u0142 powo\u0142any, aby zapewni\u0107 lepsze ni\u017c dotychczas mo\u017cliwo\u015bci szybkiego reagowania w przypadku kryzysu sytuacyjnego dotykaj\u0105cego uczni\u00f3w szk\u00f3\u0142 w Opolu.<\/p><p>Do psychologa dy\u017curuj\u0105cego w POGOTOWIU mog\u0105 zg\u0142osi\u0107 si\u0119 m\u0142odzi ludzie, uczniowie, kt\u00f3rzy nie radz\u0105 sobie z trudn\u0105, lub kryzysow\u0105 sytuacj\u0105.\u00a0\u00a0 Termin konsultacji ustali\u0107 mo\u017cna osobi\u015bcie, lub telefonicznie (tel.572 128 403) jak te\u017c drog\u0105 elektroniczn\u0105 za po\u015brednictwem popularnych komunikator\u00f3w (Whatsapp, Messenger). Mo\u017cna te\u017c \u201espotka\u0107 si\u0119\u201d w Wirtualnym Gabinecie Pogotowia.<\/p><p>Poniedzia\u0142ki od 12:00 \u2013 15:00 (do 30 czerwca 2023 r.)<\/p><p>pi\u0105tki 15:00 \u2013 17:00 (do 30 czerwca 2023 r.)<\/p><p>e-mail: pogotowie.zip@mcwe.opole.pl<\/p>\t\t\t\t\t<\/div>\n\t\t\t\t\t\t<\/div>\n\t\t\t\t<\/div>\n\t\t\t\t\t\t<\/div>\n\t\t\t\t\t<\/div>\n\t\t<\/div>\n\t\t\t\t\t\t\t\t<\/div>\n\t\t\t\t\t<\/div>\n\t\t<\/section>\n\t\t\t\t\t\t<\/div>\n\t\t\t\t\t\t<\/div>\n\t\t\t\t\t<\/div>\n\t\t","protected":false},"excerpt":{"rendered":"<p>W MIEJSKIM CENTRUM WSPOMAGANIA EDUKACJI W OPOLU UTWORZONO POGOTOWIE PSYCHOLOGICZNE DLA UCZNI\u00d3W \u201eZIK\u201d W sk\u0142ad ZIK wchodz\u0105 m.in. psycholog \u2013 specjalista dy\u017curuj\u0105cy w punkcie interwencyjnym, psycholog kliniczny oraz interwent kryzysowy. ZIK zosta\u0142 powo\u0142any, aby zapewni\u0107 lepsze ni\u017c dotychczas mo\u017cliwo\u015bci szybkiego reagowania w przypadku kryzysu sytuacyjnego dotykaj\u0105cego uczni\u00f3w szk\u00f3\u0142 w Opolu. Do psychologa dy\u017curuj\u0105cego w POGOTOWIU&#8230;<\/p>\n","protected":false},"author":3,"featured_media":996516,"comment_status":"closed","ping_status":"open","sticky":false,"template":"","format":"standard","meta":{"inline_featured_image":false},"categories":[1],"tags":[],"_links":{"self":[{"href":"http:\/\/ekonomik.opole.pl\/eko3\/wp-json\/wp\/v2\/posts\/996537"}],"collection":[{"href":"http:\/\/ekonomik.opole.pl\/eko3\/wp-json\/wp\/v2\/posts"}],"about":[{"href":"http:\/\/ekonomik.opole.pl\/eko3\/wp-json\/wp\/v2\/types\/post"}],"author":[{"embeddable":true,"href":"http:\/\/ekonomik.opole.pl\/eko3\/wp-json\/wp\/v2\/users\/3"}],"replies":[{"embeddable":true,"href":"http:\/\/ekonomik.opole.pl\/eko3\/wp-json\/wp\/v2\/comments?post=996537"}],"version-history":[{"count":7,"href":"http:\/\/ekonomik.opole.pl\/eko3\/wp-json\/wp\/v2\/posts\/996537\/revisions"}],"predecessor-version":[{"id":996560,"href":"http:\/\/ekonomik.opole.pl\/eko3\/wp-json\/wp\/v2\/posts\/996537\/revisions\/996560"}],"wp:featuredmedia":[{"embeddable":true,"href":"http:\/\/ekonomik.opole.pl\/eko3\/wp-json\/wp\/v2\/media\/996516"}],"wp:attachment":[{"href":"http:\/\/ekonomik.opole.pl\/eko3\/wp-json\/wp\/v2\/media?parent=996537"}],"wp:term":[{"taxonomy":"category","embeddable":true,"href":"http:\/\/ekonomik.opole.pl\/eko3\/wp-json\/wp\/v2\/categories?post=996537"},{"taxonomy":"post_tag","embeddable":true,"href":"http:\/\/ekonomik.opole.pl\/eko3\/wp-json\/wp\/v2\/tags?post=996537"}],"curies":[{"name":"wp","href":"https:\/\/api.w.org\/{rel}","templated":true}]}}