{"id":996551,"date":"2023-06-26T21:26:43","date_gmt":"2023-06-26T19:26:43","guid":{"rendered":"http:\/\/ekonomik.opole.pl\/eko3\/?p=996551"},"modified":"2023-06-26T21:32:13","modified_gmt":"2023-06-26T19:32:13","slug":"mistrzowie-zawodu-2023-i-nagrody-dyrektora-szkoly","status":"publish","type":"post","link":"http:\/\/ekonomik.opole.pl\/eko3\/mistrzowie-zawodu-2023-i-nagrody-dyrektora-szkoly\/","title":{"rendered":"Mistrzowie Zawodu 2023 i Nagrody Dyrektora Szko\u0142y"},"content":{"rendered":"\t\t<div data-elementor-type=\"wp-post\" data-elementor-id=\"996551\" class=\"elementor elementor-996551\" data-elementor-settings=\"[]\">\n\t\t\t\t\t\t<div class=\"elementor-inner\">\n\t\t\t\t\t\t\t<div class=\"elementor-section-wrap\">\n\t\t\t\t\t\t\t<section class=\"elementor-section elementor-top-section elementor-element elementor-element-29b356a5 elementor-section-full_width elementor-section-height-default elementor-section-height-default\" data-id=\"29b356a5\" data-element_type=\"section\">\n\t\t\t\t\t\t<div class=\"elementor-container elementor-column-gap-default\">\n\t\t\t\t\t\t\t<div class=\"elementor-row\">\n\t\t\t\t\t<div class=\"elementor-column elementor-col-100 elementor-top-column elementor-element elementor-element-ddb4cb1\" data-id=\"ddb4cb1\" data-element_type=\"column\">\n\t\t\t<div class=\"elementor-column-wrap elementor-element-populated\">\n\t\t\t\t\t\t\t<div class=\"elementor-widget-wrap\">\n\t\t\t\t\t\t<div class=\"elementor-element elementor-element-4186143a elementor-drop-cap-yes elementor-drop-cap-view-default elementor-widget elementor-widget-text-editor\" data-id=\"4186143a\" data-element_type=\"widget\" data-settings=\"{&quot;drop_cap&quot;:&quot;yes&quot;}\" data-widget_type=\"text-editor.default\">\n\t\t\t\t<div class=\"elementor-widget-container\">\n\t\t\t\t\t\t\t\t<div class=\"elementor-text-editor elementor-clearfix\">\n\t\t\t\t\t<div class=\"x11i5rnm xat24cr x1mh8g0r x1vvkbs xtlvy1s x126k92a\"><div dir=\"auto\">Pod koniec roku szkolnego po raz 9-ty przyznano tytu\u0142y MISTRZ\u00d3W ZAWODU 2023. Wyr\u00f3\u017cnienie przyznawane jest przez nauczycieli przedmiot\u00f3w zawodowych za szczeg\u00f3lne osi\u0105gni\u0119cia w swojej dziedzinie, wysokie wyniki z przedmiot\u00f3w zawodowych oraz zaanga\u017cowanie w rozw\u00f3j i promocj\u0119 Ekonomika.<\/div><div dir=\"auto\">\u00a0<\/div><\/div><div class=\"x11i5rnm xat24cr x1mh8g0r x1vvkbs xtlvy1s x126k92a\"><div dir=\"auto\">MISTRZ ZAWODU &#8211; REKLAMA &#8211; Justyna Schwierz<\/div><div dir=\"auto\">MISTRZ ZAWODU &#8211; PROGRAMOWANIE &#8211; Alexander D\u0119bowski<\/div><div dir=\"auto\">MISTRZ ZAWODU &#8211;\u00a0GRAFIKA &#8211; Paulina Stanik<\/div><div dir=\"auto\">MISTRZ ZAWODU &#8211;\u00a0FOTOGRAFIA &#8211; Tomasz Mazurowski<\/div><div dir=\"auto\">MISTRZ ZAWODU &#8211;\u00a0LOGISTYKA &#8211; Anna Kozak<\/div><div dir=\"auto\">MISTRZ ZAWODU &#8211;\u00a0RACHUNKOWO\u015a\u0106 &#8211; Klaudia Jonek<\/div><\/div><div class=\"x11i5rnm xat24cr x1mh8g0r x1vvkbs xtlvy1s x126k92a\">\u00a0<\/div><p>\u00a0<\/p>\t\t\t\t\t<\/div>\n\t\t\t\t\t\t<\/div>\n\t\t\t\t<\/div>\n\t\t\t\t<div class=\"elementor-element elementor-element-23044d2e elementor-widget-divider--separator-type-pattern elementor-widget-divider--no-spacing elementor-widget-divider--view-line elementor-widget elementor-widget-divider\" data-id=\"23044d2e\" data-element_type=\"widget\" data-widget_type=\"divider.default\">\n\t\t\t\t<div class=\"elementor-widget-container\">\n\t\t\t\t\t<div class=\"elementor-divider\" style=\"--divider-pattern-url: url(&quot;data:image\/svg+xml,%3Csvg xmlns=&#039;http:\/\/www.w3.org\/2000\/svg&#039; preserveAspectRatio=&#039;xMidYMid meet&#039; overflow=&#039;visible&#039; height=&#039;100%&#039; viewBox=&#039;0 0 126 26&#039; fill=&#039;black&#039; stroke=&#039;none&#039;%3E%3Cpath d=&#039;M3,10.2c2.6,0,2.6,2,2.6,3.2S4.4,16.5,3,16.5s-3-1.4-3-3.2S0.4,10.2,3,10.2z M18.8,10.2c1.7,0,3.2,1.4,3.2,3.2s-1.4,3.2-3.2,3.2c-1.7,0-3.2-1.4-3.2-3.2S17,10.2,18.8,10.2z M34.6,10.2c1.5,0,2.6,1.4,2.6,3.2s-0.5,3.2-1.9,3.2c-1.5,0-3.4-1.4-3.4-3.2S33.1,10.2,34.6,10.2z M50.5,10.2c1.7,0,3.2,1.4,3.2,3.2s-1.4,3.2-3.2,3.2c-1.7,0-3.3-0.9-3.3-2.6S48.7,10.2,50.5,10.2z M66.2,10.2c1.5,0,3.4,1.4,3.4,3.2s-1.9,3.2-3.4,3.2c-1.5,0-2.6-0.4-2.6-2.1S64.8,10.2,66.2,10.2z M82.2,10.2c1.7,0.8,2.6,1.4,2.6,3.2s-0.1,3.2-1.6,3.2c-1.5,0-3.7-1.4-3.7-3.2S80.5,9.4,82.2,10.2zM98.6,10.2c1.5,0,2.6,0.4,2.6,2.1s-1.2,4.2-2.6,4.2c-1.5,0-3.7-0.4-3.7-2.1S97.1,10.2,98.6,10.2z M113.4,10.2c1.2,0,2.2,0.9,2.2,3.2s-0.1,3.2-1.3,3.2s-3.1-1.4-3.1-3.2S112.2,10.2,113.4,10.2z&#039;\/%3E%3C\/svg%3E&quot;);\">\n\t\t\t<span class=\"elementor-divider-separator\">\n\t\t\t\t\t\t<\/span>\n\t\t<\/div>\n\t\t\t\t<\/div>\n\t\t\t\t<\/div>\n\t\t\t\t<div class=\"elementor-element elementor-element-6b60ed6f elementor-widget-divider--view-line elementor-widget elementor-widget-divider\" data-id=\"6b60ed6f\" data-element_type=\"widget\" data-widget_type=\"divider.default\">\n\t\t\t\t<div class=\"elementor-widget-container\">\n\t\t\t\t\t<div class=\"elementor-divider\">\n\t\t\t<span class=\"elementor-divider-separator\">\n\t\t\t\t\t\t<\/span>\n\t\t<\/div>\n\t\t\t\t<\/div>\n\t\t\t\t<\/div>\n\t\t\t\t<div class=\"elementor-element elementor-element-6107a172 elementor-widget elementor-widget-heading\" data-id=\"6107a172\" data-element_type=\"widget\" data-widget_type=\"heading.default\">\n\t\t\t\t<div class=\"elementor-widget-container\">\n\t\t\t<h3 class=\"elementor-heading-title elementor-size-default\">Nagrody Dyrektora za szczeg\u00f3lne kompetencje spo\u0142eczno-zawodowe<\/h3>\t\t<\/div>\n\t\t\t\t<\/div>\n\t\t\t\t<div class=\"elementor-element elementor-element-345572ff elementor-widget elementor-widget-text-editor\" data-id=\"345572ff\" data-element_type=\"widget\" data-widget_type=\"text-editor.default\">\n\t\t\t\t<div class=\"elementor-widget-container\">\n\t\t\t\t\t\t\t\t<div class=\"elementor-text-editor elementor-clearfix\">\n\t\t\t\t\t<div class=\"x11i5rnm xat24cr x1mh8g0r x1vvkbs xtlvy1s x126k92a\"><div dir=\"auto\">Po raz pierwszy &#8211; Pani Ewa Nowak-K\u00fcbler &#8211; dyrektor Ekonomika, przyzna\u0142a NAGRODY DYREKTORA 2023 &#8211; uczniom, kt\u00f3rzy w tym roku szczeg\u00f3lnie anga\u017cowali si\u0119 w \u017cycie, promocj\u0119 szko\u0142y oraz posiadaj\u0105 wysokie kompetencje spo\u0142eczno-zawodowe.<\/div><div dir=\"auto\">\u00a0<\/div><\/div><div class=\"x11i5rnm xat24cr x1mh8g0r x1vvkbs xtlvy1s x126k92a\"><div dir=\"auto\"><span class=\"x3nfvp2 x1j61x8r x1fcty0u xdj266r xhhsvwb xat24cr xgzva0m xxymvpz xlup9mm x1kky2od\"><img loading=\"lazy\" src=\"https:\/\/static.xx.fbcdn.net\/images\/emoji.php\/v9\/t17\/1.5\/16\/1f3c6.png\" alt=\"\ud83c\udfc6\" width=\"16\" height=\"16\" \/><\/span> Nagrod\u0119 otrzymali: Amelia Dawid, Laura Gadzi\u0144ska, \u00a0Aneta Borosz, \u00a0Natalia Sztandera, \u00a0Oliwia Be\u0144, \u00a0Oliwia Baron, \u00a0Wiktoria Porada, \u00a0Marceli Gle\u0144, \u00a0Marta Czernik, \u00a0Julia Kaciuban, \u00a0Emilie Zdera, Daniela Piekorz, \u00a0Martyna Bunzel, \u00a0Tobiasz Tokarski i \u00a0Micha\u0142 K\u0119dziora &#8211; Przewodnicz\u0105cy Samorz\u0105du Uczniowskiego.<\/div><\/div><div class=\"x11i5rnm xat24cr x1mh8g0r x1vvkbs xtlvy1s x126k92a\"><div dir=\"auto\">Gratulujemy\u00a0<\/div><\/div>\t\t\t\t\t<\/div>\n\t\t\t\t\t\t<\/div>\n\t\t\t\t<\/div>\n\t\t\t\t\t\t<\/div>\n\t\t\t\t\t<\/div>\n\t\t<\/div>\n\t\t\t\t\t\t\t\t<\/div>\n\t\t\t\t\t<\/div>\n\t\t<\/section>\n\t\t\t\t<section class=\"elementor-section elementor-top-section elementor-element elementor-element-d73616e elementor-section-boxed elementor-section-height-default elementor-section-height-default\" data-id=\"d73616e\" data-element_type=\"section\">\n\t\t\t\t\t\t<div class=\"elementor-container elementor-column-gap-default\">\n\t\t\t\t\t\t\t<div class=\"elementor-row\">\n\t\t\t\t\t<div class=\"elementor-column elementor-col-100 elementor-top-column elementor-element elementor-element-d04c598\" data-id=\"d04c598\" data-element_type=\"column\">\n\t\t\t<div class=\"elementor-column-wrap elementor-element-populated\">\n\t\t\t\t\t\t\t<div class=\"elementor-widget-wrap\">\n\t\t\t\t\t\t<div class=\"elementor-element elementor-element-c758838 elementor-widget elementor-widget-image\" data-id=\"c758838\" data-element_type=\"widget\" data-widget_type=\"image.default\">\n\t\t\t\t<div class=\"elementor-widget-container\">\n\t\t\t\t\t\t\t\t<div class=\"elementor-image\">\n\t\t\t\t\t\t\t\t\t<figure class=\"wp-caption\">\n\t\t\t\t\t\t\t\t\t\t\t<a href=\"http:\/\/ekonomik.opole.pl\/eko3\/wp-content\/uploads\/2023\/06\/DSC_6662-scaled.jpg\" data-elementor-open-lightbox=\"yes\" data-elementor-lightbox-title=\"Mistrz\">\n\t\t\t\t\t\t\t<img width=\"1024\" height=\"678\" src=\"http:\/\/ekonomik.opole.pl\/eko3\/wp-content\/uploads\/2023\/06\/DSC_6662-1024x678.jpg\" class=\"attachment-large size-large\" alt=\"\" loading=\"lazy\" srcset=\"http:\/\/ekonomik.opole.pl\/eko3\/wp-content\/uploads\/2023\/06\/DSC_6662-1024x678.jpg 1024w, http:\/\/ekonomik.opole.pl\/eko3\/wp-content\/uploads\/2023\/06\/DSC_6662-300x199.jpg 300w, http:\/\/ekonomik.opole.pl\/eko3\/wp-content\/uploads\/2023\/06\/DSC_6662-768x509.jpg 768w, http:\/\/ekonomik.opole.pl\/eko3\/wp-content\/uploads\/2023\/06\/DSC_6662-1536x1017.jpg 1536w, http:\/\/ekonomik.opole.pl\/eko3\/wp-content\/uploads\/2023\/06\/DSC_6662-2048x1356.jpg 2048w, http:\/\/ekonomik.opole.pl\/eko3\/wp-content\/uploads\/2023\/06\/DSC_6662-1360x901.jpg 1360w, http:\/\/ekonomik.opole.pl\/eko3\/wp-content\/uploads\/2023\/06\/DSC_6662-680x450.jpg 680w\" sizes=\"(max-width: 1024px) 100vw, 1024px\" \/>\t\t\t\t\t\t\t\t<\/a>\n\t\t\t\t\t\t\t\t\t\t\t<figcaption class=\"widget-image-caption wp-caption-text\">Fot. Maja Nowicka<\/figcaption>\n\t\t\t\t\t\t\t\t\t\t<\/figure>\n\t\t\t\t\t\t\t\t<\/div>\n\t\t\t\t\t\t<\/div>\n\t\t\t\t<\/div>\n\t\t\t\t\t\t<\/div>\n\t\t\t\t\t<\/div>\n\t\t<\/div>\n\t\t\t\t\t\t\t\t<\/div>\n\t\t\t\t\t<\/div>\n\t\t<\/section>\n\t\t\t\t\t\t<\/div>\n\t\t\t\t\t\t<\/div>\n\t\t\t\t\t<\/div>\n\t\t","protected":false},"excerpt":{"rendered":"<p>Pod koniec roku szkolnego po raz 9-ty przyznano tytu\u0142y MISTRZ\u00d3W ZAWODU 2023. Wyr\u00f3\u017cnienie przyznawane jest przez nauczycieli przedmiot\u00f3w zawodowych za szczeg\u00f3lne osi\u0105gni\u0119cia w swojej dziedzinie, wysokie wyniki z przedmiot\u00f3w zawodowych oraz zaanga\u017cowanie w rozw\u00f3j i promocj\u0119 Ekonomika.\u00a0MISTRZ ZAWODU &#8211; REKLAMA &#8211; Justyna SchwierzMISTRZ ZAWODU &#8211; PROGRAMOWANIE &#8211; Alexander D\u0119bowskiMISTRZ ZAWODU &#8211;\u00a0GRAFIKA &#8211; Paulina StanikMISTRZ ZAWODU&#8230;<\/p>\n","protected":false},"author":5,"featured_media":996553,"comment_status":"closed","ping_status":"open","sticky":false,"template":"","format":"standard","meta":{"inline_featured_image":false},"categories":[87,164,88,85,86,89,90,91,131],"tags":[179,205],"_links":{"self":[{"href":"http:\/\/ekonomik.opole.pl\/eko3\/wp-json\/wp\/v2\/posts\/996551"}],"collection":[{"href":"http:\/\/ekonomik.opole.pl\/eko3\/wp-json\/wp\/v2\/posts"}],"about":[{"href":"http:\/\/ekonomik.opole.pl\/eko3\/wp-json\/wp\/v2\/types\/post"}],"author":[{"embeddable":true,"href":"http:\/\/ekonomik.opole.pl\/eko3\/wp-json\/wp\/v2\/users\/5"}],"replies":[{"embeddable":true,"href":"http:\/\/ekonomik.opole.pl\/eko3\/wp-json\/wp\/v2\/comments?post=996551"}],"version-history":[{"count":4,"href":"http:\/\/ekonomik.opole.pl\/eko3\/wp-json\/wp\/v2\/posts\/996551\/revisions"}],"predecessor-version":[{"id":996557,"href":"http:\/\/ekonomik.opole.pl\/eko3\/wp-json\/wp\/v2\/posts\/996551\/revisions\/996557"}],"wp:featuredmedia":[{"embeddable":true,"href":"http:\/\/ekonomik.opole.pl\/eko3\/wp-json\/wp\/v2\/media\/996553"}],"wp:attachment":[{"href":"http:\/\/ekonomik.opole.pl\/eko3\/wp-json\/wp\/v2\/media?parent=996551"}],"wp:term":[{"taxonomy":"category","embeddable":true,"href":"http:\/\/ekonomik.opole.pl\/eko3\/wp-json\/wp\/v2\/categories?post=996551"},{"taxonomy":"post_tag","embeddable":true,"href":"http:\/\/ekonomik.opole.pl\/eko3\/wp-json\/wp\/v2\/tags?post=996551"}],"curies":[{"name":"wp","href":"https:\/\/api.w.org\/{rel}","templated":true}]}}