{"id":996602,"date":"2023-08-17T20:37:40","date_gmt":"2023-08-17T18:37:40","guid":{"rendered":"http:\/\/ekonomik.opole.pl\/eko3\/?p=996602"},"modified":"2023-08-17T20:40:43","modified_gmt":"2023-08-17T18:40:43","slug":"nabor-do-vii-kadencji-rady-dzieci-i-mlodziezy-przy-ministrze-edukacji-i-nauki","status":"publish","type":"post","link":"http:\/\/ekonomik.opole.pl\/eko3\/nabor-do-vii-kadencji-rady-dzieci-i-mlodziezy-przy-ministrze-edukacji-i-nauki\/","title":{"rendered":"Nab\u00f3r do VII kadencji Rady Dzieci i M\u0142odzie\u017cy przy Ministrze Edukacji i Nauki"},"content":{"rendered":"\t\t<div data-elementor-type=\"wp-post\" data-elementor-id=\"996602\" class=\"elementor elementor-996602\" data-elementor-settings=\"[]\">\n\t\t\t\t\t\t<div class=\"elementor-inner\">\n\t\t\t\t\t\t\t<div class=\"elementor-section-wrap\">\n\t\t\t\t\t\t\t<section class=\"elementor-section elementor-top-section elementor-element elementor-element-2845cf4d elementor-section-full_width elementor-section-height-default elementor-section-height-default\" data-id=\"2845cf4d\" data-element_type=\"section\">\n\t\t\t\t\t\t<div class=\"elementor-container elementor-column-gap-default\">\n\t\t\t\t\t\t\t<div class=\"elementor-row\">\n\t\t\t\t\t<div class=\"elementor-column elementor-col-100 elementor-top-column elementor-element elementor-element-7638f11b\" data-id=\"7638f11b\" data-element_type=\"column\">\n\t\t\t<div class=\"elementor-column-wrap elementor-element-populated\">\n\t\t\t\t\t\t\t<div class=\"elementor-widget-wrap\">\n\t\t\t\t\t\t<div class=\"elementor-element elementor-element-23028864 elementor-drop-cap-yes elementor-drop-cap-view-default elementor-widget elementor-widget-text-editor\" data-id=\"23028864\" data-element_type=\"widget\" data-settings=\"{&quot;drop_cap&quot;:&quot;yes&quot;}\" data-widget_type=\"text-editor.default\">\n\t\t\t\t<div class=\"elementor-widget-container\">\n\t\t\t\t\t\t\t\t<div class=\"elementor-text-editor elementor-clearfix\">\n\t\t\t\t\t<p>Ruszy\u0142 nab\u00f3r do VII kadencji Rady Dzieci i M\u0142odzie\u017cy przy Ministrze Edukacji i Nauki. Nab\u00f3r potrwa <strong><u>do 22 wrze\u015bnia<\/u><\/strong> 2023 r.<\/p><p>Do zada\u0144 Rady nale\u017cy wyra\u017canie opinii, w tym przedstawianie propozycji w kwestiach dotycz\u0105cych dzieci i m\u0142odzie\u017cy, w szczeg\u00f3lno\u015bci na temat planowanych zmian i propozycji rozwi\u0105za\u0144.<\/p><p>\u00a0Do Rady Dzieci i M\u0142odzie\u017cy mog\u0105 kandydowa\u0107 <strong>uczniowie urodzeni<\/strong> mi\u0119dzy <strong>1 pa\u017adziernika 2002 r. a 1 pa\u017adziernika 2010 r.<\/strong> Zg\u0142oszenie polega na przes\u0142aniu skanu wype\u0142nionego formularza wraz z \u017cyciorysem.<\/p><p>\u00a0<\/p><p><strong>Zg\u0142oszenia do VII kadencji Rady Dzieci i M\u0142odzie\u017cy mo\u017cna przesy\u0142a\u0107 do 22 wrze\u015bnia 2023 r. na adres email:\u00a0<\/strong><a href=\"mailto:naborRDIM@mein.gov.pl\"><strong>naborRDIM@mein.gov.pl<\/strong><\/a><\/p>\t\t\t\t\t<\/div>\n\t\t\t\t\t\t<\/div>\n\t\t\t\t<\/div>\n\t\t\t\t<div class=\"elementor-element elementor-element-2e027ccb elementor-widget-divider--separator-type-pattern elementor-widget-divider--no-spacing elementor-widget-divider--view-line elementor-widget elementor-widget-divider\" data-id=\"2e027ccb\" data-element_type=\"widget\" data-widget_type=\"divider.default\">\n\t\t\t\t<div class=\"elementor-widget-container\">\n\t\t\t\t\t<div class=\"elementor-divider\" style=\"--divider-pattern-url: url(&quot;data:image\/svg+xml,%3Csvg xmlns=&#039;http:\/\/www.w3.org\/2000\/svg&#039; preserveAspectRatio=&#039;xMidYMid meet&#039; overflow=&#039;visible&#039; height=&#039;100%&#039; viewBox=&#039;0 0 126 26&#039; fill=&#039;black&#039; stroke=&#039;none&#039;%3E%3Cpath d=&#039;M3,10.2c2.6,0,2.6,2,2.6,3.2S4.4,16.5,3,16.5s-3-1.4-3-3.2S0.4,10.2,3,10.2z M18.8,10.2c1.7,0,3.2,1.4,3.2,3.2s-1.4,3.2-3.2,3.2c-1.7,0-3.2-1.4-3.2-3.2S17,10.2,18.8,10.2z M34.6,10.2c1.5,0,2.6,1.4,2.6,3.2s-0.5,3.2-1.9,3.2c-1.5,0-3.4-1.4-3.4-3.2S33.1,10.2,34.6,10.2z M50.5,10.2c1.7,0,3.2,1.4,3.2,3.2s-1.4,3.2-3.2,3.2c-1.7,0-3.3-0.9-3.3-2.6S48.7,10.2,50.5,10.2z M66.2,10.2c1.5,0,3.4,1.4,3.4,3.2s-1.9,3.2-3.4,3.2c-1.5,0-2.6-0.4-2.6-2.1S64.8,10.2,66.2,10.2z M82.2,10.2c1.7,0.8,2.6,1.4,2.6,3.2s-0.1,3.2-1.6,3.2c-1.5,0-3.7-1.4-3.7-3.2S80.5,9.4,82.2,10.2zM98.6,10.2c1.5,0,2.6,0.4,2.6,2.1s-1.2,4.2-2.6,4.2c-1.5,0-3.7-0.4-3.7-2.1S97.1,10.2,98.6,10.2z M113.4,10.2c1.2,0,2.2,0.9,2.2,3.2s-0.1,3.2-1.3,3.2s-3.1-1.4-3.1-3.2S112.2,10.2,113.4,10.2z&#039;\/%3E%3C\/svg%3E&quot;);\">\n\t\t\t<span class=\"elementor-divider-separator\">\n\t\t\t\t\t\t<\/span>\n\t\t<\/div>\n\t\t\t\t<\/div>\n\t\t\t\t<\/div>\n\t\t\t\t<div class=\"elementor-element elementor-element-75d2857 elementor-widget-divider--view-line elementor-widget elementor-widget-divider\" data-id=\"75d2857\" data-element_type=\"widget\" data-widget_type=\"divider.default\">\n\t\t\t\t<div class=\"elementor-widget-container\">\n\t\t\t\t\t<div class=\"elementor-divider\">\n\t\t\t<span class=\"elementor-divider-separator\">\n\t\t\t\t\t\t<\/span>\n\t\t<\/div>\n\t\t\t\t<\/div>\n\t\t\t\t<\/div>\n\t\t\t\t<div class=\"elementor-element elementor-element-7084c523 elementor-widget elementor-widget-heading\" data-id=\"7084c523\" data-element_type=\"widget\" data-widget_type=\"heading.default\">\n\t\t\t\t<div class=\"elementor-widget-container\">\n\t\t\t<h3 class=\"elementor-heading-title elementor-size-default\">Szczeg\u00f3\u0142owe informacje<\/h3>\t\t<\/div>\n\t\t\t\t<\/div>\n\t\t\t\t<div class=\"elementor-element elementor-element-1963c5d5 elementor-widget elementor-widget-text-editor\" data-id=\"1963c5d5\" data-element_type=\"widget\" data-widget_type=\"text-editor.default\">\n\t\t\t\t<div class=\"elementor-widget-container\">\n\t\t\t\t\t\t\t\t<div class=\"elementor-text-editor elementor-clearfix\">\n\t\t\t\t\t<p>Szczeg\u00f3\u0142owe informacje na temat Rady oraz formularz zg\u0142oszeniowy s\u0105 dost\u0119pne na\u00a0<a href=\"https:\/\/www.gov.pl\/web\/edukacja-i-nauka\/wystartowal-nabor-do-rady-dzieci-i-mlodziezy--zgloszenia-do-22-wrzesnia-2023-r\">stronie Ministerstwa Edukacji i Nauki<\/a>.<\/p><p>\u00a0<\/p><p><a href=\"https:\/\/www.kuratorium.opole.pl\/nabor-do-vii-kadencji-rady-dzieci-i-mlodziezy-przy-ministrze-edukacji-i-nauki\/\">https:\/\/www.kuratorium.opole.pl\/nabor-do-vii-kadencji-rady-dzieci-i-mlodziezy-przy-ministrze-edukacji-i-nauki\/<\/a><\/p><p>\u00a0<\/p>\t\t\t\t\t<\/div>\n\t\t\t\t\t\t<\/div>\n\t\t\t\t<\/div>\n\t\t\t\t\t\t<\/div>\n\t\t\t\t\t<\/div>\n\t\t<\/div>\n\t\t\t\t\t\t\t\t<\/div>\n\t\t\t\t\t<\/div>\n\t\t<\/section>\n\t\t\t\t<section class=\"elementor-section elementor-top-section elementor-element elementor-element-c6e1c7e elementor-section-boxed elementor-section-height-default elementor-section-height-default\" data-id=\"c6e1c7e\" data-element_type=\"section\">\n\t\t\t\t\t\t<div class=\"elementor-container elementor-column-gap-default\">\n\t\t\t\t\t\t\t<div class=\"elementor-row\">\n\t\t\t\t\t<div class=\"elementor-column elementor-col-25 elementor-top-column elementor-element elementor-element-775dd3e\" data-id=\"775dd3e\" data-element_type=\"column\">\n\t\t\t<div class=\"elementor-column-wrap\">\n\t\t\t\t\t\t\t<div class=\"elementor-widget-wrap\">\n\t\t\t\t\t\t\t\t<\/div>\n\t\t\t\t\t<\/div>\n\t\t<\/div>\n\t\t\t\t<div class=\"elementor-column elementor-col-25 elementor-top-column elementor-element elementor-element-e57f82a\" data-id=\"e57f82a\" data-element_type=\"column\">\n\t\t\t<div class=\"elementor-column-wrap\">\n\t\t\t\t\t\t\t<div class=\"elementor-widget-wrap\">\n\t\t\t\t\t\t\t\t<\/div>\n\t\t\t\t\t<\/div>\n\t\t<\/div>\n\t\t\t\t<div class=\"elementor-column elementor-col-25 elementor-top-column elementor-element elementor-element-56cea98\" data-id=\"56cea98\" data-element_type=\"column\">\n\t\t\t<div class=\"elementor-column-wrap\">\n\t\t\t\t\t\t\t<div class=\"elementor-widget-wrap\">\n\t\t\t\t\t\t\t\t<\/div>\n\t\t\t\t\t<\/div>\n\t\t<\/div>\n\t\t\t\t<div class=\"elementor-column elementor-col-25 elementor-top-column elementor-element elementor-element-3523e30\" data-id=\"3523e30\" data-element_type=\"column\">\n\t\t\t<div class=\"elementor-column-wrap\">\n\t\t\t\t\t\t\t<div class=\"elementor-widget-wrap\">\n\t\t\t\t\t\t\t\t<\/div>\n\t\t\t\t\t<\/div>\n\t\t<\/div>\n\t\t\t\t\t\t\t\t<\/div>\n\t\t\t\t\t<\/div>\n\t\t<\/section>\n\t\t\t\t\t\t<\/div>\n\t\t\t\t\t\t<\/div>\n\t\t\t\t\t<\/div>\n\t\t","protected":false},"excerpt":{"rendered":"<p>Ruszy\u0142 nab\u00f3r do VII kadencji Rady Dzieci i M\u0142odzie\u017cy przy Ministrze Edukacji i Nauki. Nab\u00f3r potrwa do 22 wrze\u015bnia 2023 r. Do zada\u0144 Rady nale\u017cy wyra\u017canie opinii, w tym przedstawianie propozycji w kwestiach dotycz\u0105cych dzieci i m\u0142odzie\u017cy, w szczeg\u00f3lno\u015bci na temat planowanych zmian i propozycji rozwi\u0105za\u0144. \u00a0Do Rady Dzieci i M\u0142odzie\u017cy mog\u0105 kandydowa\u0107 uczniowie urodzeni&#8230;<\/p>\n","protected":false},"author":5,"featured_media":996604,"comment_status":"closed","ping_status":"open","sticky":false,"template":"","format":"standard","meta":{"inline_featured_image":false},"categories":[208,185,131],"tags":[199],"_links":{"self":[{"href":"http:\/\/ekonomik.opole.pl\/eko3\/wp-json\/wp\/v2\/posts\/996602"}],"collection":[{"href":"http:\/\/ekonomik.opole.pl\/eko3\/wp-json\/wp\/v2\/posts"}],"about":[{"href":"http:\/\/ekonomik.opole.pl\/eko3\/wp-json\/wp\/v2\/types\/post"}],"author":[{"embeddable":true,"href":"http:\/\/ekonomik.opole.pl\/eko3\/wp-json\/wp\/v2\/users\/5"}],"replies":[{"embeddable":true,"href":"http:\/\/ekonomik.opole.pl\/eko3\/wp-json\/wp\/v2\/comments?post=996602"}],"version-history":[{"count":4,"href":"http:\/\/ekonomik.opole.pl\/eko3\/wp-json\/wp\/v2\/posts\/996602\/revisions"}],"predecessor-version":[{"id":996607,"href":"http:\/\/ekonomik.opole.pl\/eko3\/wp-json\/wp\/v2\/posts\/996602\/revisions\/996607"}],"wp:featuredmedia":[{"embeddable":true,"href":"http:\/\/ekonomik.opole.pl\/eko3\/wp-json\/wp\/v2\/media\/996604"}],"wp:attachment":[{"href":"http:\/\/ekonomik.opole.pl\/eko3\/wp-json\/wp\/v2\/media?parent=996602"}],"wp:term":[{"taxonomy":"category","embeddable":true,"href":"http:\/\/ekonomik.opole.pl\/eko3\/wp-json\/wp\/v2\/categories?post=996602"},{"taxonomy":"post_tag","embeddable":true,"href":"http:\/\/ekonomik.opole.pl\/eko3\/wp-json\/wp\/v2\/tags?post=996602"}],"curies":[{"name":"wp","href":"https:\/\/api.w.org\/{rel}","templated":true}]}}