{"id":996620,"date":"2023-08-29T21:34:28","date_gmt":"2023-08-29T19:34:28","guid":{"rendered":"http:\/\/ekonomik.opole.pl\/eko3\/?p=996620"},"modified":"2023-08-29T21:44:28","modified_gmt":"2023-08-29T19:44:28","slug":"31-sierpnia-spotkania-z-rodzicami-i-uczniami-klas-pierwszych","status":"publish","type":"post","link":"http:\/\/ekonomik.opole.pl\/eko3\/31-sierpnia-spotkania-z-rodzicami-i-uczniami-klas-pierwszych\/","title":{"rendered":"31 sierpnia &#8211; spotkania z rodzicami i uczniami klas pierwszych"},"content":{"rendered":"\t\t<div data-elementor-type=\"wp-post\" data-elementor-id=\"996620\" class=\"elementor elementor-996620\" data-elementor-settings=\"[]\">\n\t\t\t\t\t\t<div class=\"elementor-inner\">\n\t\t\t\t\t\t\t<div class=\"elementor-section-wrap\">\n\t\t\t\t\t\t\t<section class=\"elementor-section elementor-top-section elementor-element elementor-element-4469a26b elementor-section-full_width elementor-section-height-default elementor-section-height-default\" data-id=\"4469a26b\" data-element_type=\"section\">\n\t\t\t\t\t\t<div class=\"elementor-container elementor-column-gap-default\">\n\t\t\t\t\t\t\t<div class=\"elementor-row\">\n\t\t\t\t\t<div class=\"elementor-column elementor-col-100 elementor-top-column elementor-element elementor-element-40ebe068\" data-id=\"40ebe068\" data-element_type=\"column\">\n\t\t\t<div class=\"elementor-column-wrap elementor-element-populated\">\n\t\t\t\t\t\t\t<div class=\"elementor-widget-wrap\">\n\t\t\t\t\t\t<div class=\"elementor-element elementor-element-6b4736cb elementor-drop-cap-yes elementor-drop-cap-view-default elementor-widget elementor-widget-text-editor\" data-id=\"6b4736cb\" data-element_type=\"widget\" data-settings=\"{&quot;drop_cap&quot;:&quot;yes&quot;}\" data-widget_type=\"text-editor.default\">\n\t\t\t\t<div class=\"elementor-widget-container\">\n\t\t\t\t\t\t\t\t<div class=\"elementor-text-editor elementor-clearfix\">\n\t\t\t\t\t<p>W imieniu dyrekcji, nauczycieli i pracownik\u00f3w szko\u0142y serdecznie zapraszamy na pierwsze spotkanie nowych uczni\u00f3w klas pierwszych i ich rodzic\u00f3w \/ opiekun\u00f3w.\u00a0<\/p><p><strong>16:30 &#8211; aula (III pi\u0119tro) &#8211; spotkanie rodzic\u00f3w uczni\u00f3w klas pierwszych z dyrekcj\u0105 Ekonomika<\/strong>.\u00a0<br \/><strong>16:30 &#8211; spotkanie uczni\u00f3w z wychowawcami w wyznaczonych salach.\u00a0<\/strong><\/p><p>\u00a0<\/p><div class=\"x11i5rnm xat24cr x1mh8g0r x1vvkbs xtlvy1s x126k92a\"><div dir=\"auto\"><strong>1A<\/strong> &#8211; technik fotografii i multimedi\u00f3w \/ technik ekonomista &#8211; wychowawca <strong>&#8211; Pani Edyta Ko\u015bcielak<\/strong> (nauczycielka j\u0119zyka polskiego)<\/div><\/div><div class=\"x11i5rnm xat24cr x1mh8g0r x1vvkbs xtlvy1s x126k92a\"><div dir=\"auto\"><strong>1B<\/strong> &#8211; technik programista \/ technik cyfrowych proces\u00f3w graficznych &#8211; wychowawca &#8211; <strong>Pani Beata Krywalska-Wlaz\u0142o<\/strong> (nauczycielka j\u0119zyka polskiego)<\/div><\/div><div class=\"x11i5rnm xat24cr x1mh8g0r x1vvkbs xtlvy1s x126k92a\"><div dir=\"auto\"><strong>1C<\/strong> &#8211; technik ekonomista &#8211; wychowawca &#8211; <strong>Pani Tamara S\u0142odkowska-Tram\u015b<\/strong> (nauczycielka przedmiot\u00f3w zawodowych ekonomicznych)<\/div><\/div><div class=\"x11i5rnm xat24cr x1mh8g0r x1vvkbs xtlvy1s x126k92a\"><div dir=\"auto\"><strong>1D<\/strong> &#8211; technik rachunkowo\u015bci &#8211; wychowawca &#8211;<strong> Pani Anna Matyaszczuk<\/strong> (nauczycielka matematyki)<\/div><\/div><div class=\"x11i5rnm xat24cr x1mh8g0r x1vvkbs xtlvy1s x126k92a\"><div dir=\"auto\"><strong>1E<\/strong> &#8211; technik reklamy &#8211; wychowawca &#8211; <strong>Pani Olga Wilkowska<\/strong> (nauczycielka przedmiot\u00f3w zawodowych graficznych i reklamowych)<\/div><\/div><div class=\"x11i5rnm xat24cr x1mh8g0r x1vvkbs xtlvy1s x126k92a\"><div dir=\"auto\"><strong>1F<\/strong> &#8211; technik logistyk- wychowawca &#8211; <strong>Pani Iwona Krakowiak-Bzymek<\/strong> (nauczycielka j\u0119zyka polskiego)<\/div><\/div><p>\u00a0<\/p><p>\u00a0<\/p>\t\t\t\t\t<\/div>\n\t\t\t\t\t\t<\/div>\n\t\t\t\t<\/div>\n\t\t\t\t<div class=\"elementor-element elementor-element-79208976 elementor-widget-divider--separator-type-pattern elementor-widget-divider--no-spacing elementor-widget-divider--view-line elementor-widget elementor-widget-divider\" data-id=\"79208976\" data-element_type=\"widget\" data-widget_type=\"divider.default\">\n\t\t\t\t<div class=\"elementor-widget-container\">\n\t\t\t\t\t<div class=\"elementor-divider\" style=\"--divider-pattern-url: url(&quot;data:image\/svg+xml,%3Csvg xmlns=&#039;http:\/\/www.w3.org\/2000\/svg&#039; preserveAspectRatio=&#039;xMidYMid meet&#039; overflow=&#039;visible&#039; height=&#039;100%&#039; viewBox=&#039;0 0 126 26&#039; fill=&#039;black&#039; stroke=&#039;none&#039;%3E%3Cpath d=&#039;M3,10.2c2.6,0,2.6,2,2.6,3.2S4.4,16.5,3,16.5s-3-1.4-3-3.2S0.4,10.2,3,10.2z M18.8,10.2c1.7,0,3.2,1.4,3.2,3.2s-1.4,3.2-3.2,3.2c-1.7,0-3.2-1.4-3.2-3.2S17,10.2,18.8,10.2z M34.6,10.2c1.5,0,2.6,1.4,2.6,3.2s-0.5,3.2-1.9,3.2c-1.5,0-3.4-1.4-3.4-3.2S33.1,10.2,34.6,10.2z M50.5,10.2c1.7,0,3.2,1.4,3.2,3.2s-1.4,3.2-3.2,3.2c-1.7,0-3.3-0.9-3.3-2.6S48.7,10.2,50.5,10.2z M66.2,10.2c1.5,0,3.4,1.4,3.4,3.2s-1.9,3.2-3.4,3.2c-1.5,0-2.6-0.4-2.6-2.1S64.8,10.2,66.2,10.2z M82.2,10.2c1.7,0.8,2.6,1.4,2.6,3.2s-0.1,3.2-1.6,3.2c-1.5,0-3.7-1.4-3.7-3.2S80.5,9.4,82.2,10.2zM98.6,10.2c1.5,0,2.6,0.4,2.6,2.1s-1.2,4.2-2.6,4.2c-1.5,0-3.7-0.4-3.7-2.1S97.1,10.2,98.6,10.2z M113.4,10.2c1.2,0,2.2,0.9,2.2,3.2s-0.1,3.2-1.3,3.2s-3.1-1.4-3.1-3.2S112.2,10.2,113.4,10.2z&#039;\/%3E%3C\/svg%3E&quot;);\">\n\t\t\t<span class=\"elementor-divider-separator\">\n\t\t\t\t\t\t<\/span>\n\t\t<\/div>\n\t\t\t\t<\/div>\n\t\t\t\t<\/div>\n\t\t\t\t<div class=\"elementor-element elementor-element-29ca98 elementor-widget-divider--view-line elementor-widget elementor-widget-divider\" data-id=\"29ca98\" data-element_type=\"widget\" data-widget_type=\"divider.default\">\n\t\t\t\t<div class=\"elementor-widget-container\">\n\t\t\t\t\t<div class=\"elementor-divider\">\n\t\t\t<span class=\"elementor-divider-separator\">\n\t\t\t\t\t\t<\/span>\n\t\t<\/div>\n\t\t\t\t<\/div>\n\t\t\t\t<\/div>\n\t\t\t\t<div class=\"elementor-element elementor-element-69722933 elementor-widget elementor-widget-heading\" data-id=\"69722933\" data-element_type=\"widget\" data-widget_type=\"heading.default\">\n\t\t\t\t<div class=\"elementor-widget-container\">\n\t\t\t<h3 class=\"elementor-heading-title elementor-size-default\">Nowe bluzy Ekonomika<\/h3>\t\t<\/div>\n\t\t\t\t<\/div>\n\t\t\t\t<div class=\"elementor-element elementor-element-3809d595 elementor-widget elementor-widget-text-editor\" data-id=\"3809d595\" data-element_type=\"widget\" data-widget_type=\"text-editor.default\">\n\t\t\t\t<div class=\"elementor-widget-container\">\n\t\t\t\t\t\t\t\t<div class=\"elementor-text-editor elementor-clearfix\">\n\t\t\t\t\t<p>31 sierpnia i 4 wrze\u015bnia wypatrujcie stanowiska szkolnej agencji reklamowej CODED i E&amp;P Company. Uczniowie b\u0119d\u0105 zbiera\u0107 zam\u00f3wienia na bluzy (zdj\u0119cia) w ka\u017cdym rozmiarze. Czas realizacji zam\u00f3wienia &#8211; 2 tygodnie.\u00a0<\/p>\t\t\t\t\t<\/div>\n\t\t\t\t\t\t<\/div>\n\t\t\t\t<\/div>\n\t\t\t\t\t\t<\/div>\n\t\t\t\t\t<\/div>\n\t\t<\/div>\n\t\t\t\t\t\t\t\t<\/div>\n\t\t\t\t\t<\/div>\n\t\t<\/section>\n\t\t\t\t\t\t<\/div>\n\t\t\t\t\t\t<\/div>\n\t\t\t\t\t<\/div>\n\t\t","protected":false},"excerpt":{"rendered":"<p>W imieniu dyrekcji, nauczycieli i pracownik\u00f3w szko\u0142y serdecznie zapraszamy na pierwsze spotkanie nowych uczni\u00f3w klas pierwszych i ich rodzic\u00f3w \/ opiekun\u00f3w.\u00a0 16:30 &#8211; aula (III pi\u0119tro) &#8211; spotkanie rodzic\u00f3w uczni\u00f3w klas pierwszych z dyrekcj\u0105 Ekonomika.\u00a016:30 &#8211; spotkanie uczni\u00f3w z wychowawcami w wyznaczonych salach.\u00a0 \u00a0 1A &#8211; technik fotografii i multimedi\u00f3w \/ technik ekonomista &#8211; wychowawca&#8230;<\/p>\n","protected":false},"author":5,"featured_media":996622,"comment_status":"closed","ping_status":"open","sticky":false,"template":"","format":"standard","meta":{"inline_featured_image":false},"categories":[85,115],"tags":[196],"_links":{"self":[{"href":"http:\/\/ekonomik.opole.pl\/eko3\/wp-json\/wp\/v2\/posts\/996620"}],"collection":[{"href":"http:\/\/ekonomik.opole.pl\/eko3\/wp-json\/wp\/v2\/posts"}],"about":[{"href":"http:\/\/ekonomik.opole.pl\/eko3\/wp-json\/wp\/v2\/types\/post"}],"author":[{"embeddable":true,"href":"http:\/\/ekonomik.opole.pl\/eko3\/wp-json\/wp\/v2\/users\/5"}],"replies":[{"embeddable":true,"href":"http:\/\/ekonomik.opole.pl\/eko3\/wp-json\/wp\/v2\/comments?post=996620"}],"version-history":[{"count":4,"href":"http:\/\/ekonomik.opole.pl\/eko3\/wp-json\/wp\/v2\/posts\/996620\/revisions"}],"predecessor-version":[{"id":996625,"href":"http:\/\/ekonomik.opole.pl\/eko3\/wp-json\/wp\/v2\/posts\/996620\/revisions\/996625"}],"wp:featuredmedia":[{"embeddable":true,"href":"http:\/\/ekonomik.opole.pl\/eko3\/wp-json\/wp\/v2\/media\/996622"}],"wp:attachment":[{"href":"http:\/\/ekonomik.opole.pl\/eko3\/wp-json\/wp\/v2\/media?parent=996620"}],"wp:term":[{"taxonomy":"category","embeddable":true,"href":"http:\/\/ekonomik.opole.pl\/eko3\/wp-json\/wp\/v2\/categories?post=996620"},{"taxonomy":"post_tag","embeddable":true,"href":"http:\/\/ekonomik.opole.pl\/eko3\/wp-json\/wp\/v2\/tags?post=996620"}],"curies":[{"name":"wp","href":"https:\/\/api.w.org\/{rel}","templated":true}]}}