{"id":996630,"date":"2023-09-01T11:31:32","date_gmt":"2023-09-01T09:31:32","guid":{"rendered":"http:\/\/ekonomik.opole.pl\/eko3\/?p=996630"},"modified":"2023-09-01T11:33:05","modified_gmt":"2023-09-01T09:33:05","slug":"4-wrzesnia-zaczynamy-o-godzinie-900-na-boisku-szkolnym","status":"publish","type":"post","link":"http:\/\/ekonomik.opole.pl\/eko3\/4-wrzesnia-zaczynamy-o-godzinie-900-na-boisku-szkolnym\/","title":{"rendered":"4 wrze\u015bnia zaczynamy o godzinie 9:00 na boisku szkolnym"},"content":{"rendered":"\t\t<div data-elementor-type=\"wp-post\" data-elementor-id=\"996630\" class=\"elementor elementor-996630\" data-elementor-settings=\"[]\">\n\t\t\t\t\t\t<div class=\"elementor-inner\">\n\t\t\t\t\t\t\t<div class=\"elementor-section-wrap\">\n\t\t\t\t\t\t\t<section class=\"elementor-section elementor-top-section elementor-element elementor-element-d7b74be elementor-section-full_width elementor-section-height-default elementor-section-height-default\" data-id=\"d7b74be\" data-element_type=\"section\">\n\t\t\t\t\t\t<div class=\"elementor-container elementor-column-gap-default\">\n\t\t\t\t\t\t\t<div class=\"elementor-row\">\n\t\t\t\t\t<div class=\"elementor-column elementor-col-100 elementor-top-column elementor-element elementor-element-731599d3\" data-id=\"731599d3\" data-element_type=\"column\">\n\t\t\t<div class=\"elementor-column-wrap elementor-element-populated\">\n\t\t\t\t\t\t\t<div class=\"elementor-widget-wrap\">\n\t\t\t\t\t\t<div class=\"elementor-element elementor-element-26704ec2 elementor-drop-cap-yes elementor-drop-cap-view-default elementor-widget elementor-widget-text-editor\" data-id=\"26704ec2\" data-element_type=\"widget\" data-settings=\"{&quot;drop_cap&quot;:&quot;yes&quot;}\" data-widget_type=\"text-editor.default\">\n\t\t\t\t<div class=\"elementor-widget-container\">\n\t\t\t\t\t\t\t\t<div class=\"elementor-text-editor elementor-clearfix\">\n\t\t\t\t\t<p class=\"gwp796c7797_MsoNormal\">Rozpocz\u0119cie roku szkolnego odb\u0119dzie si\u0119 <b>04 wrze\u015bnia 2023r. o godz. 09.00<\/b> na boisku szkolnym, nast\u0119pnie odb\u0119d\u0105 si\u0119 spotkania z wychowawcami w wyznaczonych salach.<\/p><p class=\"gwp796c7797_MsoNormal\">\u00a0<\/p><p class=\"gwp796c7797_MsoNormal\">Przypominamy, \u017ce w tym dniu <u>obowi\u0105zuje od\u015bwi\u0119tny str\u00f3j szkolny<\/u>.<\/p><p class=\"gwp796c7797_MsoNormal\">\u00a0<\/p>\t\t\t\t\t<\/div>\n\t\t\t\t\t\t<\/div>\n\t\t\t\t<\/div>\n\t\t\t\t<div class=\"elementor-element elementor-element-20d27910 elementor-widget-divider--separator-type-pattern elementor-widget-divider--no-spacing elementor-widget-divider--view-line elementor-widget elementor-widget-divider\" data-id=\"20d27910\" data-element_type=\"widget\" data-widget_type=\"divider.default\">\n\t\t\t\t<div class=\"elementor-widget-container\">\n\t\t\t\t\t<div class=\"elementor-divider\" style=\"--divider-pattern-url: url(&quot;data:image\/svg+xml,%3Csvg xmlns=&#039;http:\/\/www.w3.org\/2000\/svg&#039; preserveAspectRatio=&#039;xMidYMid meet&#039; overflow=&#039;visible&#039; height=&#039;100%&#039; viewBox=&#039;0 0 126 26&#039; fill=&#039;black&#039; stroke=&#039;none&#039;%3E%3Cpath d=&#039;M3,10.2c2.6,0,2.6,2,2.6,3.2S4.4,16.5,3,16.5s-3-1.4-3-3.2S0.4,10.2,3,10.2z M18.8,10.2c1.7,0,3.2,1.4,3.2,3.2s-1.4,3.2-3.2,3.2c-1.7,0-3.2-1.4-3.2-3.2S17,10.2,18.8,10.2z M34.6,10.2c1.5,0,2.6,1.4,2.6,3.2s-0.5,3.2-1.9,3.2c-1.5,0-3.4-1.4-3.4-3.2S33.1,10.2,34.6,10.2z M50.5,10.2c1.7,0,3.2,1.4,3.2,3.2s-1.4,3.2-3.2,3.2c-1.7,0-3.3-0.9-3.3-2.6S48.7,10.2,50.5,10.2z M66.2,10.2c1.5,0,3.4,1.4,3.4,3.2s-1.9,3.2-3.4,3.2c-1.5,0-2.6-0.4-2.6-2.1S64.8,10.2,66.2,10.2z M82.2,10.2c1.7,0.8,2.6,1.4,2.6,3.2s-0.1,3.2-1.6,3.2c-1.5,0-3.7-1.4-3.7-3.2S80.5,9.4,82.2,10.2zM98.6,10.2c1.5,0,2.6,0.4,2.6,2.1s-1.2,4.2-2.6,4.2c-1.5,0-3.7-0.4-3.7-2.1S97.1,10.2,98.6,10.2z M113.4,10.2c1.2,0,2.2,0.9,2.2,3.2s-0.1,3.2-1.3,3.2s-3.1-1.4-3.1-3.2S112.2,10.2,113.4,10.2z&#039;\/%3E%3C\/svg%3E&quot;);\">\n\t\t\t<span class=\"elementor-divider-separator\">\n\t\t\t\t\t\t<\/span>\n\t\t<\/div>\n\t\t\t\t<\/div>\n\t\t\t\t<\/div>\n\t\t\t\t<div class=\"elementor-element elementor-element-76b6bc1a elementor-widget-divider--view-line elementor-widget elementor-widget-divider\" data-id=\"76b6bc1a\" data-element_type=\"widget\" data-widget_type=\"divider.default\">\n\t\t\t\t<div class=\"elementor-widget-container\">\n\t\t\t\t\t<div class=\"elementor-divider\">\n\t\t\t<span class=\"elementor-divider-separator\">\n\t\t\t\t\t\t<\/span>\n\t\t<\/div>\n\t\t\t\t<\/div>\n\t\t\t\t<\/div>\n\t\t\t\t<div class=\"elementor-element elementor-element-300fe340 elementor-widget elementor-widget-heading\" data-id=\"300fe340\" data-element_type=\"widget\" data-widget_type=\"heading.default\">\n\t\t\t\t<div class=\"elementor-widget-container\">\n\t\t\t<h3 class=\"elementor-heading-title elementor-size-default\">Spotkania z wychowawcami <\/h3>\t\t<\/div>\n\t\t\t\t<\/div>\n\t\t\t\t<div class=\"elementor-element elementor-element-3b00d187 elementor-widget elementor-widget-text-editor\" data-id=\"3b00d187\" data-element_type=\"widget\" data-widget_type=\"text-editor.default\">\n\t\t\t\t<div class=\"elementor-widget-container\">\n\t\t\t\t\t\t\t\t<div class=\"elementor-text-editor elementor-clearfix\">\n\t\t\t\t\t<table width=\"0\"><tbody><tr><td width=\"57\"><p><strong>klasa<\/strong><\/p><\/td><td width=\"350\"><p><strong>zaw\u00f3d<\/strong><\/p><\/td><td width=\"274\"><p><strong>Wychowawca<\/strong><\/p><\/td><td width=\"65\"><p><strong>sala<\/strong><\/p><\/td><\/tr><tr><td width=\"57\"><p><strong>1a<\/strong><\/p><\/td><td width=\"350\"><p>1a1 \u2013 technik fotografii i multimedi\u00f3w<\/p><\/td><td rowspan=\"2\" width=\"274\"><p>Edyta Ko\u015bcielak<\/p><\/td><td rowspan=\"2\" width=\"65\"><p>49<\/p><\/td><\/tr><tr><td width=\"57\"><p><strong>\u00a0<\/strong><\/p><\/td><td width=\"350\"><p>1a2 \u2013 technik ekonomista<\/p><\/td><\/tr><tr><td width=\"57\"><p><strong>1b<\/strong><\/p><\/td><td width=\"350\"><p>1b1 \u2013 technik programista<\/p><\/td><td rowspan=\"2\" width=\"274\"><p>Beata Krywalska &#8211; Wlaz\u0142o<\/p><\/td><td rowspan=\"2\" width=\"65\"><p>50<\/p><\/td><\/tr><tr><td width=\"57\"><p><strong>\u00a0<\/strong><\/p><\/td><td width=\"350\"><p>1b2 \u2013 technik grafiki i poligrafii cyfrowej<\/p><\/td><\/tr><tr><td width=\"57\"><p><strong>1c<\/strong><\/p><\/td><td width=\"350\"><p>\u00a0\u00a0\u00a0\u00a0\u00a0\u00a0\u00a0\u00a0\u00a0\u00a0 technik ekonomista<\/p><\/td><td width=\"274\"><p>Tamara S\u0142odkowska &#8211; Tram\u015b<\/p><\/td><td width=\"65\"><p>22<\/p><\/td><\/tr><tr><td width=\"57\"><p><strong>1d<\/strong><\/p><\/td><td width=\"350\"><p>\u00a0\u00a0\u00a0\u00a0\u00a0\u00a0\u00a0\u00a0\u00a0\u00a0 technik rachunkowo\u015bci<\/p><\/td><td width=\"274\"><p>Anna Matyaszczuk<\/p><\/td><td width=\"65\"><p>35<\/p><\/td><\/tr><tr><td width=\"57\"><p><strong>1e<\/strong><\/p><\/td><td width=\"350\"><p>\u00a0\u00a0\u00a0\u00a0\u00a0\u00a0\u00a0\u00a0\u00a0\u00a0 technik reklamy<\/p><\/td><td width=\"274\"><p>Olga Wilkowska<\/p><\/td><td width=\"65\"><p>28<\/p><\/td><\/tr><tr><td width=\"57\"><p><strong>1f<\/strong><\/p><\/td><td width=\"350\"><p>\u00a0\u00a0\u00a0\u00a0\u00a0\u00a0\u00a0\u00a0\u00a0\u00a0 technik logistyk<\/p><\/td><td width=\"274\"><p>Iwona Krakowiak &#8211; Bzymek<\/p><\/td><td width=\"65\"><p>31<\/p><\/td><\/tr><tr><td width=\"57\"><p><strong>2a<\/strong><\/p><\/td><td width=\"350\"><p>2a1 \u2013 technik fotografii i multimedi\u00f3w<\/p><\/td><td rowspan=\"2\" width=\"274\"><p>Sebastian Tabo\u0142<\/p><\/td><td rowspan=\"2\" width=\"65\"><p>27<\/p><\/td><\/tr><tr><td width=\"57\"><p><strong>\u00a0<\/strong><\/p><\/td><td width=\"350\"><p>2a2 \u2013 technik programista<\/p><\/td><\/tr><tr><td width=\"57\"><p><strong>2b<\/strong><\/p><\/td><td width=\"350\"><p>\u00a0\u00a0\u00a0\u00a0\u00a0\u00a0\u00a0\u00a0\u00a0\u00a0 technik rachunkowo\u015bci<\/p><\/td><td width=\"274\"><p>Ma\u0142gorzata Rapacz<\/p><\/td><td width=\"65\"><p>25<\/p><\/td><\/tr><tr><td width=\"57\"><p><strong>2c<\/strong><\/p><\/td><td width=\"350\"><p>\u00a0\u00a0\u00a0\u00a0\u00a0\u00a0\u00a0\u00a0\u00a0\u00a0 technik ekonomista<\/p><\/td><td width=\"274\"><p>Katarzyna Romanowska<\/p><\/td><td width=\"65\"><p>21<\/p><\/td><\/tr><tr><td width=\"57\"><p><strong>2d<\/strong><\/p><\/td><td width=\"350\"><p>2d1 \u2013 technik ekonomista<\/p><\/td><td rowspan=\"2\" width=\"274\"><p>Ewa Podwysocka<\/p><\/td><td rowspan=\"2\" width=\"65\"><p>39<\/p><\/td><\/tr><tr><td width=\"57\"><p><strong>\u00a0<\/strong><\/p><\/td><td width=\"350\"><p>2d2 \u2013 technik logistyk<\/p><\/td><\/tr><tr><td width=\"57\"><p><strong>2e<\/strong><\/p><\/td><td width=\"350\"><p>\u00a0\u00a0\u00a0\u00a0\u00a0\u00a0\u00a0\u00a0\u00a0\u00a0 technik reklamy<\/p><\/td><td width=\"274\"><p>Urszula Izdebska<\/p><\/td><td width=\"65\"><p>8<\/p><\/td><\/tr><tr><td width=\"57\"><p><strong>2f<\/strong><\/p><\/td><td width=\"350\"><p>\u00a0\u00a0\u00a0\u00a0\u00a0\u00a0\u00a0\u00a0\u00a0\u00a0 technik logistyk<\/p><\/td><td width=\"274\"><p>Ma\u0142gorzata Ja\u015bkiewicz<\/p><\/td><td width=\"65\"><p>33<\/p><\/td><\/tr><tr><td width=\"57\"><p><strong>2g<\/strong><\/p><\/td><td width=\"350\"><p>\u00a0\u00a0\u00a0\u00a0\u00a0\u00a0\u00a0\u00a0\u00a0\u00a0 technik grafiki i poligrafii cyfrowej<\/p><\/td><td width=\"274\"><p>Rafa\u0142 Krzyszta\u0142owicz<\/p><\/td><td width=\"65\"><p>45<\/p><\/td><\/tr><tr><td width=\"57\"><p><strong>3a<\/strong><\/p><\/td><td width=\"350\"><p>3a1 \u2013 technik fotografii i multimedi\u00f3w<\/p><\/td><td rowspan=\"2\" width=\"274\"><p>Sylwester Strzelec<\/p><\/td><td rowspan=\"2\" width=\"65\"><p>54<\/p><\/td><\/tr><tr><td width=\"57\"><p><strong>\u00a0<\/strong><\/p><\/td><td width=\"350\"><p>3a2 \u2013 technik grafiki i poligrafii cyfrowej<\/p><\/td><\/tr><tr><td width=\"57\"><p><strong>3b<\/strong><\/p><\/td><td width=\"350\"><p>3b1 \u2013 technik ekonomista<\/p><\/td><td rowspan=\"2\" width=\"274\"><p>Adam Skwira<\/p><\/td><td rowspan=\"2\" width=\"65\"><p>2<\/p><\/td><\/tr><tr><td width=\"57\"><p><strong>\u00a0<\/strong><\/p><\/td><td width=\"350\"><p>3b2 \u2013 technik programista<\/p><\/td><\/tr><tr><td width=\"57\"><p><strong>3c<\/strong><\/p><\/td><td width=\"350\"><p>\u00a0\u00a0\u00a0\u00a0\u00a0\u00a0\u00a0\u00a0\u00a0\u00a0 technik rachunkowo\u015bci<\/p><\/td><td width=\"274\"><p>Beata Klama<\/p><\/td><td width=\"65\"><p>34<\/p><\/td><\/tr><tr><td width=\"57\"><p><strong>3d<\/strong><\/p><\/td><td width=\"350\"><p>\u00a0\u00a0\u00a0\u00a0\u00a0\u00a0\u00a0\u00a0\u00a0\u00a0 technik ekonomista<\/p><\/td><td width=\"274\"><p>Izabela Go\u0142og\u00f3rska<\/p><\/td><td width=\"65\"><p>czyt.<\/p><\/td><\/tr><tr><td width=\"57\"><p><strong>3e<\/strong><\/p><\/td><td width=\"350\"><p>\u00a0\u00a0\u00a0\u00a0\u00a0\u00a0\u00a0\u00a0\u00a0\u00a0 technik reklamy<\/p><\/td><td width=\"274\"><p>Mariusz Fr\u0105ckowiak<\/p><\/td><td width=\"65\"><p>41<\/p><\/td><\/tr><tr><td width=\"57\"><p><strong>3f<\/strong><\/p><\/td><td width=\"350\"><p>\u00a0\u00a0\u00a0\u00a0\u00a0\u00a0\u00a0\u00a0\u00a0\u00a0 technik logistyk<\/p><\/td><td width=\"274\"><p>Stanis\u0142aw Hadyna<\/p><\/td><td width=\"65\"><p>40<\/p><\/td><\/tr><tr><td width=\"57\"><p><strong>4a<\/strong><\/p><\/td><td width=\"350\"><p>4a1 \u2013 technik programista<\/p><p>4a2 \u2013 technik fotografii i multimedi\u00f3w<\/p><\/td><td width=\"274\"><p>Katarzyna \u017bukowska<\/p><\/td><td width=\"65\"><p>30<\/p><\/td><\/tr><tr><td width=\"57\"><p><strong>4b<\/strong><\/p><\/td><td width=\"350\"><p>\u00a0\u00a0\u00a0\u00a0\u00a0\u00a0\u00a0\u00a0\u00a0\u00a0 technik grafiki i poligrafii cyfrowej<\/p><\/td><td width=\"274\"><p>Monika Ku\u017anik<\/p><\/td><td width=\"65\"><p>6<\/p><\/td><\/tr><tr><td width=\"57\"><p><strong>4c<\/strong><\/p><\/td><td width=\"350\"><p>\u00a0\u00a0\u00a0\u00a0\u00a0\u00a0\u00a0\u00a0\u00a0\u00a0 technik rachunkowo\u015bci<\/p><\/td><td width=\"274\"><p>Anna Suchi\u0144ska<\/p><\/td><td width=\"65\"><p>53<\/p><\/td><\/tr><tr><td width=\"57\"><p><strong>4d<\/strong><\/p><\/td><td width=\"350\"><p>\u00a0\u00a0\u00a0\u00a0\u00a0\u00a0\u00a0\u00a0\u00a0\u00a0 technik ekonomista<\/p><\/td><td width=\"274\"><p>Anna Podleska<\/p><\/td><td width=\"65\"><p>53<\/p><\/td><\/tr><tr><td width=\"57\"><p><strong>4e<\/strong><\/p><\/td><td width=\"350\"><p>\u00a0\u00a0\u00a0\u00a0\u00a0\u00a0\u00a0\u00a0\u00a0\u00a0 technik reklamy<\/p><\/td><td width=\"274\"><p>Patrycja Borczy\u0144ska<\/p><\/td><td width=\"65\"><p>5<\/p><\/td><\/tr><tr><td width=\"57\"><p><strong>4f<\/strong><\/p><\/td><td width=\"350\"><p>\u00a0\u00a0\u00a0\u00a0\u00a0\u00a0\u00a0\u00a0\u00a0\u00a0 technik logistyk<\/p><\/td><td width=\"274\"><p>Jaros\u0142aw U\u0142amek<\/p><\/td><td width=\"65\"><p>55<\/p><\/td><\/tr><tr><td width=\"57\"><p><strong>4g<\/strong><\/p><\/td><td width=\"350\"><p>\u00a0\u00a0\u00a0\u00a0\u00a0\u00a0\u00a0\u00a0\u00a0\u00a0 technik logistyk<\/p><\/td><td width=\"274\"><p>Anna Rogowska<\/p><\/td><td width=\"65\"><p>20<\/p><\/td><\/tr><tr><td width=\"57\"><p><strong>5na<\/strong><\/p><\/td><td width=\"350\"><p>5na1 \u2013 technik grafiki i poligrafii cyfrowej<\/p><p>5na2 \u2013 technik ekonomista<\/p><\/td><td width=\"274\"><p>Bo\u017cena Babuli\u0144ska &#8211; Balawajder<\/p><\/td><td width=\"65\"><p>48<\/p><\/td><\/tr><tr><td width=\"57\"><p><strong>5nb<\/strong><\/p><\/td><td width=\"350\"><p>\u00a0\u00a0\u00a0\u00a0\u00a0\u00a0\u00a0\u00a0\u00a0\u00a0\u00a0\u00a0 technik rachunkowo\u015bci<\/p><\/td><td width=\"274\"><p>Mariusz Wojas<\/p><\/td><td width=\"65\"><p>38<\/p><\/td><\/tr><tr><td width=\"57\"><p><strong>5nc<\/strong><\/p><\/td><td width=\"350\"><p>5nc1 \u2013 technik fotografii i multimedi\u00f3w<\/p><p>5nc2 \u2013 technik reklamy<\/p><\/td><td width=\"274\"><p>Anna Kornek<\/p><\/td><td width=\"65\"><p>58<\/p><\/td><\/tr><tr><td width=\"57\"><p><strong>5nd<\/strong><\/p><\/td><td width=\"350\"><p>5nd1 \u2013 technik logistyk \u201esprawni jak \u017co\u0142nierze\u201d<\/p><p>5nd2 \u2013 technik logistyk \u201eeurologistyk\u201d<\/p><\/td><td width=\"274\"><p>Ma\u0142gorzata Kochanowska<\/p><\/td><td width=\"65\"><p>57<\/p><\/td><\/tr><\/tbody><\/table>\t\t\t\t\t<\/div>\n\t\t\t\t\t\t<\/div>\n\t\t\t\t<\/div>\n\t\t\t\t\t\t<\/div>\n\t\t\t\t\t<\/div>\n\t\t<\/div>\n\t\t\t\t\t\t\t\t<\/div>\n\t\t\t\t\t<\/div>\n\t\t<\/section>\n\t\t\t\t\t\t<\/div>\n\t\t\t\t\t\t<\/div>\n\t\t\t\t\t<\/div>\n\t\t","protected":false},"excerpt":{"rendered":"<p>Rozpocz\u0119cie roku szkolnego odb\u0119dzie si\u0119 04 wrze\u015bnia 2023r. o godz. 09.00 na boisku szkolnym, nast\u0119pnie odb\u0119d\u0105 si\u0119 spotkania z wychowawcami w wyznaczonych salach. \u00a0 Przypominamy, \u017ce w tym dniu obowi\u0105zuje od\u015bwi\u0119tny str\u00f3j szkolny. \u00a0 Spotkania z wychowawcami klasa zaw\u00f3d Wychowawca sala 1a 1a1 \u2013 technik fotografii i multimedi\u00f3w Edyta Ko\u015bcielak 49 \u00a0 1a2 \u2013 technik&#8230;<\/p>\n","protected":false},"author":5,"featured_media":996341,"comment_status":"closed","ping_status":"open","sticky":false,"template":"","format":"standard","meta":{"inline_featured_image":false},"categories":[208,115],"tags":[196],"_links":{"self":[{"href":"http:\/\/ekonomik.opole.pl\/eko3\/wp-json\/wp\/v2\/posts\/996630"}],"collection":[{"href":"http:\/\/ekonomik.opole.pl\/eko3\/wp-json\/wp\/v2\/posts"}],"about":[{"href":"http:\/\/ekonomik.opole.pl\/eko3\/wp-json\/wp\/v2\/types\/post"}],"author":[{"embeddable":true,"href":"http:\/\/ekonomik.opole.pl\/eko3\/wp-json\/wp\/v2\/users\/5"}],"replies":[{"embeddable":true,"href":"http:\/\/ekonomik.opole.pl\/eko3\/wp-json\/wp\/v2\/comments?post=996630"}],"version-history":[{"count":7,"href":"http:\/\/ekonomik.opole.pl\/eko3\/wp-json\/wp\/v2\/posts\/996630\/revisions"}],"predecessor-version":[{"id":996637,"href":"http:\/\/ekonomik.opole.pl\/eko3\/wp-json\/wp\/v2\/posts\/996630\/revisions\/996637"}],"wp:featuredmedia":[{"embeddable":true,"href":"http:\/\/ekonomik.opole.pl\/eko3\/wp-json\/wp\/v2\/media\/996341"}],"wp:attachment":[{"href":"http:\/\/ekonomik.opole.pl\/eko3\/wp-json\/wp\/v2\/media?parent=996630"}],"wp:term":[{"taxonomy":"category","embeddable":true,"href":"http:\/\/ekonomik.opole.pl\/eko3\/wp-json\/wp\/v2\/categories?post=996630"},{"taxonomy":"post_tag","embeddable":true,"href":"http:\/\/ekonomik.opole.pl\/eko3\/wp-json\/wp\/v2\/tags?post=996630"}],"curies":[{"name":"wp","href":"https:\/\/api.w.org\/{rel}","templated":true}]}}