{"id":996691,"date":"2023-09-14T13:42:16","date_gmt":"2023-09-14T11:42:16","guid":{"rendered":"http:\/\/ekonomik.opole.pl\/eko3\/?p=996691"},"modified":"2023-09-14T13:47:25","modified_gmt":"2023-09-14T11:47:25","slug":"ruszyl-nabor-do-mlodziezowej-rady-miasta-w-opolu-na-nowa-kadencje-2023-2025","status":"publish","type":"post","link":"http:\/\/ekonomik.opole.pl\/eko3\/ruszyl-nabor-do-mlodziezowej-rady-miasta-w-opolu-na-nowa-kadencje-2023-2025\/","title":{"rendered":"Ruszy\u0142 nab\u00f3r do M\u0142odzie\u017cowej Rady Miasta w Opolu na now\u0105 kadencj\u0119 2023-2025"},"content":{"rendered":"\t\t<div data-elementor-type=\"wp-post\" data-elementor-id=\"996691\" class=\"elementor elementor-996691\" data-elementor-settings=\"[]\">\n\t\t\t\t\t\t<div class=\"elementor-inner\">\n\t\t\t\t\t\t\t<div class=\"elementor-section-wrap\">\n\t\t\t\t\t\t\t<section class=\"elementor-section elementor-top-section elementor-element elementor-element-3e3a8e06 elementor-section-full_width elementor-section-height-default elementor-section-height-default\" data-id=\"3e3a8e06\" data-element_type=\"section\">\n\t\t\t\t\t\t<div class=\"elementor-container elementor-column-gap-default\">\n\t\t\t\t\t\t\t<div class=\"elementor-row\">\n\t\t\t\t\t<div class=\"elementor-column elementor-col-100 elementor-top-column elementor-element elementor-element-4441c9d0\" data-id=\"4441c9d0\" data-element_type=\"column\">\n\t\t\t<div class=\"elementor-column-wrap elementor-element-populated\">\n\t\t\t\t\t\t\t<div class=\"elementor-widget-wrap\">\n\t\t\t\t\t\t<div class=\"elementor-element elementor-element-4cd8f8ba elementor-drop-cap-yes elementor-drop-cap-view-default elementor-widget elementor-widget-text-editor\" data-id=\"4cd8f8ba\" data-element_type=\"widget\" data-settings=\"{&quot;drop_cap&quot;:&quot;yes&quot;}\" data-widget_type=\"text-editor.default\">\n\t\t\t\t<div class=\"elementor-widget-container\">\n\t\t\t\t\t\t\t\t<div class=\"elementor-text-editor elementor-clearfix\">\n\t\t\t\t\t<p><strong>Ruszy\u0142 nab\u00f3r do M\u0142odzie\u017cowej Rady Miasta w Opolu na now\u0105 kadencj\u0119 2023-2025.\u00a0<\/strong>Kandydatem na cz\u0142onka M\u0142odzie\u017cowej Rady Miasta w Opolu mo\u017ce zosta\u0107 ucze\u0144 szko\u0142y podstawowej i ponadpodstawowej z terenu miasta Opola, kt\u00f3ry spe\u0142nia \u0142\u0105cznie nast\u0119puj\u0105ce kryteria potwierdzone pisemnym o\u015bwiadczeniem kandydata:<br \/>a) aktywnie dzia\u0142a na rzecz m\u0142odzie\u017cy,<br \/>b) najp\u00f3\u017aniej w dniu wybor\u00f3w uko\u0144czy 13 lat i nie przekroczy 18 lat,<br \/>c) wyra\u017ca zgod\u0119 na kandydowanie oraz prac\u0119 w M\u0142odzie\u017cowej Radzie Miasta w Opolu,<br \/>d) nie jest zawieszony w prawach ucznia,<br \/>e) przedstawi list\u0119 poparcia minimum 30 os\u00f3b. Lista z o\u015bwiadczeniem poparcia zawiera wykaz os\u00f3b, kt\u00f3re w dniu wybor\u00f3w b\u0119d\u0105 w wieku od 13 do 18 lat oraz nr telefonu.<\/p>\t\t\t\t\t<\/div>\n\t\t\t\t\t\t<\/div>\n\t\t\t\t<\/div>\n\t\t\t\t<div class=\"elementor-element elementor-element-588ad8c6 elementor-widget-divider--separator-type-pattern elementor-widget-divider--no-spacing elementor-widget-divider--view-line elementor-widget elementor-widget-divider\" data-id=\"588ad8c6\" data-element_type=\"widget\" data-widget_type=\"divider.default\">\n\t\t\t\t<div class=\"elementor-widget-container\">\n\t\t\t\t\t<div class=\"elementor-divider\" style=\"--divider-pattern-url: url(&quot;data:image\/svg+xml,%3Csvg xmlns=&#039;http:\/\/www.w3.org\/2000\/svg&#039; preserveAspectRatio=&#039;xMidYMid meet&#039; overflow=&#039;visible&#039; height=&#039;100%&#039; viewBox=&#039;0 0 126 26&#039; fill=&#039;black&#039; stroke=&#039;none&#039;%3E%3Cpath d=&#039;M3,10.2c2.6,0,2.6,2,2.6,3.2S4.4,16.5,3,16.5s-3-1.4-3-3.2S0.4,10.2,3,10.2z M18.8,10.2c1.7,0,3.2,1.4,3.2,3.2s-1.4,3.2-3.2,3.2c-1.7,0-3.2-1.4-3.2-3.2S17,10.2,18.8,10.2z M34.6,10.2c1.5,0,2.6,1.4,2.6,3.2s-0.5,3.2-1.9,3.2c-1.5,0-3.4-1.4-3.4-3.2S33.1,10.2,34.6,10.2z M50.5,10.2c1.7,0,3.2,1.4,3.2,3.2s-1.4,3.2-3.2,3.2c-1.7,0-3.3-0.9-3.3-2.6S48.7,10.2,50.5,10.2z M66.2,10.2c1.5,0,3.4,1.4,3.4,3.2s-1.9,3.2-3.4,3.2c-1.5,0-2.6-0.4-2.6-2.1S64.8,10.2,66.2,10.2z M82.2,10.2c1.7,0.8,2.6,1.4,2.6,3.2s-0.1,3.2-1.6,3.2c-1.5,0-3.7-1.4-3.7-3.2S80.5,9.4,82.2,10.2zM98.6,10.2c1.5,0,2.6,0.4,2.6,2.1s-1.2,4.2-2.6,4.2c-1.5,0-3.7-0.4-3.7-2.1S97.1,10.2,98.6,10.2z M113.4,10.2c1.2,0,2.2,0.9,2.2,3.2s-0.1,3.2-1.3,3.2s-3.1-1.4-3.1-3.2S112.2,10.2,113.4,10.2z&#039;\/%3E%3C\/svg%3E&quot;);\">\n\t\t\t<span class=\"elementor-divider-separator\">\n\t\t\t\t\t\t<\/span>\n\t\t<\/div>\n\t\t\t\t<\/div>\n\t\t\t\t<\/div>\n\t\t\t\t<div class=\"elementor-element elementor-element-117323db elementor-widget-divider--view-line elementor-widget elementor-widget-divider\" data-id=\"117323db\" data-element_type=\"widget\" data-widget_type=\"divider.default\">\n\t\t\t\t<div class=\"elementor-widget-container\">\n\t\t\t\t\t<div class=\"elementor-divider\">\n\t\t\t<span class=\"elementor-divider-separator\">\n\t\t\t\t\t\t<\/span>\n\t\t<\/div>\n\t\t\t\t<\/div>\n\t\t\t\t<\/div>\n\t\t\t\t<div class=\"elementor-element elementor-element-1fc5508a elementor-widget elementor-widget-heading\" data-id=\"1fc5508a\" data-element_type=\"widget\" data-widget_type=\"heading.default\">\n\t\t\t\t<div class=\"elementor-widget-container\">\n\t\t\t<h3 class=\"elementor-heading-title elementor-size-default\">Do\u0142\u0105cz do MRM w Opolu <\/h3>\t\t<\/div>\n\t\t\t\t<\/div>\n\t\t\t\t<div class=\"elementor-element elementor-element-554c58db elementor-widget elementor-widget-text-editor\" data-id=\"554c58db\" data-element_type=\"widget\" data-widget_type=\"text-editor.default\">\n\t\t\t\t<div class=\"elementor-widget-container\">\n\t\t\t\t\t\t\t\t<div class=\"elementor-text-editor elementor-clearfix\">\n\t\t\t\t\t<p>Zadaniem kandydata na cz\u0142onka M\u0142odzie\u017cowej Rady Miasta w Opolu b\u0119dzie propozycja rozwi\u0105zania zadania problemowego, znajduj\u0105cego si\u0119 w elektronicznym formularzu rekrutacyjnym.<\/p><p>Zg\u0142oszenie kandydata na cz\u0142onka M\u0142odzie\u017cowej Rady Miasta w Opolu nast\u0119puje wy\u0142\u0105cznie poprzez wype\u0142nienie elektronicznego formularza rekrutacyjnego, kt\u00f3ry dostarczy\u0107 nale\u017cy na adres e-mail:\u00a0<a class=\"spamspan\" href=\"mailto:mrm@um.opole.pl\">mrm@um.opole.pl<\/a>\u00a0z dopiskiem \u201eM\u0142odzie\u017cowa Rada Miasta w Opolu \u2013 zg\u0142oszenie kandydata\u201d w nieprzekraczalnym terminie\u00a0<strong><u>od\u00a014.09.2023 r. do 15.10.2023 r<\/u><\/strong><strong>.<\/strong>\u00a0.<br \/><br \/>Szczeg\u00f3\u0142owe informacje na <a href=\"https:\/\/www.opole.pl\/dla-mieszkanca\/menu\/mlodziezowa-rada-miasta\">stronie UM.<\/a><\/p>\t\t\t\t\t<\/div>\n\t\t\t\t\t\t<\/div>\n\t\t\t\t<\/div>\n\t\t\t\t\t\t<\/div>\n\t\t\t\t\t<\/div>\n\t\t<\/div>\n\t\t\t\t\t\t\t\t<\/div>\n\t\t\t\t\t<\/div>\n\t\t<\/section>\n\t\t\t\t\t\t<\/div>\n\t\t\t\t\t\t<\/div>\n\t\t\t\t\t<\/div>\n\t\t","protected":false},"excerpt":{"rendered":"<p>Ruszy\u0142 nab\u00f3r do M\u0142odzie\u017cowej Rady Miasta w Opolu na now\u0105 kadencj\u0119 2023-2025.\u00a0Kandydatem na cz\u0142onka M\u0142odzie\u017cowej Rady Miasta w Opolu mo\u017ce zosta\u0107 ucze\u0144 szko\u0142y podstawowej i ponadpodstawowej z terenu miasta Opola, kt\u00f3ry spe\u0142nia \u0142\u0105cznie nast\u0119puj\u0105ce kryteria potwierdzone pisemnym o\u015bwiadczeniem kandydata:a) aktywnie dzia\u0142a na rzecz m\u0142odzie\u017cy,b) najp\u00f3\u017aniej w dniu wybor\u00f3w uko\u0144czy 13 lat i nie przekroczy 18&#8230;<\/p>\n","protected":false},"author":5,"featured_media":996693,"comment_status":"closed","ping_status":"open","sticky":false,"template":"","format":"standard","meta":{"inline_featured_image":false},"categories":[208,131],"tags":[201],"_links":{"self":[{"href":"http:\/\/ekonomik.opole.pl\/eko3\/wp-json\/wp\/v2\/posts\/996691"}],"collection":[{"href":"http:\/\/ekonomik.opole.pl\/eko3\/wp-json\/wp\/v2\/posts"}],"about":[{"href":"http:\/\/ekonomik.opole.pl\/eko3\/wp-json\/wp\/v2\/types\/post"}],"author":[{"embeddable":true,"href":"http:\/\/ekonomik.opole.pl\/eko3\/wp-json\/wp\/v2\/users\/5"}],"replies":[{"embeddable":true,"href":"http:\/\/ekonomik.opole.pl\/eko3\/wp-json\/wp\/v2\/comments?post=996691"}],"version-history":[{"count":4,"href":"http:\/\/ekonomik.opole.pl\/eko3\/wp-json\/wp\/v2\/posts\/996691\/revisions"}],"predecessor-version":[{"id":996696,"href":"http:\/\/ekonomik.opole.pl\/eko3\/wp-json\/wp\/v2\/posts\/996691\/revisions\/996696"}],"wp:featuredmedia":[{"embeddable":true,"href":"http:\/\/ekonomik.opole.pl\/eko3\/wp-json\/wp\/v2\/media\/996693"}],"wp:attachment":[{"href":"http:\/\/ekonomik.opole.pl\/eko3\/wp-json\/wp\/v2\/media?parent=996691"}],"wp:term":[{"taxonomy":"category","embeddable":true,"href":"http:\/\/ekonomik.opole.pl\/eko3\/wp-json\/wp\/v2\/categories?post=996691"},{"taxonomy":"post_tag","embeddable":true,"href":"http:\/\/ekonomik.opole.pl\/eko3\/wp-json\/wp\/v2\/tags?post=996691"}],"curies":[{"name":"wp","href":"https:\/\/api.w.org\/{rel}","templated":true}]}}