{"id":996697,"date":"2023-09-18T21:47:10","date_gmt":"2023-09-18T19:47:10","guid":{"rendered":"http:\/\/ekonomik.opole.pl\/eko3\/?p=996697"},"modified":"2023-09-18T21:49:25","modified_gmt":"2023-09-18T19:49:25","slug":"kapital-spoleczny-w-procesie-gospodarowania-to-haslo-xxxvii-edycji-olimpiady-wiedzy-ekonomicznej","status":"publish","type":"post","link":"http:\/\/ekonomik.opole.pl\/eko3\/kapital-spoleczny-w-procesie-gospodarowania-to-haslo-xxxvii-edycji-olimpiady-wiedzy-ekonomicznej\/","title":{"rendered":"&#8222;Kapita\u0142 spo\u0142eczny w procesie gospodarowania&#8221; &#8211; to has\u0142o XXXVII edycji Olimpiady Wiedzy Ekonomicznej!"},"content":{"rendered":"\t\t<div data-elementor-type=\"wp-post\" data-elementor-id=\"996697\" class=\"elementor elementor-996697\" data-elementor-settings=\"[]\">\n\t\t\t\t\t\t<div class=\"elementor-inner\">\n\t\t\t\t\t\t\t<div class=\"elementor-section-wrap\">\n\t\t\t\t\t\t\t<section class=\"elementor-section elementor-top-section elementor-element elementor-element-6d26a123 elementor-section-full_width elementor-section-height-default elementor-section-height-default\" data-id=\"6d26a123\" data-element_type=\"section\">\n\t\t\t\t\t\t<div class=\"elementor-container elementor-column-gap-default\">\n\t\t\t\t\t\t\t<div class=\"elementor-row\">\n\t\t\t\t\t<div class=\"elementor-column elementor-col-100 elementor-top-column elementor-element elementor-element-507ef1a5\" data-id=\"507ef1a5\" data-element_type=\"column\">\n\t\t\t<div class=\"elementor-column-wrap elementor-element-populated\">\n\t\t\t\t\t\t\t<div class=\"elementor-widget-wrap\">\n\t\t\t\t\t\t<div class=\"elementor-element elementor-element-6f9969fc elementor-drop-cap-yes elementor-drop-cap-view-default elementor-widget elementor-widget-text-editor\" data-id=\"6f9969fc\" data-element_type=\"widget\" data-settings=\"{&quot;drop_cap&quot;:&quot;yes&quot;}\" data-widget_type=\"text-editor.default\">\n\t\t\t\t<div class=\"elementor-widget-container\">\n\t\t\t\t\t\t\t\t<div class=\"elementor-text-editor elementor-clearfix\">\n\t\t\t\t\t<div class=\"x11i5rnm xat24cr x1mh8g0r x1vvkbs xtlvy1s x126k92a\"><div dir=\"auto\">Presti\u017cowa Olimpiada jest organizowana przez Polskie Towarzystwo Ekonomiczne od 1987 r.<\/div><\/div><div class=\"x11i5rnm xat24cr x1mh8g0r x1vvkbs xtlvy1s x126k92a\"><div dir=\"auto\">Laureaci Olimpiady Wiedzy Ekonomicznej s\u0105 przyjmowani na kilkadziesi\u0105t wy\u017cszych uczelni z pomini\u0119ciem post\u0119powania rekrutacyjnego. Cz\u0119\u015b\u0107 uczelni stosuje r\u00f3wnie\u017c preferencje dla finalist\u00f3w Olimpiady.<\/div><\/div><div class=\"x11i5rnm xat24cr x1mh8g0r x1vvkbs xtlvy1s x126k92a\"><div dir=\"auto\">Laureaci i finali\u015bci Olimpiady Wiedzy Ekonomicznej s\u0105 zwolnieni z cz\u0119\u015bci pisemnej egzaminu zawodowego w nast\u0119puj\u0105cych zawodach: technik ekonomista i technik rachunkowo\u015bci.<\/div><div dir=\"auto\">Zwolnienie z egzaminu zawodowego jest r\u00f3wnoznaczne z uzyskaniem najwy\u017cszego wyniku.<\/div><\/div><div class=\"x11i5rnm xat24cr x1mh8g0r x1vvkbs xtlvy1s x126k92a\"><div dir=\"auto\"><strong>Wi\u0119cej informacji dost\u0119pne na stronie\u00a0<a class=\"x1i10hfl xjbqb8w x6umtig x1b1mbwd xaqea5y xav7gou x9f619 x1ypdohk xt0psk2 xe8uvvx xdj266r x11i5rnm xat24cr x1mh8g0r xexx8yu x4uap5 x18d9i69 xkhd6sd x16tdsg8 x1hl2dhg xggy1nq x1a2a7pz xt0b8zv x1fey0fg\" tabindex=\"0\" role=\"link\" href=\"http:\/\/owe.pte.pl\/?fbclid=IwAR16H8_AnnzK7vIpDe4C7-roOe0YLRLWFxevIEpYfqTBeZFhKkXIxZHN3P4\" target=\"_blank\" rel=\"nofollow noopener noreferrer\">http:\/\/owe.pte.pl\/<\/a><\/strong><\/div><\/div>\t\t\t\t\t<\/div>\n\t\t\t\t\t\t<\/div>\n\t\t\t\t<\/div>\n\t\t\t\t<div class=\"elementor-element elementor-element-21f176cc elementor-widget-divider--separator-type-pattern elementor-widget-divider--no-spacing elementor-widget-divider--view-line elementor-widget elementor-widget-divider\" data-id=\"21f176cc\" data-element_type=\"widget\" data-widget_type=\"divider.default\">\n\t\t\t\t<div class=\"elementor-widget-container\">\n\t\t\t\t\t<div class=\"elementor-divider\" style=\"--divider-pattern-url: url(&quot;data:image\/svg+xml,%3Csvg xmlns=&#039;http:\/\/www.w3.org\/2000\/svg&#039; preserveAspectRatio=&#039;xMidYMid meet&#039; overflow=&#039;visible&#039; height=&#039;100%&#039; viewBox=&#039;0 0 126 26&#039; fill=&#039;black&#039; stroke=&#039;none&#039;%3E%3Cpath d=&#039;M3,10.2c2.6,0,2.6,2,2.6,3.2S4.4,16.5,3,16.5s-3-1.4-3-3.2S0.4,10.2,3,10.2z M18.8,10.2c1.7,0,3.2,1.4,3.2,3.2s-1.4,3.2-3.2,3.2c-1.7,0-3.2-1.4-3.2-3.2S17,10.2,18.8,10.2z M34.6,10.2c1.5,0,2.6,1.4,2.6,3.2s-0.5,3.2-1.9,3.2c-1.5,0-3.4-1.4-3.4-3.2S33.1,10.2,34.6,10.2z M50.5,10.2c1.7,0,3.2,1.4,3.2,3.2s-1.4,3.2-3.2,3.2c-1.7,0-3.3-0.9-3.3-2.6S48.7,10.2,50.5,10.2z M66.2,10.2c1.5,0,3.4,1.4,3.4,3.2s-1.9,3.2-3.4,3.2c-1.5,0-2.6-0.4-2.6-2.1S64.8,10.2,66.2,10.2z M82.2,10.2c1.7,0.8,2.6,1.4,2.6,3.2s-0.1,3.2-1.6,3.2c-1.5,0-3.7-1.4-3.7-3.2S80.5,9.4,82.2,10.2zM98.6,10.2c1.5,0,2.6,0.4,2.6,2.1s-1.2,4.2-2.6,4.2c-1.5,0-3.7-0.4-3.7-2.1S97.1,10.2,98.6,10.2z M113.4,10.2c1.2,0,2.2,0.9,2.2,3.2s-0.1,3.2-1.3,3.2s-3.1-1.4-3.1-3.2S112.2,10.2,113.4,10.2z&#039;\/%3E%3C\/svg%3E&quot;);\">\n\t\t\t<span class=\"elementor-divider-separator\">\n\t\t\t\t\t\t<\/span>\n\t\t<\/div>\n\t\t\t\t<\/div>\n\t\t\t\t<\/div>\n\t\t\t\t<div class=\"elementor-element elementor-element-34bf5e46 elementor-widget-divider--view-line elementor-widget elementor-widget-divider\" data-id=\"34bf5e46\" data-element_type=\"widget\" data-widget_type=\"divider.default\">\n\t\t\t\t<div class=\"elementor-widget-container\">\n\t\t\t\t\t<div class=\"elementor-divider\">\n\t\t\t<span class=\"elementor-divider-separator\">\n\t\t\t\t\t\t<\/span>\n\t\t<\/div>\n\t\t\t\t<\/div>\n\t\t\t\t<\/div>\n\t\t\t\t<div class=\"elementor-element elementor-element-3f316b81 elementor-widget elementor-widget-heading\" data-id=\"3f316b81\" data-element_type=\"widget\" data-widget_type=\"heading.default\">\n\t\t\t\t<div class=\"elementor-widget-container\">\n\t\t\t<h3 class=\"elementor-heading-title elementor-size-default\">Zg\u0142oszenia do 25 wrze\u015bnia 2023 <\/h3>\t\t<\/div>\n\t\t\t\t<\/div>\n\t\t\t\t<div class=\"elementor-element elementor-element-30fe82d elementor-widget elementor-widget-text-editor\" data-id=\"30fe82d\" data-element_type=\"widget\" data-widget_type=\"text-editor.default\">\n\t\t\t\t<div class=\"elementor-widget-container\">\n\t\t\t\t\t\t\t\t<div class=\"elementor-text-editor elementor-clearfix\">\n\t\t\t\t\t<div class=\"x11i5rnm xat24cr x1mh8g0r x1vvkbs xtlvy1s x126k92a\"><div dir=\"auto\">Zainteresowanych uczni\u00f3w prosimy o zg\u0142aszanie si\u0119 do 25 wrze\u015bnia (poniedzia\u0142ek) do <span style=\"text-decoration: underline;\"><strong>Pani Nicoli Kaweckiej<\/strong> <\/span>&#8211; nauczycielki przedmiot\u00f3w zawodowych ekonomicznych.\u00a0<\/div><\/div><div class=\"x11i5rnm xat24cr x1mh8g0r x1vvkbs xtlvy1s x126k92a\">\u00a0<\/div>\t\t\t\t\t<\/div>\n\t\t\t\t\t\t<\/div>\n\t\t\t\t<\/div>\n\t\t\t\t\t\t<\/div>\n\t\t\t\t\t<\/div>\n\t\t<\/div>\n\t\t\t\t\t\t\t\t<\/div>\n\t\t\t\t\t<\/div>\n\t\t<\/section>\n\t\t\t\t\t\t<\/div>\n\t\t\t\t\t\t<\/div>\n\t\t\t\t\t<\/div>\n\t\t","protected":false},"excerpt":{"rendered":"<p>Presti\u017cowa Olimpiada jest organizowana przez Polskie Towarzystwo Ekonomiczne od 1987 r.Laureaci Olimpiady Wiedzy Ekonomicznej s\u0105 przyjmowani na kilkadziesi\u0105t wy\u017cszych uczelni z pomini\u0119ciem post\u0119powania rekrutacyjnego. Cz\u0119\u015b\u0107 uczelni stosuje r\u00f3wnie\u017c preferencje dla finalist\u00f3w Olimpiady.Laureaci i finali\u015bci Olimpiady Wiedzy Ekonomicznej s\u0105 zwolnieni z cz\u0119\u015bci pisemnej egzaminu zawodowego w nast\u0119puj\u0105cych zawodach: technik ekonomista i technik rachunkowo\u015bci.Zwolnienie z egzaminu zawodowego&#8230;<\/p>\n","protected":false},"author":5,"featured_media":996699,"comment_status":"closed","ping_status":"open","sticky":false,"template":"","format":"standard","meta":{"inline_featured_image":false},"categories":[87,208,171],"tags":[111,240],"_links":{"self":[{"href":"http:\/\/ekonomik.opole.pl\/eko3\/wp-json\/wp\/v2\/posts\/996697"}],"collection":[{"href":"http:\/\/ekonomik.opole.pl\/eko3\/wp-json\/wp\/v2\/posts"}],"about":[{"href":"http:\/\/ekonomik.opole.pl\/eko3\/wp-json\/wp\/v2\/types\/post"}],"author":[{"embeddable":true,"href":"http:\/\/ekonomik.opole.pl\/eko3\/wp-json\/wp\/v2\/users\/5"}],"replies":[{"embeddable":true,"href":"http:\/\/ekonomik.opole.pl\/eko3\/wp-json\/wp\/v2\/comments?post=996697"}],"version-history":[{"count":4,"href":"http:\/\/ekonomik.opole.pl\/eko3\/wp-json\/wp\/v2\/posts\/996697\/revisions"}],"predecessor-version":[{"id":996702,"href":"http:\/\/ekonomik.opole.pl\/eko3\/wp-json\/wp\/v2\/posts\/996697\/revisions\/996702"}],"wp:featuredmedia":[{"embeddable":true,"href":"http:\/\/ekonomik.opole.pl\/eko3\/wp-json\/wp\/v2\/media\/996699"}],"wp:attachment":[{"href":"http:\/\/ekonomik.opole.pl\/eko3\/wp-json\/wp\/v2\/media?parent=996697"}],"wp:term":[{"taxonomy":"category","embeddable":true,"href":"http:\/\/ekonomik.opole.pl\/eko3\/wp-json\/wp\/v2\/categories?post=996697"},{"taxonomy":"post_tag","embeddable":true,"href":"http:\/\/ekonomik.opole.pl\/eko3\/wp-json\/wp\/v2\/tags?post=996697"}],"curies":[{"name":"wp","href":"https:\/\/api.w.org\/{rel}","templated":true}]}}