{"id":996710,"date":"2023-09-25T20:12:53","date_gmt":"2023-09-25T18:12:53","guid":{"rendered":"http:\/\/ekonomik.opole.pl\/eko3\/?p=996710"},"modified":"2023-09-25T20:15:07","modified_gmt":"2023-09-25T18:15:07","slug":"wit-chruszcz-absolwent-klasy-graficznej-wsrod-26-najlepszych-maturzystow-w-kraju","status":"publish","type":"post","link":"http:\/\/ekonomik.opole.pl\/eko3\/wit-chruszcz-absolwent-klasy-graficznej-wsrod-26-najlepszych-maturzystow-w-kraju\/","title":{"rendered":"Wit Chruszcz &#8211; absolwent klasy graficznej  w\u015br\u00f3d 26 najlepszych maturzyst\u00f3w w kraju"},"content":{"rendered":"\t\t<div data-elementor-type=\"wp-post\" data-elementor-id=\"996710\" class=\"elementor elementor-996710\" data-elementor-settings=\"[]\">\n\t\t\t\t\t\t<div class=\"elementor-inner\">\n\t\t\t\t\t\t\t<div class=\"elementor-section-wrap\">\n\t\t\t\t\t\t\t<section class=\"elementor-section elementor-top-section elementor-element elementor-element-5f4b42b2 elementor-section-full_width elementor-section-height-default elementor-section-height-default\" data-id=\"5f4b42b2\" data-element_type=\"section\">\n\t\t\t\t\t\t<div class=\"elementor-container elementor-column-gap-default\">\n\t\t\t\t\t\t\t<div class=\"elementor-row\">\n\t\t\t\t\t<div class=\"elementor-column elementor-col-100 elementor-top-column elementor-element elementor-element-321c3659\" data-id=\"321c3659\" data-element_type=\"column\">\n\t\t\t<div class=\"elementor-column-wrap elementor-element-populated\">\n\t\t\t\t\t\t\t<div class=\"elementor-widget-wrap\">\n\t\t\t\t\t\t<div class=\"elementor-element elementor-element-450e0f1f elementor-drop-cap-yes elementor-drop-cap-view-default elementor-widget elementor-widget-text-editor\" data-id=\"450e0f1f\" data-element_type=\"widget\" data-settings=\"{&quot;drop_cap&quot;:&quot;yes&quot;}\" data-widget_type=\"text-editor.default\">\n\t\t\t\t<div class=\"elementor-widget-container\">\n\t\t\t\t\t\t\t\t<div class=\"elementor-text-editor elementor-clearfix\">\n\t\t\t\t\t<p>W X edycji Og\u00f3lnopolskiego Konkursu &#8222;Matura na 100%&#8221; wy\u0142oniono 26 laureat\u00f3w! Absolwent Ekonomika &#8211; <strong>Pan Wit Chruszcz<\/strong> odebra\u0142 nagrod\u0119 i tytu\u0142 laureata.<\/p><div class=\"x11i5rnm xat24cr x1mh8g0r x1vvkbs xtlvy1s x126k92a\"><div dir=\"auto\">Zdolnemu absolwentowi towarzyszyli rodzice, Pani <strong>Ewa Nowak-K\u00fcbler<\/strong> &#8211; dyrektor ZSEk, Pan <strong>Maciej Wujec<\/strong> &#8211; Zast\u0119pca Prezydenta Miasta Opola oraz Pan <strong>Aleksander Iszczuk<\/strong> &#8211; Naczelnik Wydzia\u0142u O\u015bwiaty w Opolu.<\/div><\/div><div class=\"x11i5rnm xat24cr x1mh8g0r x1vvkbs xtlvy1s x126k92a\"><div dir=\"auto\">Laureat otrzyma\u0142 Specjaln\u0105 Nagrod\u0119 Prezydenta Miasta Opola &#8211; Pana Arkadiusza Wi\u015bniewskiego.<\/div><\/div><div class=\"x11i5rnm xat24cr x1mh8g0r x1vvkbs xtlvy1s x126k92a\"><div dir=\"auto\">\u00a0<\/div><\/div>\t\t\t\t\t<\/div>\n\t\t\t\t\t\t<\/div>\n\t\t\t\t<\/div>\n\t\t\t\t<div class=\"elementor-element elementor-element-485e0ded elementor-widget-divider--separator-type-pattern elementor-widget-divider--no-spacing elementor-widget-divider--view-line elementor-widget elementor-widget-divider\" data-id=\"485e0ded\" data-element_type=\"widget\" data-widget_type=\"divider.default\">\n\t\t\t\t<div class=\"elementor-widget-container\">\n\t\t\t\t\t<div class=\"elementor-divider\" style=\"--divider-pattern-url: url(&quot;data:image\/svg+xml,%3Csvg xmlns=&#039;http:\/\/www.w3.org\/2000\/svg&#039; preserveAspectRatio=&#039;xMidYMid meet&#039; overflow=&#039;visible&#039; height=&#039;100%&#039; viewBox=&#039;0 0 126 26&#039; fill=&#039;black&#039; stroke=&#039;none&#039;%3E%3Cpath d=&#039;M3,10.2c2.6,0,2.6,2,2.6,3.2S4.4,16.5,3,16.5s-3-1.4-3-3.2S0.4,10.2,3,10.2z M18.8,10.2c1.7,0,3.2,1.4,3.2,3.2s-1.4,3.2-3.2,3.2c-1.7,0-3.2-1.4-3.2-3.2S17,10.2,18.8,10.2z M34.6,10.2c1.5,0,2.6,1.4,2.6,3.2s-0.5,3.2-1.9,3.2c-1.5,0-3.4-1.4-3.4-3.2S33.1,10.2,34.6,10.2z M50.5,10.2c1.7,0,3.2,1.4,3.2,3.2s-1.4,3.2-3.2,3.2c-1.7,0-3.3-0.9-3.3-2.6S48.7,10.2,50.5,10.2z M66.2,10.2c1.5,0,3.4,1.4,3.4,3.2s-1.9,3.2-3.4,3.2c-1.5,0-2.6-0.4-2.6-2.1S64.8,10.2,66.2,10.2z M82.2,10.2c1.7,0.8,2.6,1.4,2.6,3.2s-0.1,3.2-1.6,3.2c-1.5,0-3.7-1.4-3.7-3.2S80.5,9.4,82.2,10.2zM98.6,10.2c1.5,0,2.6,0.4,2.6,2.1s-1.2,4.2-2.6,4.2c-1.5,0-3.7-0.4-3.7-2.1S97.1,10.2,98.6,10.2z M113.4,10.2c1.2,0,2.2,0.9,2.2,3.2s-0.1,3.2-1.3,3.2s-3.1-1.4-3.1-3.2S112.2,10.2,113.4,10.2z&#039;\/%3E%3C\/svg%3E&quot;);\">\n\t\t\t<span class=\"elementor-divider-separator\">\n\t\t\t\t\t\t<\/span>\n\t\t<\/div>\n\t\t\t\t<\/div>\n\t\t\t\t<\/div>\n\t\t\t\t<div class=\"elementor-element elementor-element-206fdbcc elementor-widget-divider--view-line elementor-widget elementor-widget-divider\" data-id=\"206fdbcc\" data-element_type=\"widget\" data-widget_type=\"divider.default\">\n\t\t\t\t<div class=\"elementor-widget-container\">\n\t\t\t\t\t<div class=\"elementor-divider\">\n\t\t\t<span class=\"elementor-divider-separator\">\n\t\t\t\t\t\t<\/span>\n\t\t<\/div>\n\t\t\t\t<\/div>\n\t\t\t\t<\/div>\n\t\t\t\t<div class=\"elementor-element elementor-element-46aecac4 elementor-widget elementor-widget-heading\" data-id=\"46aecac4\" data-element_type=\"widget\" data-widget_type=\"heading.default\">\n\t\t\t\t<div class=\"elementor-widget-container\">\n\t\t\t<h3 class=\"elementor-heading-title elementor-size-default\">26 najlepszych maturzyst\u00f3w spo\u015br\u00f3d 253 495 zdaj\u0105cych<\/h3>\t\t<\/div>\n\t\t\t\t<\/div>\n\t\t\t\t<div class=\"elementor-element elementor-element-7e1eeebe elementor-widget elementor-widget-text-editor\" data-id=\"7e1eeebe\" data-element_type=\"widget\" data-widget_type=\"text-editor.default\">\n\t\t\t\t<div class=\"elementor-widget-container\">\n\t\t\t\t\t\t\t\t<div class=\"elementor-text-editor elementor-clearfix\">\n\t\t\t\t\t<p>Pan Chruszcz by\u0142 jedynym reprezentantem &#8211; laureatem ze szk\u00f3\u0142 technicznych w Polsce. Bardzo si\u0119 cieszymy tym sukcesem i gratulujemy Naszemu absolwentowi. Warto doda\u0107, \u017ce Pan Wit wskazuje na ulubiony przedmiot w szkole &#8211;<b> j\u0119zyk polski z Profesor Edyt\u0105 Ko\u015bcielak. <\/b>Od pa\u017adziernika absolwent Ekonomika rozpoczyna studia na Uniwersytecie Jagiello\u0144skim na kierunku Polonistyka-komparatystyka.\u00a0<\/p>\t\t\t\t\t<\/div>\n\t\t\t\t\t\t<\/div>\n\t\t\t\t<\/div>\n\t\t\t\t\t\t<\/div>\n\t\t\t\t\t<\/div>\n\t\t<\/div>\n\t\t\t\t\t\t\t\t<\/div>\n\t\t\t\t\t<\/div>\n\t\t<\/section>\n\t\t\t\t\t\t<\/div>\n\t\t\t\t\t\t<\/div>\n\t\t\t\t\t<\/div>\n\t\t","protected":false},"excerpt":{"rendered":"<p>W X edycji Og\u00f3lnopolskiego Konkursu &#8222;Matura na 100%&#8221; wy\u0142oniono 26 laureat\u00f3w! Absolwent Ekonomika &#8211; Pan Wit Chruszcz odebra\u0142 nagrod\u0119 i tytu\u0142 laureata. Zdolnemu absolwentowi towarzyszyli rodzice, Pani Ewa Nowak-K\u00fcbler &#8211; dyrektor ZSEk, Pan Maciej Wujec &#8211; Zast\u0119pca Prezydenta Miasta Opola oraz Pan Aleksander Iszczuk &#8211; Naczelnik Wydzia\u0142u O\u015bwiaty w Opolu.Laureat otrzyma\u0142 Specjaln\u0105 Nagrod\u0119 Prezydenta Miasta&#8230;<\/p>\n","protected":false},"author":5,"featured_media":996712,"comment_status":"closed","ping_status":"open","sticky":false,"template":"","format":"standard","meta":{"inline_featured_image":false},"categories":[220,171,186],"tags":[157,304,276],"_links":{"self":[{"href":"http:\/\/ekonomik.opole.pl\/eko3\/wp-json\/wp\/v2\/posts\/996710"}],"collection":[{"href":"http:\/\/ekonomik.opole.pl\/eko3\/wp-json\/wp\/v2\/posts"}],"about":[{"href":"http:\/\/ekonomik.opole.pl\/eko3\/wp-json\/wp\/v2\/types\/post"}],"author":[{"embeddable":true,"href":"http:\/\/ekonomik.opole.pl\/eko3\/wp-json\/wp\/v2\/users\/5"}],"replies":[{"embeddable":true,"href":"http:\/\/ekonomik.opole.pl\/eko3\/wp-json\/wp\/v2\/comments?post=996710"}],"version-history":[{"count":3,"href":"http:\/\/ekonomik.opole.pl\/eko3\/wp-json\/wp\/v2\/posts\/996710\/revisions"}],"predecessor-version":[{"id":996715,"href":"http:\/\/ekonomik.opole.pl\/eko3\/wp-json\/wp\/v2\/posts\/996710\/revisions\/996715"}],"wp:featuredmedia":[{"embeddable":true,"href":"http:\/\/ekonomik.opole.pl\/eko3\/wp-json\/wp\/v2\/media\/996712"}],"wp:attachment":[{"href":"http:\/\/ekonomik.opole.pl\/eko3\/wp-json\/wp\/v2\/media?parent=996710"}],"wp:term":[{"taxonomy":"category","embeddable":true,"href":"http:\/\/ekonomik.opole.pl\/eko3\/wp-json\/wp\/v2\/categories?post=996710"},{"taxonomy":"post_tag","embeddable":true,"href":"http:\/\/ekonomik.opole.pl\/eko3\/wp-json\/wp\/v2\/tags?post=996710"}],"curies":[{"name":"wp","href":"https:\/\/api.w.org\/{rel}","templated":true}]}}