{"id":996753,"date":"2023-10-17T08:37:44","date_gmt":"2023-10-17T06:37:44","guid":{"rendered":"http:\/\/ekonomik.opole.pl\/eko3\/?p=996753"},"modified":"2023-10-17T08:39:00","modified_gmt":"2023-10-17T06:39:00","slug":"zapraszamy-na-swieto-wolontariatu","status":"publish","type":"post","link":"http:\/\/ekonomik.opole.pl\/eko3\/zapraszamy-na-swieto-wolontariatu\/","title":{"rendered":"Zapraszamy na \u015awi\u0119to Wolontariatu"},"content":{"rendered":"\t\t<div data-elementor-type=\"wp-post\" data-elementor-id=\"996753\" class=\"elementor elementor-996753\" data-elementor-settings=\"[]\">\n\t\t\t\t\t\t<div class=\"elementor-inner\">\n\t\t\t\t\t\t\t<div class=\"elementor-section-wrap\">\n\t\t\t\t\t\t\t<section class=\"elementor-section elementor-top-section elementor-element elementor-element-2306e255 elementor-section-full_width elementor-section-height-default elementor-section-height-default\" data-id=\"2306e255\" data-element_type=\"section\">\n\t\t\t\t\t\t<div class=\"elementor-container elementor-column-gap-default\">\n\t\t\t\t\t\t\t<div class=\"elementor-row\">\n\t\t\t\t\t<div class=\"elementor-column elementor-col-100 elementor-top-column elementor-element elementor-element-6921eb3a\" data-id=\"6921eb3a\" data-element_type=\"column\">\n\t\t\t<div class=\"elementor-column-wrap elementor-element-populated\">\n\t\t\t\t\t\t\t<div class=\"elementor-widget-wrap\">\n\t\t\t\t\t\t<div class=\"elementor-element elementor-element-17fb1111 elementor-drop-cap-yes elementor-drop-cap-view-default elementor-widget elementor-widget-text-editor\" data-id=\"17fb1111\" data-element_type=\"widget\" data-settings=\"{&quot;drop_cap&quot;:&quot;yes&quot;}\" data-widget_type=\"text-editor.default\">\n\t\t\t\t<div class=\"elementor-widget-container\">\n\t\t\t\t\t\t\t\t<div class=\"elementor-text-editor elementor-clearfix\">\n\t\t\t\t\t<p>Zapraszamy na coroczne \u015bwi\u0119to wolontariatu i dzia\u0142a\u0144 spo\u0142ecznych<strong> Festiwal \u201eImpuls\u201d<\/strong>, kt\u00f3ry odb\u0119dzie si\u0119 w dnia 21-27.10.2023r. B\u0119d\u0105 to warsztaty, spotkania i szkolenia dla wolontariuszy i os\u00f3b zajmuj\u0105cych si\u0119 praca spo\u0142eczn\u0105. Dodatkowo mo\u017cna spr\u00f3bowa\u0107 swoich si\u0142 w Otwartych Wolontariatach, aby w praktyce do\u015bwiadczy\u0107 r\u00f3\u017cnych wolontariat\u00f3w. Podczas Festiwalu zadebiutuje nowa platforma szkoleniowa dla wolontariuszy i koordynator\u00f3w wolontariatu (<a href=\"https:\/\/impakt.org.pl\/\"><strong>https:\/\/impakt.org.pl\/<\/strong><\/a><strong><u>)<\/u><\/strong>.<\/p><p>Po szczeg\u00f3\u0142owy plan wydarze\u0144 zapraszamy na stron\u0119 Opolskiego Centrum Wolontariatu \u201eIskra\u201d: <a href=\"https:\/\/iskra.opole.pl\"><strong>https:\/\/iskra.opole.pl<\/strong><\/a> oraz na profilu: <a href=\"https:\/\/www.facebook.com\/opolskiecentrumwolontariatu\"><strong>https:\/\/www.facebook.com\/opolskiecentrumwolontariatu<\/strong><\/a>.<\/p>\t\t\t\t\t<\/div>\n\t\t\t\t\t\t<\/div>\n\t\t\t\t<\/div>\n\t\t\t\t<div class=\"elementor-element elementor-element-53e6d5b7 elementor-widget-divider--separator-type-pattern elementor-widget-divider--no-spacing elementor-widget-divider--view-line elementor-widget elementor-widget-divider\" data-id=\"53e6d5b7\" data-element_type=\"widget\" data-widget_type=\"divider.default\">\n\t\t\t\t<div class=\"elementor-widget-container\">\n\t\t\t\t\t<div class=\"elementor-divider\" style=\"--divider-pattern-url: url(&quot;data:image\/svg+xml,%3Csvg xmlns=&#039;http:\/\/www.w3.org\/2000\/svg&#039; preserveAspectRatio=&#039;xMidYMid meet&#039; overflow=&#039;visible&#039; height=&#039;100%&#039; viewBox=&#039;0 0 126 26&#039; fill=&#039;black&#039; stroke=&#039;none&#039;%3E%3Cpath d=&#039;M3,10.2c2.6,0,2.6,2,2.6,3.2S4.4,16.5,3,16.5s-3-1.4-3-3.2S0.4,10.2,3,10.2z M18.8,10.2c1.7,0,3.2,1.4,3.2,3.2s-1.4,3.2-3.2,3.2c-1.7,0-3.2-1.4-3.2-3.2S17,10.2,18.8,10.2z M34.6,10.2c1.5,0,2.6,1.4,2.6,3.2s-0.5,3.2-1.9,3.2c-1.5,0-3.4-1.4-3.4-3.2S33.1,10.2,34.6,10.2z M50.5,10.2c1.7,0,3.2,1.4,3.2,3.2s-1.4,3.2-3.2,3.2c-1.7,0-3.3-0.9-3.3-2.6S48.7,10.2,50.5,10.2z M66.2,10.2c1.5,0,3.4,1.4,3.4,3.2s-1.9,3.2-3.4,3.2c-1.5,0-2.6-0.4-2.6-2.1S64.8,10.2,66.2,10.2z M82.2,10.2c1.7,0.8,2.6,1.4,2.6,3.2s-0.1,3.2-1.6,3.2c-1.5,0-3.7-1.4-3.7-3.2S80.5,9.4,82.2,10.2zM98.6,10.2c1.5,0,2.6,0.4,2.6,2.1s-1.2,4.2-2.6,4.2c-1.5,0-3.7-0.4-3.7-2.1S97.1,10.2,98.6,10.2z M113.4,10.2c1.2,0,2.2,0.9,2.2,3.2s-0.1,3.2-1.3,3.2s-3.1-1.4-3.1-3.2S112.2,10.2,113.4,10.2z&#039;\/%3E%3C\/svg%3E&quot;);\">\n\t\t\t<span class=\"elementor-divider-separator\">\n\t\t\t\t\t\t<\/span>\n\t\t<\/div>\n\t\t\t\t<\/div>\n\t\t\t\t<\/div>\n\t\t\t\t<div class=\"elementor-element elementor-element-35f05924 elementor-widget-divider--view-line elementor-widget elementor-widget-divider\" data-id=\"35f05924\" data-element_type=\"widget\" data-widget_type=\"divider.default\">\n\t\t\t\t<div class=\"elementor-widget-container\">\n\t\t\t\t\t<div class=\"elementor-divider\">\n\t\t\t<span class=\"elementor-divider-separator\">\n\t\t\t\t\t\t<\/span>\n\t\t<\/div>\n\t\t\t\t<\/div>\n\t\t\t\t<\/div>\n\t\t\t\t\t\t<\/div>\n\t\t\t\t\t<\/div>\n\t\t<\/div>\n\t\t\t\t\t\t\t\t<\/div>\n\t\t\t\t\t<\/div>\n\t\t<\/section>\n\t\t\t\t\t\t<\/div>\n\t\t\t\t\t\t<\/div>\n\t\t\t\t\t<\/div>\n\t\t","protected":false},"excerpt":{"rendered":"<p>Zapraszamy na coroczne \u015bwi\u0119to wolontariatu i dzia\u0142a\u0144 spo\u0142ecznych Festiwal \u201eImpuls\u201d, kt\u00f3ry odb\u0119dzie si\u0119 w dnia 21-27.10.2023r. B\u0119d\u0105 to warsztaty, spotkania i szkolenia dla wolontariuszy i os\u00f3b zajmuj\u0105cych si\u0119 praca spo\u0142eczn\u0105. Dodatkowo mo\u017cna spr\u00f3bowa\u0107 swoich si\u0142 w Otwartych Wolontariatach, aby w praktyce do\u015bwiadczy\u0107 r\u00f3\u017cnych wolontariat\u00f3w. Podczas Festiwalu zadebiutuje nowa platforma szkoleniowa dla wolontariuszy i koordynator\u00f3w wolontariatu&#8230;<\/p>\n","protected":false},"author":5,"featured_media":996755,"comment_status":"closed","ping_status":"open","sticky":false,"template":"","format":"standard","meta":{"inline_featured_image":false},"categories":[208,114,296],"tags":[142,127],"_links":{"self":[{"href":"http:\/\/ekonomik.opole.pl\/eko3\/wp-json\/wp\/v2\/posts\/996753"}],"collection":[{"href":"http:\/\/ekonomik.opole.pl\/eko3\/wp-json\/wp\/v2\/posts"}],"about":[{"href":"http:\/\/ekonomik.opole.pl\/eko3\/wp-json\/wp\/v2\/types\/post"}],"author":[{"embeddable":true,"href":"http:\/\/ekonomik.opole.pl\/eko3\/wp-json\/wp\/v2\/users\/5"}],"replies":[{"embeddable":true,"href":"http:\/\/ekonomik.opole.pl\/eko3\/wp-json\/wp\/v2\/comments?post=996753"}],"version-history":[{"count":4,"href":"http:\/\/ekonomik.opole.pl\/eko3\/wp-json\/wp\/v2\/posts\/996753\/revisions"}],"predecessor-version":[{"id":996758,"href":"http:\/\/ekonomik.opole.pl\/eko3\/wp-json\/wp\/v2\/posts\/996753\/revisions\/996758"}],"wp:featuredmedia":[{"embeddable":true,"href":"http:\/\/ekonomik.opole.pl\/eko3\/wp-json\/wp\/v2\/media\/996755"}],"wp:attachment":[{"href":"http:\/\/ekonomik.opole.pl\/eko3\/wp-json\/wp\/v2\/media?parent=996753"}],"wp:term":[{"taxonomy":"category","embeddable":true,"href":"http:\/\/ekonomik.opole.pl\/eko3\/wp-json\/wp\/v2\/categories?post=996753"},{"taxonomy":"post_tag","embeddable":true,"href":"http:\/\/ekonomik.opole.pl\/eko3\/wp-json\/wp\/v2\/tags?post=996753"}],"curies":[{"name":"wp","href":"https:\/\/api.w.org\/{rel}","templated":true}]}}