{"id":996935,"date":"2024-02-18T12:15:29","date_gmt":"2024-02-18T11:15:29","guid":{"rendered":"http:\/\/ekonomik.opole.pl\/eko3\/?p=996935"},"modified":"2024-02-18T12:19:11","modified_gmt":"2024-02-18T11:19:11","slug":"ogolnopolski-konkurs-wiedzy-o-podatkach-2","status":"publish","type":"post","link":"http:\/\/ekonomik.opole.pl\/eko3\/ogolnopolski-konkurs-wiedzy-o-podatkach-2\/","title":{"rendered":"Og\u00f3lnopolski Konkurs Wiedzy o Podatkach"},"content":{"rendered":"\t\t<div data-elementor-type=\"wp-post\" data-elementor-id=\"996935\" class=\"elementor elementor-996935\" data-elementor-settings=\"[]\">\n\t\t\t\t\t\t<div class=\"elementor-inner\">\n\t\t\t\t\t\t\t<div class=\"elementor-section-wrap\">\n\t\t\t\t\t\t\t<section class=\"elementor-section elementor-top-section elementor-element elementor-element-6b2c8be7 elementor-section-full_width elementor-section-height-default elementor-section-height-default\" data-id=\"6b2c8be7\" data-element_type=\"section\">\n\t\t\t\t\t\t<div class=\"elementor-container elementor-column-gap-default\">\n\t\t\t\t\t\t\t<div class=\"elementor-row\">\n\t\t\t\t\t<div class=\"elementor-column elementor-col-100 elementor-top-column elementor-element elementor-element-36e88886\" data-id=\"36e88886\" data-element_type=\"column\">\n\t\t\t<div class=\"elementor-column-wrap elementor-element-populated\">\n\t\t\t\t\t\t\t<div class=\"elementor-widget-wrap\">\n\t\t\t\t\t\t<div class=\"elementor-element elementor-element-3c966c32 elementor-drop-cap-yes elementor-drop-cap-view-default elementor-widget elementor-widget-text-editor\" data-id=\"3c966c32\" data-element_type=\"widget\" data-settings=\"{&quot;drop_cap&quot;:&quot;yes&quot;}\" data-widget_type=\"text-editor.default\">\n\t\t\t\t<div class=\"elementor-widget-container\">\n\t\t\t\t\t\t\t\t<div class=\"elementor-text-editor elementor-clearfix\">\n\t\t\t\t\t<p>Zapraszamy wszystkich ch\u0119tnych uczni\u00f3w do udzia\u0142u w <strong>XIV edycji Og\u00f3lnopolskiego Konkursu Wiedzy o Podatkach<\/strong>, organizowanego przez Krajow\u0105 Izb\u0119 Doradc\u00f3w Podatkowych.<\/p><p>Konkurs jest dwuetapowy. W wyznaczonym terminie uczestnicy rozwi\u0105zuj\u0105 test w formule online (na platformie moodle) odpowiadaj\u0105c na 30 pyta\u0144. Najlepszych dziesi\u0119ciu uczestnik\u00f3w z ka\u017cdego wojew\u00f3dztwa przechodzi dalej \u2013 do etapu og\u00f3lnopolskiego <strong>(Katowice 05 kwietnia 2024 r.)<\/strong>. Na zwyci\u0119zc\u00f3w czekaj\u0105 warto\u015bciowe nagrody.<\/p>\t\t\t\t\t<\/div>\n\t\t\t\t\t\t<\/div>\n\t\t\t\t<\/div>\n\t\t\t\t<div class=\"elementor-element elementor-element-32d6799c elementor-widget-divider--separator-type-pattern elementor-widget-divider--no-spacing elementor-widget-divider--view-line elementor-widget elementor-widget-divider\" data-id=\"32d6799c\" data-element_type=\"widget\" data-widget_type=\"divider.default\">\n\t\t\t\t<div class=\"elementor-widget-container\">\n\t\t\t\t\t<div class=\"elementor-divider\" style=\"--divider-pattern-url: url(&quot;data:image\/svg+xml,%3Csvg xmlns=&#039;http:\/\/www.w3.org\/2000\/svg&#039; preserveAspectRatio=&#039;xMidYMid meet&#039; overflow=&#039;visible&#039; height=&#039;100%&#039; viewBox=&#039;0 0 126 26&#039; fill=&#039;black&#039; stroke=&#039;none&#039;%3E%3Cpath d=&#039;M3,10.2c2.6,0,2.6,2,2.6,3.2S4.4,16.5,3,16.5s-3-1.4-3-3.2S0.4,10.2,3,10.2z M18.8,10.2c1.7,0,3.2,1.4,3.2,3.2s-1.4,3.2-3.2,3.2c-1.7,0-3.2-1.4-3.2-3.2S17,10.2,18.8,10.2z M34.6,10.2c1.5,0,2.6,1.4,2.6,3.2s-0.5,3.2-1.9,3.2c-1.5,0-3.4-1.4-3.4-3.2S33.1,10.2,34.6,10.2z M50.5,10.2c1.7,0,3.2,1.4,3.2,3.2s-1.4,3.2-3.2,3.2c-1.7,0-3.3-0.9-3.3-2.6S48.7,10.2,50.5,10.2z M66.2,10.2c1.5,0,3.4,1.4,3.4,3.2s-1.9,3.2-3.4,3.2c-1.5,0-2.6-0.4-2.6-2.1S64.8,10.2,66.2,10.2z M82.2,10.2c1.7,0.8,2.6,1.4,2.6,3.2s-0.1,3.2-1.6,3.2c-1.5,0-3.7-1.4-3.7-3.2S80.5,9.4,82.2,10.2zM98.6,10.2c1.5,0,2.6,0.4,2.6,2.1s-1.2,4.2-2.6,4.2c-1.5,0-3.7-0.4-3.7-2.1S97.1,10.2,98.6,10.2z M113.4,10.2c1.2,0,2.2,0.9,2.2,3.2s-0.1,3.2-1.3,3.2s-3.1-1.4-3.1-3.2S112.2,10.2,113.4,10.2z&#039;\/%3E%3C\/svg%3E&quot;);\">\n\t\t\t<span class=\"elementor-divider-separator\">\n\t\t\t\t\t\t<\/span>\n\t\t<\/div>\n\t\t\t\t<\/div>\n\t\t\t\t<\/div>\n\t\t\t\t<div class=\"elementor-element elementor-element-b9cc539 elementor-widget-divider--view-line elementor-widget elementor-widget-divider\" data-id=\"b9cc539\" data-element_type=\"widget\" data-widget_type=\"divider.default\">\n\t\t\t\t<div class=\"elementor-widget-container\">\n\t\t\t\t\t<div class=\"elementor-divider\">\n\t\t\t<span class=\"elementor-divider-separator\">\n\t\t\t\t\t\t<\/span>\n\t\t<\/div>\n\t\t\t\t<\/div>\n\t\t\t\t<\/div>\n\t\t\t\t<div class=\"elementor-element elementor-element-40220792 elementor-widget elementor-widget-heading\" data-id=\"40220792\" data-element_type=\"widget\" data-widget_type=\"heading.default\">\n\t\t\t\t<div class=\"elementor-widget-container\">\n\t\t\t<h3 class=\"elementor-heading-title elementor-size-default\">Jak wzi\u0105\u0107 udzia\u0142 w konkursie? <\/h3>\t\t<\/div>\n\t\t\t\t<\/div>\n\t\t\t\t<div class=\"elementor-element elementor-element-1de91c1c elementor-widget elementor-widget-text-editor\" data-id=\"1de91c1c\" data-element_type=\"widget\" data-widget_type=\"text-editor.default\">\n\t\t\t\t<div class=\"elementor-widget-container\">\n\t\t\t\t\t\t\t\t<div class=\"elementor-text-editor elementor-clearfix\">\n\t\t\t\t\t<p>Pierwszy etap konkursu odb\u0119dzie si\u0119 w tym roku <strong>29 lutego 2024 r. <\/strong>(zalogowa\u0107 si\u0119 do systemu mo\u017cna ju\u017c dwa dni przed t\u0105 dat\u0105, pami\u0119taj\u0105c o wype\u0142nieniu wszystkich zg\u00f3d, podaniu w\u0142a\u015bciwych danych, w tym zw\u0142aszcza adresu e-mail i numeru telefonu).<\/p><p>Na stronie <a href=\"http:\/\/www.doradcy.slask.pl\/strona.php\/35_konkursy.html\"><strong>www.silesia.kidp.pl<\/strong> <\/a>w zak\u0142adce KONKURSY znajduj\u0105 si\u0119 wszystkie szczeg\u00f3\u0142y na jego temat. W pierwszym etapie konkursu mo\u017cna bra\u0107 udzia\u0142 samodzielnie, z dowolnego miejsca, w godz. 10.00 \u2013 18.00.<\/p><p>W razie jakichkolwiek pyta\u0144 prosimy o kontakt z Pani\u0105 Ma\u0142gorzat\u0105 Radziszewsk\u0105.<\/p><p>Jednocze\u015bnie informujemy, \u017ce mamy ju\u017c za sob\u0105 pierwszy etap <strong>Opolskiego konkursu o podatkach<\/strong> i do etapu ustnego z naszej szko\u0142y zakwalifikowali si\u0119:<\/p><p>1) Julia Huras 5b<br \/>2) Klaudia Sza\u0142kiewicz \u2013 Sibelska 5a<br \/>3) Jakub Wiszniewski 4a<br \/>4) Karolina Gamgusz 4c<br \/>5) Natalia Furs 4c<br \/>6) Bartosz Drobisz 4c<br \/>7) Laura Hallek 4c<br \/>8) Karolina Lasman 4c<\/p><p>Wszystkim serdecznie gratulujemy i trzymamy kciuki na kolejnym etapie konkursu.<\/p><p>\u00a0<\/p><p>\u00a0<\/p>\t\t\t\t\t<\/div>\n\t\t\t\t\t\t<\/div>\n\t\t\t\t<\/div>\n\t\t\t\t\t\t<\/div>\n\t\t\t\t\t<\/div>\n\t\t<\/div>\n\t\t\t\t\t\t\t\t<\/div>\n\t\t\t\t\t<\/div>\n\t\t<\/section>\n\t\t\t\t\t\t<\/div>\n\t\t\t\t\t\t<\/div>\n\t\t\t\t\t<\/div>\n\t\t","protected":false},"excerpt":{"rendered":"<p>Zapraszamy wszystkich ch\u0119tnych uczni\u00f3w do udzia\u0142u w XIV edycji Og\u00f3lnopolskiego Konkursu Wiedzy o Podatkach, organizowanego przez Krajow\u0105 Izb\u0119 Doradc\u00f3w Podatkowych. Konkurs jest dwuetapowy. W wyznaczonym terminie uczestnicy rozwi\u0105zuj\u0105 test w formule online (na platformie moodle) odpowiadaj\u0105c na 30 pyta\u0144. Najlepszych dziesi\u0119ciu uczestnik\u00f3w z ka\u017cdego wojew\u00f3dztwa przechodzi dalej \u2013 do etapu og\u00f3lnopolskiego (Katowice 05 kwietnia 2024&#8230;<\/p>\n","protected":false},"author":5,"featured_media":996937,"comment_status":"closed","ping_status":"open","sticky":false,"template":"","format":"standard","meta":{"inline_featured_image":false},"categories":[87,208,220,186],"tags":[252],"_links":{"self":[{"href":"http:\/\/ekonomik.opole.pl\/eko3\/wp-json\/wp\/v2\/posts\/996935"}],"collection":[{"href":"http:\/\/ekonomik.opole.pl\/eko3\/wp-json\/wp\/v2\/posts"}],"about":[{"href":"http:\/\/ekonomik.opole.pl\/eko3\/wp-json\/wp\/v2\/types\/post"}],"author":[{"embeddable":true,"href":"http:\/\/ekonomik.opole.pl\/eko3\/wp-json\/wp\/v2\/users\/5"}],"replies":[{"embeddable":true,"href":"http:\/\/ekonomik.opole.pl\/eko3\/wp-json\/wp\/v2\/comments?post=996935"}],"version-history":[{"count":4,"href":"http:\/\/ekonomik.opole.pl\/eko3\/wp-json\/wp\/v2\/posts\/996935\/revisions"}],"predecessor-version":[{"id":996940,"href":"http:\/\/ekonomik.opole.pl\/eko3\/wp-json\/wp\/v2\/posts\/996935\/revisions\/996940"}],"wp:featuredmedia":[{"embeddable":true,"href":"http:\/\/ekonomik.opole.pl\/eko3\/wp-json\/wp\/v2\/media\/996937"}],"wp:attachment":[{"href":"http:\/\/ekonomik.opole.pl\/eko3\/wp-json\/wp\/v2\/media?parent=996935"}],"wp:term":[{"taxonomy":"category","embeddable":true,"href":"http:\/\/ekonomik.opole.pl\/eko3\/wp-json\/wp\/v2\/categories?post=996935"},{"taxonomy":"post_tag","embeddable":true,"href":"http:\/\/ekonomik.opole.pl\/eko3\/wp-json\/wp\/v2\/tags?post=996935"}],"curies":[{"name":"wp","href":"https:\/\/api.w.org\/{rel}","templated":true}]}}