{"id":997025,"date":"2024-04-08T13:44:14","date_gmt":"2024-04-08T11:44:14","guid":{"rendered":"http:\/\/ekonomik.opole.pl\/eko3\/?p=997025"},"modified":"2024-04-08T13:44:54","modified_gmt":"2024-04-08T11:44:54","slug":"spektakularny-sukces-naszych-uczniow-w-finale-ogolnopolskiego-konkursu-o-podatkach-w-katowicach","status":"publish","type":"post","link":"http:\/\/ekonomik.opole.pl\/eko3\/spektakularny-sukces-naszych-uczniow-w-finale-ogolnopolskiego-konkursu-o-podatkach-w-katowicach\/","title":{"rendered":"Spektakularny sukces naszych uczni\u00f3w w finale Og\u00f3lnopolskiego Konkursu o Podatkach w Katowicach!"},"content":{"rendered":"\t\t<div data-elementor-type=\"wp-post\" data-elementor-id=\"997025\" class=\"elementor elementor-997025\" data-elementor-settings=\"[]\">\n\t\t\t\t\t\t<div class=\"elementor-inner\">\n\t\t\t\t\t\t\t<div class=\"elementor-section-wrap\">\n\t\t\t\t\t\t\t<section class=\"elementor-section elementor-top-section elementor-element elementor-element-548f9037 elementor-section-full_width elementor-section-height-default elementor-section-height-default\" data-id=\"548f9037\" data-element_type=\"section\">\n\t\t\t\t\t\t<div class=\"elementor-container elementor-column-gap-default\">\n\t\t\t\t\t\t\t<div class=\"elementor-row\">\n\t\t\t\t\t<div class=\"elementor-column elementor-col-100 elementor-top-column elementor-element elementor-element-28ee4fbc\" data-id=\"28ee4fbc\" data-element_type=\"column\">\n\t\t\t<div class=\"elementor-column-wrap elementor-element-populated\">\n\t\t\t\t\t\t\t<div class=\"elementor-widget-wrap\">\n\t\t\t\t\t\t<div class=\"elementor-element elementor-element-6451fae9 elementor-drop-cap-yes elementor-drop-cap-view-default elementor-widget elementor-widget-text-editor\" data-id=\"6451fae9\" data-element_type=\"widget\" data-settings=\"{&quot;drop_cap&quot;:&quot;yes&quot;}\" data-widget_type=\"text-editor.default\">\n\t\t\t\t<div class=\"elementor-widget-container\">\n\t\t\t\t\t\t\t\t<div class=\"elementor-text-editor elementor-clearfix\">\n\t\t\t\t\t<div class=\"x11i5rnm xat24cr x1mh8g0r x1vvkbs xtlvy1s x126k92a\"><div dir=\"auto\">05.04.2024 r. w Katowicach nasi uczniowie zdystansowali swoich r\u00f3wie\u015bnik\u00f3w w wiedzy o podatkach:<\/div><\/div><div class=\"x11i5rnm xat24cr x1mh8g0r x1vvkbs xtlvy1s x126k92a\"><div dir=\"auto\"><span class=\"x3nfvp2 x1j61x8r x1fcty0u xdj266r xhhsvwb xat24cr xgzva0m xxymvpz xlup9mm x1kky2od\"><img loading=\"lazy\" class=\"xz74otr\" src=\"https:\/\/static.xx.fbcdn.net\/images\/emoji.php\/v9\/t3b\/1.5\/16\/2b50.png\" alt=\"\u2b50\" width=\"16\" height=\"16\" \/><\/span> <strong>Bartosz Drobisz<\/strong> \u2013 2 miejsce w kraju (laureat)<\/div><div dir=\"auto\"><span class=\"x3nfvp2 x1j61x8r x1fcty0u xdj266r xhhsvwb xat24cr xgzva0m xxymvpz xlup9mm x1kky2od\"><img loading=\"lazy\" class=\"xz74otr\" src=\"https:\/\/static.xx.fbcdn.net\/images\/emoji.php\/v9\/t3b\/1.5\/16\/2b50.png\" alt=\"\u2b50\" width=\"16\" height=\"16\" \/><\/span> <strong>Julia Huras<\/strong> \u2013 5 miejsce w kraju (laureat)<\/div><div dir=\"auto\"><span class=\"x3nfvp2 x1j61x8r x1fcty0u xdj266r xhhsvwb xat24cr xgzva0m xxymvpz xlup9mm x1kky2od\"><img loading=\"lazy\" class=\"xz74otr\" src=\"https:\/\/static.xx.fbcdn.net\/images\/emoji.php\/v9\/t3b\/1.5\/16\/2b50.png\" alt=\"\u2b50\" width=\"16\" height=\"16\" \/><\/span> <strong>Laura Hallek<\/strong> &#8211; finalistka<\/div><div dir=\"auto\"><span class=\"x3nfvp2 x1j61x8r x1fcty0u xdj266r xhhsvwb xat24cr xgzva0m xxymvpz xlup9mm x1kky2od\"><img loading=\"lazy\" class=\"xz74otr\" src=\"https:\/\/static.xx.fbcdn.net\/images\/emoji.php\/v9\/t3b\/1.5\/16\/2b50.png\" alt=\"\u2b50\" width=\"16\" height=\"16\" \/> <\/span><strong>Karolina Lasman<\/strong> \u2013 finalistka<\/div><\/div><div class=\"x11i5rnm xat24cr x1mh8g0r x1vvkbs xtlvy1s x126k92a\"><div dir=\"auto\">Konkurs organizowany jest przez <a class=\"x1i10hfl xjbqb8w x1ejq31n xd10rxx x1sy0etr x17r0tee x972fbf xcfux6l x1qhh985 xm0m39n x9f619 x1ypdohk xt0psk2 xe8uvvx xdj266r x11i5rnm xat24cr x1mh8g0r xexx8yu x4uap5 x18d9i69 xkhd6sd x16tdsg8 x1hl2dhg xggy1nq x1a2a7pz xt0b8zv x1fey0fg xo1l8bm\" tabindex=\"0\" role=\"link\" href=\"https:\/\/www.facebook.com\/KrajowaIzbaDoradcowPodatkowych?__cft__[0]=AZUdDeiCO_eqYX9vbkEqO29rhFz8JcFAjaZdAHc_yDNsqctAw3vk9a8x1bmf4uBXuozAg0zNDLNKwK1SwYn9FOXXynaG0ONdW3-6fQnJxFOsakBl30nK4sxz6TUjC3Y7eZS6LFvjw_xSoxvAhNnm2hzcu0d3A3SoiT_BAprePsxqjVMWILEbosMv527ATZUCrmw&amp;__tn__=-]K-R\"><span class=\"xt0psk2\">Krajowa Izba Doradc\u00f3w Podatkowych<\/span><\/a>, obj\u0119ty zosta\u0142 tak\u017ce honorowym patronatem Ministerstwa Finans\u00f3w.<\/div><\/div><div class=\"x11i5rnm xat24cr x1mh8g0r x1vvkbs xtlvy1s x126k92a\"><div dir=\"auto\">W konkursie mogli uczestniczy\u0107 uczniowie i s\u0142uchacze wszystkich typ\u00f3w szk\u00f3\u0142 ponadpodstawowych. Sk\u0142ada\u0142 si\u0119 on z cz\u0119\u015bci pisemnej oraz ustnej, sprawdza\u0142 wiedz\u0119 z 14 ustaw podatkowych wraz z rozporz\u0105dzeniami wykonawczymi oraz wiedz\u0119 og\u00f3lnoekonomiczn\u0105, niezb\u0119dn\u0105 dla w\u0142a\u015bciwego zrozumienia problematyki podatkowej.<\/div><div dir=\"auto\">Wiedza obj\u0119ta tematyk\u0105 konkursu przydatna jest szczeg\u00f3lnie w zawodzie doradcy podatkowego, ale tak\u017ce w innych zawodach ekonomiczno \u2013 prawnych, czy nawet w \u017cyciu codziennym.<\/div><\/div><div class=\"x11i5rnm xat24cr x1mh8g0r x1vvkbs xtlvy1s x126k92a\"><div dir=\"auto\"><strong>\u00a0Opiekunem m\u0142odzie\u017cy by\u0142a Pani Ma\u0142gorzata Radziszewska<\/strong><\/div><\/div>\t\t\t\t\t<\/div>\n\t\t\t\t\t\t<\/div>\n\t\t\t\t<\/div>\n\t\t\t\t<div class=\"elementor-element elementor-element-2c4828f9 elementor-widget-divider--separator-type-pattern elementor-widget-divider--no-spacing elementor-widget-divider--view-line elementor-widget elementor-widget-divider\" data-id=\"2c4828f9\" data-element_type=\"widget\" data-widget_type=\"divider.default\">\n\t\t\t\t<div class=\"elementor-widget-container\">\n\t\t\t\t\t<div class=\"elementor-divider\" style=\"--divider-pattern-url: url(&quot;data:image\/svg+xml,%3Csvg xmlns=&#039;http:\/\/www.w3.org\/2000\/svg&#039; preserveAspectRatio=&#039;xMidYMid meet&#039; overflow=&#039;visible&#039; height=&#039;100%&#039; viewBox=&#039;0 0 126 26&#039; fill=&#039;black&#039; stroke=&#039;none&#039;%3E%3Cpath d=&#039;M3,10.2c2.6,0,2.6,2,2.6,3.2S4.4,16.5,3,16.5s-3-1.4-3-3.2S0.4,10.2,3,10.2z M18.8,10.2c1.7,0,3.2,1.4,3.2,3.2s-1.4,3.2-3.2,3.2c-1.7,0-3.2-1.4-3.2-3.2S17,10.2,18.8,10.2z M34.6,10.2c1.5,0,2.6,1.4,2.6,3.2s-0.5,3.2-1.9,3.2c-1.5,0-3.4-1.4-3.4-3.2S33.1,10.2,34.6,10.2z M50.5,10.2c1.7,0,3.2,1.4,3.2,3.2s-1.4,3.2-3.2,3.2c-1.7,0-3.3-0.9-3.3-2.6S48.7,10.2,50.5,10.2z M66.2,10.2c1.5,0,3.4,1.4,3.4,3.2s-1.9,3.2-3.4,3.2c-1.5,0-2.6-0.4-2.6-2.1S64.8,10.2,66.2,10.2z M82.2,10.2c1.7,0.8,2.6,1.4,2.6,3.2s-0.1,3.2-1.6,3.2c-1.5,0-3.7-1.4-3.7-3.2S80.5,9.4,82.2,10.2zM98.6,10.2c1.5,0,2.6,0.4,2.6,2.1s-1.2,4.2-2.6,4.2c-1.5,0-3.7-0.4-3.7-2.1S97.1,10.2,98.6,10.2z M113.4,10.2c1.2,0,2.2,0.9,2.2,3.2s-0.1,3.2-1.3,3.2s-3.1-1.4-3.1-3.2S112.2,10.2,113.4,10.2z&#039;\/%3E%3C\/svg%3E&quot;);\">\n\t\t\t<span class=\"elementor-divider-separator\">\n\t\t\t\t\t\t<\/span>\n\t\t<\/div>\n\t\t\t\t<\/div>\n\t\t\t\t<\/div>\n\t\t\t\t<div class=\"elementor-element elementor-element-59e0a13e elementor-widget-divider--view-line elementor-widget elementor-widget-divider\" data-id=\"59e0a13e\" data-element_type=\"widget\" data-widget_type=\"divider.default\">\n\t\t\t\t<div class=\"elementor-widget-container\">\n\t\t\t\t\t<div class=\"elementor-divider\">\n\t\t\t<span class=\"elementor-divider-separator\">\n\t\t\t\t\t\t<\/span>\n\t\t<\/div>\n\t\t\t\t<\/div>\n\t\t\t\t<\/div>\n\t\t\t\t\t\t<\/div>\n\t\t\t\t\t<\/div>\n\t\t<\/div>\n\t\t\t\t\t\t\t\t<\/div>\n\t\t\t\t\t<\/div>\n\t\t<\/section>\n\t\t\t\t\t\t<\/div>\n\t\t\t\t\t\t<\/div>\n\t\t\t\t\t<\/div>\n\t\t","protected":false},"excerpt":{"rendered":"<p>05.04.2024 r. w Katowicach nasi uczniowie zdystansowali swoich r\u00f3wie\u015bnik\u00f3w w wiedzy o podatkach: Bartosz Drobisz \u2013 2 miejsce w kraju (laureat) Julia Huras \u2013 5 miejsce w kraju (laureat) Laura Hallek &#8211; finalistka Karolina Lasman \u2013 finalistkaKonkurs organizowany jest przez Krajowa Izba Doradc\u00f3w Podatkowych, obj\u0119ty zosta\u0142 tak\u017ce honorowym patronatem Ministerstwa Finans\u00f3w.W konkursie mogli uczestniczy\u0107 uczniowie&#8230;<\/p>\n","protected":false},"author":5,"featured_media":997027,"comment_status":"open","ping_status":"open","sticky":false,"template":"","format":"standard","meta":{"inline_featured_image":false},"categories":[87,208,186],"tags":[252,309],"_links":{"self":[{"href":"http:\/\/ekonomik.opole.pl\/eko3\/wp-json\/wp\/v2\/posts\/997025"}],"collection":[{"href":"http:\/\/ekonomik.opole.pl\/eko3\/wp-json\/wp\/v2\/posts"}],"about":[{"href":"http:\/\/ekonomik.opole.pl\/eko3\/wp-json\/wp\/v2\/types\/post"}],"author":[{"embeddable":true,"href":"http:\/\/ekonomik.opole.pl\/eko3\/wp-json\/wp\/v2\/users\/5"}],"replies":[{"embeddable":true,"href":"http:\/\/ekonomik.opole.pl\/eko3\/wp-json\/wp\/v2\/comments?post=997025"}],"version-history":[{"count":4,"href":"http:\/\/ekonomik.opole.pl\/eko3\/wp-json\/wp\/v2\/posts\/997025\/revisions"}],"predecessor-version":[{"id":997030,"href":"http:\/\/ekonomik.opole.pl\/eko3\/wp-json\/wp\/v2\/posts\/997025\/revisions\/997030"}],"wp:featuredmedia":[{"embeddable":true,"href":"http:\/\/ekonomik.opole.pl\/eko3\/wp-json\/wp\/v2\/media\/997027"}],"wp:attachment":[{"href":"http:\/\/ekonomik.opole.pl\/eko3\/wp-json\/wp\/v2\/media?parent=997025"}],"wp:term":[{"taxonomy":"category","embeddable":true,"href":"http:\/\/ekonomik.opole.pl\/eko3\/wp-json\/wp\/v2\/categories?post=997025"},{"taxonomy":"post_tag","embeddable":true,"href":"http:\/\/ekonomik.opole.pl\/eko3\/wp-json\/wp\/v2\/tags?post=997025"}],"curies":[{"name":"wp","href":"https:\/\/api.w.org\/{rel}","templated":true}]}}