{"id":997037,"date":"2024-05-05T13:56:35","date_gmt":"2024-05-05T11:56:35","guid":{"rendered":"http:\/\/ekonomik.opole.pl\/eko3\/?p=997037"},"modified":"2025-03-01T02:10:01","modified_gmt":"2025-03-01T01:10:01","slug":"praktyki-zagraniczne-na-gran-canarii-i-w-saragossie","status":"publish","type":"post","link":"http:\/\/ekonomik.opole.pl\/eko3\/praktyki-zagraniczne-na-gran-canarii-i-w-saragossie\/","title":{"rendered":"Praktyki zagraniczne na Gran Canarii i w Saragossie"},"content":{"rendered":"\t\t<div data-elementor-type=\"wp-post\" data-elementor-id=\"997037\" class=\"elementor elementor-997037\" data-elementor-settings=\"[]\">\n\t\t\t\t\t\t<div class=\"elementor-inner\">\n\t\t\t\t\t\t\t<div class=\"elementor-section-wrap\">\n\t\t\t\t\t\t\t<section class=\"elementor-section elementor-top-section elementor-element elementor-element-7fce31b8 elementor-section-full_width elementor-section-height-default elementor-section-height-default\" data-id=\"7fce31b8\" data-element_type=\"section\">\n\t\t\t\t\t\t<div class=\"elementor-container elementor-column-gap-default\">\n\t\t\t\t\t\t\t<div class=\"elementor-row\">\n\t\t\t\t\t<div class=\"elementor-column elementor-col-100 elementor-top-column elementor-element elementor-element-3ff34715\" data-id=\"3ff34715\" data-element_type=\"column\">\n\t\t\t<div class=\"elementor-column-wrap elementor-element-populated\">\n\t\t\t\t\t\t\t<div class=\"elementor-widget-wrap\">\n\t\t\t\t\t\t<div class=\"elementor-element elementor-element-1a276372 elementor-widget elementor-widget-text-editor\" data-id=\"1a276372\" data-element_type=\"widget\" data-widget_type=\"text-editor.default\">\n\t\t\t\t<div class=\"elementor-widget-container\">\n\t\t\t\t\t\t\t\t<div class=\"elementor-text-editor elementor-clearfix\">\n\t\t\t\t\t<div class=\"x11i5rnm xat24cr x1mh8g0r x1vvkbs xtlvy1s x126k92a\"><div dir=\"auto\"><p>30 uczni\u00f3w Zespo\u0142u Szk\u00f3\u0142 Ekonomicznych w Opolu, kszta\u0142c\u0105cych si\u0119 w zawodach technik fotografii i multimedi\u00f3w, technik grafiki i poligrafii cyfrowej, technik programista, technik ekonomista, technik rachunkowo\u015bci, technik reklamy oraz technik logistyk, wzi\u0119\u0142o udzia\u0142 w zagranicznych praktykach zawodowych. Sta\u017ce odby\u0142y si\u0119 w Saragossie (Hiszpania) oraz w Las Palmas na Gran Canarii.<\/p><p>Praktyki by\u0142y cz\u0119\u015bci\u0105 projektu &#8222;Zagraniczna mobilno\u015b\u0107 edukacyjna uczni\u00f3w i absolwent\u00f3w oraz kadry kszta\u0142cenia zawodowego&#8221;, wsp\u00f3\u0142finansowanego przez Uni\u0119 Europejsk\u0105 ze \u015brodk\u00f3w Europejskiego Funduszu Spo\u0142ecznego+ w ramach Programu Fundusze Europejskie dla Rozwoju Spo\u0142ecznego 2021-2027, realizowanego na zasadach Programu Erasmus+.<\/p><p>Podczas sta\u017cu uczniowie mieli okazj\u0119 zdoby\u0107 cenne do\u015bwiadczenie zawodowe, rozwija\u0107 swoje umiej\u0119tno\u015bci praktyczne i j\u0119zykowe oraz zapozna\u0107 si\u0119 z mi\u0119dzynarodowymi standardami pracy w swoich bran\u017cach. Praca w firmach i instytucjach zagranicznych pozwoli\u0142a im na poszerzenie horyzont\u00f3w oraz zdobycie kompetencji przydatnych na rynku pracy.<\/p><p>Opr\u00f3cz aspekt\u00f3w zawodowych, uczestnicy programu mieli mo\u017cliwo\u015b\u0107 poznania kultury i atrakcji turystycznych Hiszpanii. W Saragossie zwiedzili m.in. imponuj\u0105c\u0105 Bazylik\u0119 Nuestra Se\u00f1ora del Pilar oraz liczne muzea i zabytki miasta. W Las Palmas na Gran Canarii uczniowie podziwiali urokliwe pla\u017ce, star\u00f3wk\u0119 Vegueta, audytorium Alfredo Krausa oraz malownicze krajobrazy p\u00f3\u0142nocy wyspy. Program kulturowy i turystyczny wzbogaci\u0142 ich do\u015bwiadczenie, pozwalaj\u0105c na pe\u0142niejsze zrozumienie hiszpa\u0144skiej historii, tradycji i codziennego \u017cycia.<\/p><p>Dzi\u0119ki udzia\u0142owi w projekcie uczniowie nie tylko podnie\u015bli swoje kwalifikacje zawodowe, ale tak\u017ce zdobyli cenne do\u015bwiadczenia kulturowe i spo\u0142eczne, kt\u00f3re z pewno\u015bci\u0105 zaprocentuj\u0105 w ich przysz\u0142ej karierze. Wyjazd zako\u0144czy\u0142 si\u0119 otrzymaniem przez uczestnik\u00f3w certyfikat\u00f3w odbycia praktyki zawodowej oraz dokument\u00f3w Europass, potwierdzaj\u0105cych zdobyte umiej\u0119tno\u015bci i do\u015bwiadczenie, a niekt\u00f3rzy z uczni\u00f3w otrzymali listy polecaj\u0105ce od swoich pracodawc\u00f3w, kt\u00f3re r\u00f3wnie\u017c b\u0119d\u0105 przydatne w poszukiwaniu pracy w przysz\u0142o\u015bci.<\/p><p>Praktyki stanowi\u0142y r\u00f3wnie\u017c doskona\u0142\u0105 okazj\u0119 do integracji uczni\u00f3w jako grupy. Wsp\u00f3lne wyjazdy, zadania zawodowe oraz aktywno\u015bci kulturalne sprzyja\u0142y budowaniu relacji, rozwijaniu umiej\u0119tno\u015bci pracy zespo\u0142owej i wzajemnemu wsparciu. Dzi\u0119ki temu uczestnicy mogli nie tylko zdobywa\u0107 nowe kompetencje, ale tak\u017ce nawi\u0105zywa\u0107 trwa\u0142e przyja\u017anie.<\/p><p>Jest to kolejny z wyjazd\u00f3w na praktyki zagraniczne, a nast\u0119pne planujemy w kolejnych latach. Do udzia\u0142u w projekcie zapraszamy co roku uczni\u00f3w klas IV, a informacji o projekcie udziela Pan Sylwester Strzelec, koordynator szkolny projektu.<\/p><\/div><\/div>\t\t\t\t\t<\/div>\n\t\t\t\t\t\t<\/div>\n\t\t\t\t<\/div>\n\t\t\t\t<div class=\"elementor-element elementor-element-3f93bdb2 elementor-widget-divider--view-line elementor-widget elementor-widget-divider\" data-id=\"3f93bdb2\" data-element_type=\"widget\" data-widget_type=\"divider.default\">\n\t\t\t\t<div class=\"elementor-widget-container\">\n\t\t\t\t\t<div class=\"elementor-divider\">\n\t\t\t<span class=\"elementor-divider-separator\">\n\t\t\t\t\t\t<\/span>\n\t\t<\/div>\n\t\t\t\t<\/div>\n\t\t\t\t<\/div>\n\t\t\t\t<div class=\"elementor-element elementor-element-2fee9906 elementor-widget elementor-widget-heading\" data-id=\"2fee9906\" data-element_type=\"widget\" data-widget_type=\"heading.default\">\n\t\t\t\t<div class=\"elementor-widget-container\">\n\t\t\t<h3 class=\"elementor-heading-title elementor-size-default\">1 maja obchodzili\u015bmy 20-lecie obecno\u015bci Polski w Unii Europejskiej<\/h3>\t\t<\/div>\n\t\t\t\t<\/div>\n\t\t\t\t<div class=\"elementor-element elementor-element-3be5dc1f elementor-widget elementor-widget-text-editor\" data-id=\"3be5dc1f\" data-element_type=\"widget\" data-widget_type=\"text-editor.default\">\n\t\t\t\t<div class=\"elementor-widget-container\">\n\t\t\t\t\t\t\t\t<div class=\"elementor-text-editor elementor-clearfix\">\n\t\t\t\t\t<div class=\"x11i5rnm xat24cr x1mh8g0r x1vvkbs xtlvy1s x126k92a\"><div dir=\"auto\"><span style=\"color: var(--vamtam-primary-font-color); letter-spacing: var(--vamtam-primary-font-letter-spacing-desktop,normal); text-transform: var(--vamtam-primary-font-transform,none);\">Przygoda nie by\u0142aby mo\u017cliwa bez funduszy uzyskanych z Unii Europejskiej. <\/span><span style=\"color: var(--vamtam-primary-font-color); letter-spacing: var(--vamtam-primary-font-letter-spacing-desktop,normal); text-transform: var(--vamtam-primary-font-transform,none);\">Pobyt naszych uczni\u00f3w w Saragossie i na Gran Canarii jest dowodem na to jak\u0105 warto\u015bci\u0105 jest uczestnictwo Polski w Unii Europejskiej<\/span><\/div><\/div>\t\t\t\t\t<\/div>\n\t\t\t\t\t\t<\/div>\n\t\t\t\t<\/div>\n\t\t\t\t<div class=\"elementor-element elementor-element-b7f3cfa elementor-widget elementor-widget-image\" data-id=\"b7f3cfa\" data-element_type=\"widget\" data-widget_type=\"image.default\">\n\t\t\t\t<div class=\"elementor-widget-container\">\n\t\t\t\t\t\t\t\t<div class=\"elementor-image\">\n\t\t\t\t\t\t\t\t\t\t\t\t<img width=\"1200\" height=\"849\" src=\"http:\/\/ekonomik.opole.pl\/eko3\/wp-content\/uploads\/2024\/05\/plakat-FERS-Opole.webp\" class=\"attachment-full size-full\" alt=\"\" loading=\"lazy\" srcset=\"http:\/\/ekonomik.opole.pl\/eko3\/wp-content\/uploads\/2024\/05\/plakat-FERS-Opole.webp 1200w, http:\/\/ekonomik.opole.pl\/eko3\/wp-content\/uploads\/2024\/05\/plakat-FERS-Opole-300x212.webp 300w, http:\/\/ekonomik.opole.pl\/eko3\/wp-content\/uploads\/2024\/05\/plakat-FERS-Opole-1024x724.webp 1024w, http:\/\/ekonomik.opole.pl\/eko3\/wp-content\/uploads\/2024\/05\/plakat-FERS-Opole-768x543.webp 768w, http:\/\/ekonomik.opole.pl\/eko3\/wp-content\/uploads\/2024\/05\/plakat-FERS-Opole-680x481.webp 680w\" sizes=\"(max-width: 1200px) 100vw, 1200px\" \/>\t\t\t\t\t\t\t\t\t\t\t\t\t\t<\/div>\n\t\t\t\t\t\t<\/div>\n\t\t\t\t<\/div>\n\t\t\t\t\t\t<\/div>\n\t\t\t\t\t<\/div>\n\t\t<\/div>\n\t\t\t\t\t\t\t\t<\/div>\n\t\t\t\t\t<\/div>\n\t\t<\/section>\n\t\t\t\t<section class=\"elementor-section elementor-top-section elementor-element elementor-element-19c3009 elementor-section-boxed elementor-section-height-default elementor-section-height-default\" data-id=\"19c3009\" data-element_type=\"section\">\n\t\t\t\t\t\t<div class=\"elementor-container elementor-column-gap-default\">\n\t\t\t\t\t\t\t<div class=\"elementor-row\">\n\t\t\t\t\t<div class=\"elementor-column elementor-col-100 elementor-top-column elementor-element elementor-element-65a5c2b\" data-id=\"65a5c2b\" data-element_type=\"column\">\n\t\t\t<div class=\"elementor-column-wrap\">\n\t\t\t\t\t\t\t<div class=\"elementor-widget-wrap\">\n\t\t\t\t\t\t\t\t<\/div>\n\t\t\t\t\t<\/div>\n\t\t<\/div>\n\t\t\t\t\t\t\t\t<\/div>\n\t\t\t\t\t<\/div>\n\t\t<\/section>\n\t\t\t\t<section class=\"elementor-section elementor-top-section elementor-element elementor-element-4488e0b elementor-section-boxed elementor-section-height-default elementor-section-height-default\" data-id=\"4488e0b\" data-element_type=\"section\">\n\t\t\t\t\t\t<div class=\"elementor-container elementor-column-gap-default\">\n\t\t\t\t\t\t\t<div class=\"elementor-row\">\n\t\t\t\t\t<div class=\"elementor-column elementor-col-100 elementor-top-column elementor-element elementor-element-9cdd125\" data-id=\"9cdd125\" data-element_type=\"column\">\n\t\t\t<div class=\"elementor-column-wrap elementor-element-populated\">\n\t\t\t\t\t\t\t<div class=\"elementor-widget-wrap\">\n\t\t\t\t\t\t<div class=\"elementor-element elementor-element-eb8b686 elementor-widget elementor-widget-gallery\" data-id=\"eb8b686\" data-element_type=\"widget\" data-settings=\"{&quot;lazyload&quot;:&quot;yes&quot;,&quot;gallery_layout&quot;:&quot;grid&quot;,&quot;columns&quot;:4,&quot;columns_tablet&quot;:2,&quot;columns_mobile&quot;:1,&quot;gap&quot;:{&quot;unit&quot;:&quot;px&quot;,&quot;size&quot;:10,&quot;sizes&quot;:[]},&quot;gap_tablet&quot;:{&quot;unit&quot;:&quot;px&quot;,&quot;size&quot;:10,&quot;sizes&quot;:[]},&quot;gap_mobile&quot;:{&quot;unit&quot;:&quot;px&quot;,&quot;size&quot;:10,&quot;sizes&quot;:[]},&quot;link_to&quot;:&quot;file&quot;,&quot;aspect_ratio&quot;:&quot;3:2&quot;,&quot;overlay_background&quot;:&quot;yes&quot;,&quot;content_hover_animation&quot;:&quot;fade-in&quot;}\" data-widget_type=\"gallery.default\">\n\t\t\t\t<div class=\"elementor-widget-container\">\n\t\t\t\t\t<div class=\"elementor-gallery__container\">\n\t\t\t\t\t\t\t<a class=\"e-gallery-item elementor-gallery-item elementor-animated-content\" href=\"http:\/\/ekonomik.opole.pl\/eko3\/wp-content\/uploads\/2025\/03\/1714475500592-scaled.jpg\" data-elementor-open-lightbox=\"yes\" data-elementor-lightbox-slideshow=\"all-eb8b686\" data-elementor-lightbox-title=\"1714475500592\">\n\t\t\t\t\t<div class=\"e-gallery-image elementor-gallery-item__image\" data-thumbnail=\"http:\/\/ekonomik.opole.pl\/eko3\/wp-content\/uploads\/2025\/03\/1714475500592-300x210.jpg\" data-width=\"300\" data-height=\"210\" alt=\"\" ><\/div>\n\t\t\t\t\t\t\t\t\t\t<div class=\"elementor-gallery-item__overlay\"><\/div>\n\t\t\t\t\t\t\t\t\t\t\t\t\t\t<\/a>\n\t\t\t\t\t\t\t<a class=\"e-gallery-item elementor-gallery-item elementor-animated-content\" href=\"http:\/\/ekonomik.opole.pl\/eko3\/wp-content\/uploads\/2025\/03\/1714475500611.jpg\" data-elementor-open-lightbox=\"yes\" data-elementor-lightbox-slideshow=\"all-eb8b686\" data-elementor-lightbox-title=\"1714475500611\">\n\t\t\t\t\t<div class=\"e-gallery-image elementor-gallery-item__image\" data-thumbnail=\"http:\/\/ekonomik.opole.pl\/eko3\/wp-content\/uploads\/2025\/03\/1714475500611-225x300.jpg\" data-width=\"225\" data-height=\"300\" alt=\"\" ><\/div>\n\t\t\t\t\t\t\t\t\t\t<div class=\"elementor-gallery-item__overlay\"><\/div>\n\t\t\t\t\t\t\t\t\t\t\t\t\t\t<\/a>\n\t\t\t\t\t\t\t<a class=\"e-gallery-item elementor-gallery-item elementor-animated-content\" href=\"http:\/\/ekonomik.opole.pl\/eko3\/wp-content\/uploads\/2025\/03\/1714506257232.jpg\" data-elementor-open-lightbox=\"yes\" data-elementor-lightbox-slideshow=\"all-eb8b686\" data-elementor-lightbox-title=\"1714506257232\">\n\t\t\t\t\t<div class=\"e-gallery-image elementor-gallery-item__image\" data-thumbnail=\"http:\/\/ekonomik.opole.pl\/eko3\/wp-content\/uploads\/2025\/03\/1714506257232-227x300.jpg\" data-width=\"227\" data-height=\"300\" alt=\"\" ><\/div>\n\t\t\t\t\t\t\t\t\t\t<div class=\"elementor-gallery-item__overlay\"><\/div>\n\t\t\t\t\t\t\t\t\t\t\t\t\t\t<\/a>\n\t\t\t\t\t\t\t<a class=\"e-gallery-item elementor-gallery-item elementor-animated-content\" href=\"http:\/\/ekonomik.opole.pl\/eko3\/wp-content\/uploads\/2025\/03\/1714506257270.jpg\" data-elementor-open-lightbox=\"yes\" data-elementor-lightbox-slideshow=\"all-eb8b686\" data-elementor-lightbox-title=\"1714506257270\">\n\t\t\t\t\t<div class=\"e-gallery-image elementor-gallery-item__image\" data-thumbnail=\"http:\/\/ekonomik.opole.pl\/eko3\/wp-content\/uploads\/2025\/03\/1714506257270-225x300.jpg\" data-width=\"225\" data-height=\"300\" alt=\"\" ><\/div>\n\t\t\t\t\t\t\t\t\t\t<div class=\"elementor-gallery-item__overlay\"><\/div>\n\t\t\t\t\t\t\t\t\t\t\t\t\t\t<\/a>\n\t\t\t\t\t\t\t<a class=\"e-gallery-item elementor-gallery-item elementor-animated-content\" href=\"http:\/\/ekonomik.opole.pl\/eko3\/wp-content\/uploads\/2025\/03\/1714506257287.jpg\" data-elementor-open-lightbox=\"yes\" data-elementor-lightbox-slideshow=\"all-eb8b686\" data-elementor-lightbox-title=\"1714506257287\">\n\t\t\t\t\t<div class=\"e-gallery-image elementor-gallery-item__image\" data-thumbnail=\"http:\/\/ekonomik.opole.pl\/eko3\/wp-content\/uploads\/2025\/03\/1714506257287-300x225.jpg\" data-width=\"300\" data-height=\"225\" alt=\"\" ><\/div>\n\t\t\t\t\t\t\t\t\t\t<div class=\"elementor-gallery-item__overlay\"><\/div>\n\t\t\t\t\t\t\t\t\t\t\t\t\t\t<\/a>\n\t\t\t\t\t\t\t<a class=\"e-gallery-item elementor-gallery-item elementor-animated-content\" href=\"http:\/\/ekonomik.opole.pl\/eko3\/wp-content\/uploads\/2025\/03\/1715083402831-scaled.jpg\" data-elementor-open-lightbox=\"yes\" data-elementor-lightbox-slideshow=\"all-eb8b686\" data-elementor-lightbox-title=\"1715083402831\">\n\t\t\t\t\t<div class=\"e-gallery-image elementor-gallery-item__image\" data-thumbnail=\"http:\/\/ekonomik.opole.pl\/eko3\/wp-content\/uploads\/2025\/03\/1715083402831-300x225.jpg\" data-width=\"300\" data-height=\"225\" alt=\"\" ><\/div>\n\t\t\t\t\t\t\t\t\t\t<div class=\"elementor-gallery-item__overlay\"><\/div>\n\t\t\t\t\t\t\t\t\t\t\t\t\t\t<\/a>\n\t\t\t\t\t\t\t<a class=\"e-gallery-item elementor-gallery-item elementor-animated-content\" href=\"http:\/\/ekonomik.opole.pl\/eko3\/wp-content\/uploads\/2025\/03\/1715083467227.jpg\" data-elementor-open-lightbox=\"yes\" data-elementor-lightbox-slideshow=\"all-eb8b686\" data-elementor-lightbox-title=\"1715083467227\">\n\t\t\t\t\t<div class=\"e-gallery-image elementor-gallery-item__image\" data-thumbnail=\"http:\/\/ekonomik.opole.pl\/eko3\/wp-content\/uploads\/2025\/03\/1715083467227-300x225.jpg\" data-width=\"300\" data-height=\"225\" alt=\"\" ><\/div>\n\t\t\t\t\t\t\t\t\t\t<div class=\"elementor-gallery-item__overlay\"><\/div>\n\t\t\t\t\t\t\t\t\t\t\t\t\t\t<\/a>\n\t\t\t\t\t\t\t<a class=\"e-gallery-item elementor-gallery-item elementor-animated-content\" href=\"http:\/\/ekonomik.opole.pl\/eko3\/wp-content\/uploads\/2025\/03\/1715083467257.jpg\" data-elementor-open-lightbox=\"yes\" data-elementor-lightbox-slideshow=\"all-eb8b686\" data-elementor-lightbox-title=\"1715083467257\">\n\t\t\t\t\t<div class=\"e-gallery-image elementor-gallery-item__image\" data-thumbnail=\"http:\/\/ekonomik.opole.pl\/eko3\/wp-content\/uploads\/2025\/03\/1715083467257-300x225.jpg\" data-width=\"300\" data-height=\"225\" alt=\"\" ><\/div>\n\t\t\t\t\t\t\t\t\t\t<div class=\"elementor-gallery-item__overlay\"><\/div>\n\t\t\t\t\t\t\t\t\t\t\t\t\t\t<\/a>\n\t\t\t\t\t\t\t<a class=\"e-gallery-item elementor-gallery-item elementor-animated-content\" href=\"http:\/\/ekonomik.opole.pl\/eko3\/wp-content\/uploads\/2025\/03\/1715083467273.jpg\" data-elementor-open-lightbox=\"yes\" data-elementor-lightbox-slideshow=\"all-eb8b686\" data-elementor-lightbox-title=\"1715083467273\">\n\t\t\t\t\t<div class=\"e-gallery-image elementor-gallery-item__image\" data-thumbnail=\"http:\/\/ekonomik.opole.pl\/eko3\/wp-content\/uploads\/2025\/03\/1715083467273-300x225.jpg\" data-width=\"300\" data-height=\"225\" alt=\"\" ><\/div>\n\t\t\t\t\t\t\t\t\t\t<div class=\"elementor-gallery-item__overlay\"><\/div>\n\t\t\t\t\t\t\t\t\t\t\t\t\t\t<\/a>\n\t\t\t\t\t\t\t<a class=\"e-gallery-item elementor-gallery-item elementor-animated-content\" href=\"http:\/\/ekonomik.opole.pl\/eko3\/wp-content\/uploads\/2025\/03\/1715083467307.jpg\" data-elementor-open-lightbox=\"yes\" data-elementor-lightbox-slideshow=\"all-eb8b686\" data-elementor-lightbox-title=\"1715083467307\">\n\t\t\t\t\t<div class=\"e-gallery-image elementor-gallery-item__image\" data-thumbnail=\"http:\/\/ekonomik.opole.pl\/eko3\/wp-content\/uploads\/2025\/03\/1715083467307-300x225.jpg\" data-width=\"300\" data-height=\"225\" alt=\"\" ><\/div>\n\t\t\t\t\t\t\t\t\t\t<div class=\"elementor-gallery-item__overlay\"><\/div>\n\t\t\t\t\t\t\t\t\t\t\t\t\t\t<\/a>\n\t\t\t\t\t\t\t<a class=\"e-gallery-item elementor-gallery-item elementor-animated-content\" href=\"http:\/\/ekonomik.opole.pl\/eko3\/wp-content\/uploads\/2025\/03\/1715083467327.jpg\" data-elementor-open-lightbox=\"yes\" data-elementor-lightbox-slideshow=\"all-eb8b686\" data-elementor-lightbox-title=\"1715083467327\">\n\t\t\t\t\t<div class=\"e-gallery-image elementor-gallery-item__image\" data-thumbnail=\"http:\/\/ekonomik.opole.pl\/eko3\/wp-content\/uploads\/2025\/03\/1715083467327-300x225.jpg\" data-width=\"300\" data-height=\"225\" alt=\"\" ><\/div>\n\t\t\t\t\t\t\t\t\t\t<div class=\"elementor-gallery-item__overlay\"><\/div>\n\t\t\t\t\t\t\t\t\t\t\t\t\t\t<\/a>\n\t\t\t\t\t\t\t<a class=\"e-gallery-item elementor-gallery-item elementor-animated-content\" href=\"http:\/\/ekonomik.opole.pl\/eko3\/wp-content\/uploads\/2024\/05\/1714475672343.jpg\" data-elementor-open-lightbox=\"yes\" data-elementor-lightbox-slideshow=\"all-eb8b686\">\n\t\t\t\t\t<div class=\"e-gallery-image elementor-gallery-item__image\" data-thumbnail=\"http:\/\/ekonomik.opole.pl\/eko3\/wp-content\/uploads\/2024\/05\/1714475672343-300x225.jpg\" data-width=\"300\" data-height=\"225\" alt=\"\" ><\/div>\n\t\t\t\t\t\t\t\t\t\t<div class=\"elementor-gallery-item__overlay\"><\/div>\n\t\t\t\t\t\t\t\t\t\t\t\t\t\t<\/a>\n\t\t\t\t\t<\/div>\n\t\t\t<\/div>\n\t\t\t\t<\/div>\n\t\t\t\t\t\t<\/div>\n\t\t\t\t\t<\/div>\n\t\t<\/div>\n\t\t\t\t\t\t\t\t<\/div>\n\t\t\t\t\t<\/div>\n\t\t<\/section>\n\t\t\t\t\t\t<\/div>\n\t\t\t\t\t\t<\/div>\n\t\t\t\t\t<\/div>\n\t\t","protected":false},"excerpt":{"rendered":"<p>30 uczni\u00f3w Zespo\u0142u Szk\u00f3\u0142 Ekonomicznych w Opolu, kszta\u0142c\u0105cych si\u0119 w zawodach technik fotografii i multimedi\u00f3w, technik grafiki i poligrafii cyfrowej, technik programista, technik ekonomista, technik rachunkowo\u015bci, technik reklamy oraz technik logistyk, wzi\u0119\u0142o udzia\u0142 w zagranicznych praktykach zawodowych. Sta\u017ce odby\u0142y si\u0119 w Saragossie (Hiszpania) oraz w Las Palmas na Gran Canarii. Praktyki by\u0142y cz\u0119\u015bci\u0105 projektu &#8222;Zagraniczna&#8230;<\/p>\n","protected":false},"author":5,"featured_media":997658,"comment_status":"closed","ping_status":"open","sticky":false,"template":"","format":"standard","meta":{"inline_featured_image":false},"categories":[85,247],"tags":[310,148],"_links":{"self":[{"href":"http:\/\/ekonomik.opole.pl\/eko3\/wp-json\/wp\/v2\/posts\/997037"}],"collection":[{"href":"http:\/\/ekonomik.opole.pl\/eko3\/wp-json\/wp\/v2\/posts"}],"about":[{"href":"http:\/\/ekonomik.opole.pl\/eko3\/wp-json\/wp\/v2\/types\/post"}],"author":[{"embeddable":true,"href":"http:\/\/ekonomik.opole.pl\/eko3\/wp-json\/wp\/v2\/users\/5"}],"replies":[{"embeddable":true,"href":"http:\/\/ekonomik.opole.pl\/eko3\/wp-json\/wp\/v2\/comments?post=997037"}],"version-history":[{"count":9,"href":"http:\/\/ekonomik.opole.pl\/eko3\/wp-json\/wp\/v2\/posts\/997037\/revisions"}],"predecessor-version":[{"id":997660,"href":"http:\/\/ekonomik.opole.pl\/eko3\/wp-json\/wp\/v2\/posts\/997037\/revisions\/997660"}],"wp:featuredmedia":[{"embeddable":true,"href":"http:\/\/ekonomik.opole.pl\/eko3\/wp-json\/wp\/v2\/media\/997658"}],"wp:attachment":[{"href":"http:\/\/ekonomik.opole.pl\/eko3\/wp-json\/wp\/v2\/media?parent=997037"}],"wp:term":[{"taxonomy":"category","embeddable":true,"href":"http:\/\/ekonomik.opole.pl\/eko3\/wp-json\/wp\/v2\/categories?post=997037"},{"taxonomy":"post_tag","embeddable":true,"href":"http:\/\/ekonomik.opole.pl\/eko3\/wp-json\/wp\/v2\/tags?post=997037"}],"curies":[{"name":"wp","href":"https:\/\/api.w.org\/{rel}","templated":true}]}}