{"id":997095,"date":"2024-07-17T18:13:33","date_gmt":"2024-07-17T16:13:33","guid":{"rendered":"http:\/\/ekonomik.opole.pl\/eko3\/?p=997095"},"modified":"2024-07-17T18:15:46","modified_gmt":"2024-07-17T16:15:46","slug":"odeszla-od-nas-pani-krzysztofa-wojcik-nauczycielka-w-latach-1972-2008","status":"publish","type":"post","link":"http:\/\/ekonomik.opole.pl\/eko3\/odeszla-od-nas-pani-krzysztofa-wojcik-nauczycielka-w-latach-1972-2008\/","title":{"rendered":"Odesz\u0142a od Nas Pani Krzysztofa W\u00f3jcik &#8211; nauczycielka w latach 1972 &#8211; 2008"},"content":{"rendered":"\t\t<div data-elementor-type=\"wp-post\" data-elementor-id=\"997095\" class=\"elementor elementor-997095\" data-elementor-settings=\"[]\">\n\t\t\t\t\t\t<div class=\"elementor-inner\">\n\t\t\t\t\t\t\t<div class=\"elementor-section-wrap\">\n\t\t\t\t\t\t\t<section class=\"elementor-section elementor-top-section elementor-element elementor-element-571c3e2c elementor-section-full_width elementor-section-height-default elementor-section-height-default\" data-id=\"571c3e2c\" data-element_type=\"section\">\n\t\t\t\t\t\t<div class=\"elementor-container elementor-column-gap-default\">\n\t\t\t\t\t\t\t<div class=\"elementor-row\">\n\t\t\t\t\t<div class=\"elementor-column elementor-col-100 elementor-top-column elementor-element elementor-element-4445c395\" data-id=\"4445c395\" data-element_type=\"column\">\n\t\t\t<div class=\"elementor-column-wrap elementor-element-populated\">\n\t\t\t\t\t\t\t<div class=\"elementor-widget-wrap\">\n\t\t\t\t\t\t<div class=\"elementor-element elementor-element-53c8956 elementor-drop-cap-yes elementor-drop-cap-view-default elementor-widget elementor-widget-text-editor\" data-id=\"53c8956\" data-element_type=\"widget\" data-settings=\"{&quot;drop_cap&quot;:&quot;yes&quot;}\" data-widget_type=\"text-editor.default\">\n\t\t\t\t<div class=\"elementor-widget-container\">\n\t\t\t\t\t\t\t\t<div class=\"elementor-text-editor elementor-clearfix\">\n\t\t\t\t\t<div class=\"x11i5rnm xat24cr x1mh8g0r x1vvkbs xtlvy1s x126k92a\"><div dir=\"auto\">Odesz\u0142a od Nas \ud835\udde3\ud835\uddee\ud835\uddfb\ud835\uddf6 \ud835\uddde\ud835\uddff\ud835\ude07\ud835\ude06\ud835\ude00\ud835\ude07\ud835\ude01\ud835\uddfc\ud835\uddf3\ud835\uddee \ud835\uddea\ud835\uddfc\u0301\ud835\uddf7\ud835\uddf0\ud835\uddf6\ud835\uddf8 &#8211; nauczycielka Zespo\u0142u Szk\u00f3\u0142 Ekonomicznych w Opolu latach 1972 \u2013 2008. Pani Krzysia &#8211; tak j\u0105 nazywali\u015bmy &#8211; uczy\u0142a chemii, technologii \u017cywno\u015bci, towaroznawstwa i innych przedmiot\u00f3w zawodowych.<\/div><\/div><div class=\"x11i5rnm xat24cr x1mh8g0r x1vvkbs xtlvy1s x126k92a\"><div dir=\"auto\"><br \/>Pani Krzysztofa uczy\u0142a z du\u017c\u0105 pasj\u0105, mia\u0142a niesamowit\u0105 wiedz\u0119, by\u0142a konsekwentnym i wymagaj\u0105cym pedagogiem. Wspominamy j\u0105 jako bardzo \u017cyczliw\u0105 kole\u017cank\u0119 z du\u017cym poczuciem humoru i dystansem do \u015bwiata. By\u0142a wychowawczyni\u0105 wielu pokole\u0144 uczni\u00f3w Ekonomika.<\/div><\/div><div class=\"x11i5rnm xat24cr x1mh8g0r x1vvkbs xtlvy1s x126k92a\"><div dir=\"auto\">Dzi\u0119kujemy Pani Krzysiu!<\/div><\/div><p>\u00a0<\/p>\t\t\t\t\t<\/div>\n\t\t\t\t\t\t<\/div>\n\t\t\t\t<\/div>\n\t\t\t\t<div class=\"elementor-element elementor-element-276b63db elementor-widget-divider--separator-type-pattern elementor-widget-divider--no-spacing elementor-widget-divider--view-line elementor-widget elementor-widget-divider\" data-id=\"276b63db\" data-element_type=\"widget\" data-widget_type=\"divider.default\">\n\t\t\t\t<div class=\"elementor-widget-container\">\n\t\t\t\t\t<div class=\"elementor-divider\" style=\"--divider-pattern-url: url(&quot;data:image\/svg+xml,%3Csvg xmlns=&#039;http:\/\/www.w3.org\/2000\/svg&#039; preserveAspectRatio=&#039;xMidYMid meet&#039; overflow=&#039;visible&#039; height=&#039;100%&#039; viewBox=&#039;0 0 126 26&#039; fill=&#039;black&#039; stroke=&#039;none&#039;%3E%3Cpath d=&#039;M3,10.2c2.6,0,2.6,2,2.6,3.2S4.4,16.5,3,16.5s-3-1.4-3-3.2S0.4,10.2,3,10.2z M18.8,10.2c1.7,0,3.2,1.4,3.2,3.2s-1.4,3.2-3.2,3.2c-1.7,0-3.2-1.4-3.2-3.2S17,10.2,18.8,10.2z M34.6,10.2c1.5,0,2.6,1.4,2.6,3.2s-0.5,3.2-1.9,3.2c-1.5,0-3.4-1.4-3.4-3.2S33.1,10.2,34.6,10.2z M50.5,10.2c1.7,0,3.2,1.4,3.2,3.2s-1.4,3.2-3.2,3.2c-1.7,0-3.3-0.9-3.3-2.6S48.7,10.2,50.5,10.2z M66.2,10.2c1.5,0,3.4,1.4,3.4,3.2s-1.9,3.2-3.4,3.2c-1.5,0-2.6-0.4-2.6-2.1S64.8,10.2,66.2,10.2z M82.2,10.2c1.7,0.8,2.6,1.4,2.6,3.2s-0.1,3.2-1.6,3.2c-1.5,0-3.7-1.4-3.7-3.2S80.5,9.4,82.2,10.2zM98.6,10.2c1.5,0,2.6,0.4,2.6,2.1s-1.2,4.2-2.6,4.2c-1.5,0-3.7-0.4-3.7-2.1S97.1,10.2,98.6,10.2z M113.4,10.2c1.2,0,2.2,0.9,2.2,3.2s-0.1,3.2-1.3,3.2s-3.1-1.4-3.1-3.2S112.2,10.2,113.4,10.2z&#039;\/%3E%3C\/svg%3E&quot;);\">\n\t\t\t<span class=\"elementor-divider-separator\">\n\t\t\t\t\t\t<\/span>\n\t\t<\/div>\n\t\t\t\t<\/div>\n\t\t\t\t<\/div>\n\t\t\t\t<div class=\"elementor-element elementor-element-71b9930a elementor-widget-divider--view-line elementor-widget elementor-widget-divider\" data-id=\"71b9930a\" data-element_type=\"widget\" data-widget_type=\"divider.default\">\n\t\t\t\t<div class=\"elementor-widget-container\">\n\t\t\t\t\t<div class=\"elementor-divider\">\n\t\t\t<span class=\"elementor-divider-separator\">\n\t\t\t\t\t\t<\/span>\n\t\t<\/div>\n\t\t\t\t<\/div>\n\t\t\t\t<\/div>\n\t\t\t\t\t\t<\/div>\n\t\t\t\t\t<\/div>\n\t\t<\/div>\n\t\t\t\t\t\t\t\t<\/div>\n\t\t\t\t\t<\/div>\n\t\t<\/section>\n\t\t\t\t\t\t<\/div>\n\t\t\t\t\t\t<\/div>\n\t\t\t\t\t<\/div>\n\t\t","protected":false},"excerpt":{"rendered":"<p>Odesz\u0142a od Nas \ud835\udde3\ud835\uddee\ud835\uddfb\ud835\uddf6 \ud835\uddde\ud835\uddff\ud835\ude07\ud835\ude06\ud835\ude00\ud835\ude07\ud835\ude01\ud835\uddfc\ud835\uddf3\ud835\uddee \ud835\uddea\ud835\uddfc\u0301\ud835\uddf7\ud835\uddf0\ud835\uddf6\ud835\uddf8 &#8211; nauczycielka Zespo\u0142u Szk\u00f3\u0142 Ekonomicznych w Opolu latach 1972 \u2013 2008. Pani Krzysia &#8211; tak j\u0105 nazywali\u015bmy &#8211; uczy\u0142a chemii, technologii \u017cywno\u015bci, towaroznawstwa i innych przedmiot\u00f3w zawodowych.Pani Krzysztofa uczy\u0142a z du\u017c\u0105 pasj\u0105, mia\u0142a niesamowit\u0105 wiedz\u0119, by\u0142a konsekwentnym i wymagaj\u0105cym pedagogiem. Wspominamy j\u0105 jako bardzo \u017cyczliw\u0105 kole\u017cank\u0119 z du\u017cym poczuciem&#8230;<\/p>\n","protected":false},"author":5,"featured_media":997096,"comment_status":"closed","ping_status":"open","sticky":false,"template":"","format":"standard","meta":{"inline_featured_image":false},"categories":[1],"tags":[316],"_links":{"self":[{"href":"http:\/\/ekonomik.opole.pl\/eko3\/wp-json\/wp\/v2\/posts\/997095"}],"collection":[{"href":"http:\/\/ekonomik.opole.pl\/eko3\/wp-json\/wp\/v2\/posts"}],"about":[{"href":"http:\/\/ekonomik.opole.pl\/eko3\/wp-json\/wp\/v2\/types\/post"}],"author":[{"embeddable":true,"href":"http:\/\/ekonomik.opole.pl\/eko3\/wp-json\/wp\/v2\/users\/5"}],"replies":[{"embeddable":true,"href":"http:\/\/ekonomik.opole.pl\/eko3\/wp-json\/wp\/v2\/comments?post=997095"}],"version-history":[{"count":6,"href":"http:\/\/ekonomik.opole.pl\/eko3\/wp-json\/wp\/v2\/posts\/997095\/revisions"}],"predecessor-version":[{"id":997102,"href":"http:\/\/ekonomik.opole.pl\/eko3\/wp-json\/wp\/v2\/posts\/997095\/revisions\/997102"}],"wp:featuredmedia":[{"embeddable":true,"href":"http:\/\/ekonomik.opole.pl\/eko3\/wp-json\/wp\/v2\/media\/997096"}],"wp:attachment":[{"href":"http:\/\/ekonomik.opole.pl\/eko3\/wp-json\/wp\/v2\/media?parent=997095"}],"wp:term":[{"taxonomy":"category","embeddable":true,"href":"http:\/\/ekonomik.opole.pl\/eko3\/wp-json\/wp\/v2\/categories?post=997095"},{"taxonomy":"post_tag","embeddable":true,"href":"http:\/\/ekonomik.opole.pl\/eko3\/wp-json\/wp\/v2\/tags?post=997095"}],"curies":[{"name":"wp","href":"https:\/\/api.w.org\/{rel}","templated":true}]}}