{"id":997170,"date":"2024-08-12T10:32:09","date_gmt":"2024-08-12T08:32:09","guid":{"rendered":"http:\/\/ekonomik.opole.pl\/eko3\/?p=997170"},"modified":"2024-08-12T10:34:49","modified_gmt":"2024-08-12T08:34:49","slug":"wychowawcy-klas-pierwszych-2024-2025","status":"publish","type":"post","link":"http:\/\/ekonomik.opole.pl\/eko3\/wychowawcy-klas-pierwszych-2024-2025\/","title":{"rendered":"Wychowawcy klas pierwszych 2024\/2025"},"content":{"rendered":"\t\t<div data-elementor-type=\"wp-post\" data-elementor-id=\"997170\" class=\"elementor elementor-997170\" data-elementor-settings=\"[]\">\n\t\t\t\t\t\t<div class=\"elementor-inner\">\n\t\t\t\t\t\t\t<div class=\"elementor-section-wrap\">\n\t\t\t\t\t\t\t<section class=\"elementor-section elementor-top-section elementor-element elementor-element-3b1b12e4 elementor-section-full_width elementor-section-height-default elementor-section-height-default\" data-id=\"3b1b12e4\" data-element_type=\"section\">\n\t\t\t\t\t\t<div class=\"elementor-container elementor-column-gap-default\">\n\t\t\t\t\t\t\t<div class=\"elementor-row\">\n\t\t\t\t\t<div class=\"elementor-column elementor-col-100 elementor-top-column elementor-element elementor-element-4b77c2ce\" data-id=\"4b77c2ce\" data-element_type=\"column\">\n\t\t\t<div class=\"elementor-column-wrap elementor-element-populated\">\n\t\t\t\t\t\t\t<div class=\"elementor-widget-wrap\">\n\t\t\t\t\t\t<div class=\"elementor-element elementor-element-1b56ab49 elementor-drop-cap-yes elementor-drop-cap-view-default elementor-widget elementor-widget-text-editor\" data-id=\"1b56ab49\" data-element_type=\"widget\" data-settings=\"{&quot;drop_cap&quot;:&quot;yes&quot;}\" data-widget_type=\"text-editor.default\">\n\t\t\t\t<div class=\"elementor-widget-container\">\n\t\t\t\t\t\t\t\t<div class=\"elementor-text-editor elementor-clearfix\">\n\t\t\t\t\t<p>Ju\u017c 30 sierpnia o 16:30 spotkanie rodzic\u00f3w uczni\u00f3w klas pierwszych z dyrekcj\u0105 i wychowawcami. Zapraszamy wszystkich na 3 pi\u0119tro do auli szkolnej.\u00a0<\/p><div class=\"x11i5rnm xat24cr x1mh8g0r x1vvkbs xtlvy1s x126k92a\"><div dir=\"auto\">Klasa 1A &#8211; to klasa wielozawodowa: technik fotografii i multimedi\u00f3w, technik grafiki i poligrafii cyfrowej i technik reklamy. Wychowawczyni\u0105 klasy b\u0119dzie \ud835\udde3\ud835\uddee\ud835\uddfb\ud835\uddf6 \ud835\udde0\ud835\uddee\ud835\uddf4\ud835\uddf1\ud835\uddee\ud835\uddf9\ud835\uddf2\ud835\uddfb\ud835\uddee \ud835\uddea\ud835\uddfc\u0301\ud835\uddf7\ud835\uddf0\ud835\uddf6\ud835\uddf8 \u2013 \ud835\uddda\ud835\ude02\ud835\uddf4\ud835\ude02\ud835\uddf9\ud835\ude00\ud835\uddf8\ud835\uddee &#8211; nauczycielka j\u0119zyka angielskiego.<br \/><br \/><\/div><\/div><div class=\"x11i5rnm xat24cr x1mh8g0r x1vvkbs xtlvy1s x126k92a\"><div dir=\"auto\">Klasa 1B &#8211; klasa w zawodzie technik programista. Wychowawc\u0105 b\u0119dzie \ud835\udde3\ud835\uddee\ud835\uddfb \ud835\udde0\ud835\uddee\ud835\uddff\ud835\uddf6\ud835\ude02\ud835\ude00\ud835\ude07 \ud835\uddea\ud835\uddfc\ud835\uddf7\ud835\uddee\ud835\ude00 &#8211; nauczyciel matematyki.<br \/><br \/><\/div><\/div><div class=\"x11i5rnm xat24cr x1mh8g0r x1vvkbs xtlvy1s x126k92a\"><div dir=\"auto\">Klasa 1C &#8211; w tej klasie uczy\u0107 si\u0119 b\u0119d\u0105 technicy ekonomi\u015bci i technicy rachunkowo\u015bci. Opiekunk\u0105 klasy b\u0119dzie \ud835\udde3\ud835\uddee\ud835\uddfb\ud835\uddf6 \ud835\uddd4\ud835\uddfb\ud835\uddfb\ud835\uddee \ud835\uddde\ud835\uddfc\ud835\uddff\ud835\uddfb\ud835\uddf2\ud835\uddf8 &#8211; nauczycielka j\u0119zyka angielskiego i koordynatorka szkolnego wolontariatu.<br \/><br \/><\/div><\/div><div class=\"x11i5rnm xat24cr x1mh8g0r x1vvkbs xtlvy1s x126k92a\"><div dir=\"auto\">Klasa 1D &#8211; technik logistyk. Wychowawczyni\u0105 klasy b\u0119dzie nauczycielka j\u0119zyka angielskiego i opiekunka SU &#8211; \ud835\udde3\ud835\uddee\ud835\uddfb\ud835\uddf6 \ud835\udde0\ud835\uddee\u0142\ud835\uddf4\ud835\uddfc\ud835\uddff\ud835\ude07\ud835\uddee\ud835\ude01\ud835\uddee \ud835\uddde\ud835\uddfc\ud835\uddf0\ud835\uddf5\ud835\uddee\ud835\uddfb\ud835\uddfc\ud835\ude04\ud835\ude00\ud835\uddf8\ud835\uddee.<\/div><\/div>\t\t\t\t\t<\/div>\n\t\t\t\t\t\t<\/div>\n\t\t\t\t<\/div>\n\t\t\t\t<div class=\"elementor-element elementor-element-2371c1b5 elementor-widget-divider--separator-type-pattern elementor-widget-divider--no-spacing elementor-widget-divider--view-line elementor-widget elementor-widget-divider\" data-id=\"2371c1b5\" data-element_type=\"widget\" data-widget_type=\"divider.default\">\n\t\t\t\t<div class=\"elementor-widget-container\">\n\t\t\t\t\t<div class=\"elementor-divider\" style=\"--divider-pattern-url: url(&quot;data:image\/svg+xml,%3Csvg xmlns=&#039;http:\/\/www.w3.org\/2000\/svg&#039; preserveAspectRatio=&#039;xMidYMid meet&#039; overflow=&#039;visible&#039; height=&#039;100%&#039; viewBox=&#039;0 0 126 26&#039; fill=&#039;black&#039; stroke=&#039;none&#039;%3E%3Cpath d=&#039;M3,10.2c2.6,0,2.6,2,2.6,3.2S4.4,16.5,3,16.5s-3-1.4-3-3.2S0.4,10.2,3,10.2z M18.8,10.2c1.7,0,3.2,1.4,3.2,3.2s-1.4,3.2-3.2,3.2c-1.7,0-3.2-1.4-3.2-3.2S17,10.2,18.8,10.2z M34.6,10.2c1.5,0,2.6,1.4,2.6,3.2s-0.5,3.2-1.9,3.2c-1.5,0-3.4-1.4-3.4-3.2S33.1,10.2,34.6,10.2z M50.5,10.2c1.7,0,3.2,1.4,3.2,3.2s-1.4,3.2-3.2,3.2c-1.7,0-3.3-0.9-3.3-2.6S48.7,10.2,50.5,10.2z M66.2,10.2c1.5,0,3.4,1.4,3.4,3.2s-1.9,3.2-3.4,3.2c-1.5,0-2.6-0.4-2.6-2.1S64.8,10.2,66.2,10.2z M82.2,10.2c1.7,0.8,2.6,1.4,2.6,3.2s-0.1,3.2-1.6,3.2c-1.5,0-3.7-1.4-3.7-3.2S80.5,9.4,82.2,10.2zM98.6,10.2c1.5,0,2.6,0.4,2.6,2.1s-1.2,4.2-2.6,4.2c-1.5,0-3.7-0.4-3.7-2.1S97.1,10.2,98.6,10.2z M113.4,10.2c1.2,0,2.2,0.9,2.2,3.2s-0.1,3.2-1.3,3.2s-3.1-1.4-3.1-3.2S112.2,10.2,113.4,10.2z&#039;\/%3E%3C\/svg%3E&quot;);\">\n\t\t\t<span class=\"elementor-divider-separator\">\n\t\t\t\t\t\t<\/span>\n\t\t<\/div>\n\t\t\t\t<\/div>\n\t\t\t\t<\/div>\n\t\t\t\t<div class=\"elementor-element elementor-element-5bd9aff1 elementor-widget-divider--view-line elementor-widget elementor-widget-divider\" data-id=\"5bd9aff1\" data-element_type=\"widget\" data-widget_type=\"divider.default\">\n\t\t\t\t<div class=\"elementor-widget-container\">\n\t\t\t\t\t<div class=\"elementor-divider\">\n\t\t\t<span class=\"elementor-divider-separator\">\n\t\t\t\t\t\t<\/span>\n\t\t<\/div>\n\t\t\t\t<\/div>\n\t\t\t\t<\/div>\n\t\t\t\t\t\t<\/div>\n\t\t\t\t\t<\/div>\n\t\t<\/div>\n\t\t\t\t\t\t\t\t<\/div>\n\t\t\t\t\t<\/div>\n\t\t<\/section>\n\t\t\t\t\t\t<\/div>\n\t\t\t\t\t\t<\/div>\n\t\t\t\t\t<\/div>\n\t\t","protected":false},"excerpt":{"rendered":"<p>Ju\u017c 30 sierpnia o 16:30 spotkanie rodzic\u00f3w uczni\u00f3w klas pierwszych z dyrekcj\u0105 i wychowawcami. Zapraszamy wszystkich na 3 pi\u0119tro do auli szkolnej.\u00a0 Klasa 1A &#8211; to klasa wielozawodowa: technik fotografii i multimedi\u00f3w, technik grafiki i poligrafii cyfrowej i technik reklamy. Wychowawczyni\u0105 klasy b\u0119dzie \ud835\udde3\ud835\uddee\ud835\uddfb\ud835\uddf6 \ud835\udde0\ud835\uddee\ud835\uddf4\ud835\uddf1\ud835\uddee\ud835\uddf9\ud835\uddf2\ud835\uddfb\ud835\uddee \ud835\uddea\ud835\uddfc\u0301\ud835\uddf7\ud835\uddf0\ud835\uddf6\ud835\uddf8 \u2013 \ud835\uddda\ud835\ude02\ud835\uddf4\ud835\ude02\ud835\uddf9\ud835\ude00\ud835\uddf8\ud835\uddee &#8211; nauczycielka j\u0119zyka angielskiego. Klasa 1B &#8211;&#8230;<\/p>\n","protected":false},"author":5,"featured_media":997172,"comment_status":"closed","ping_status":"open","sticky":false,"template":"","format":"standard","meta":{"inline_featured_image":false},"categories":[85,115],"tags":[315,318],"_links":{"self":[{"href":"http:\/\/ekonomik.opole.pl\/eko3\/wp-json\/wp\/v2\/posts\/997170"}],"collection":[{"href":"http:\/\/ekonomik.opole.pl\/eko3\/wp-json\/wp\/v2\/posts"}],"about":[{"href":"http:\/\/ekonomik.opole.pl\/eko3\/wp-json\/wp\/v2\/types\/post"}],"author":[{"embeddable":true,"href":"http:\/\/ekonomik.opole.pl\/eko3\/wp-json\/wp\/v2\/users\/5"}],"replies":[{"embeddable":true,"href":"http:\/\/ekonomik.opole.pl\/eko3\/wp-json\/wp\/v2\/comments?post=997170"}],"version-history":[{"count":4,"href":"http:\/\/ekonomik.opole.pl\/eko3\/wp-json\/wp\/v2\/posts\/997170\/revisions"}],"predecessor-version":[{"id":997175,"href":"http:\/\/ekonomik.opole.pl\/eko3\/wp-json\/wp\/v2\/posts\/997170\/revisions\/997175"}],"wp:featuredmedia":[{"embeddable":true,"href":"http:\/\/ekonomik.opole.pl\/eko3\/wp-json\/wp\/v2\/media\/997172"}],"wp:attachment":[{"href":"http:\/\/ekonomik.opole.pl\/eko3\/wp-json\/wp\/v2\/media?parent=997170"}],"wp:term":[{"taxonomy":"category","embeddable":true,"href":"http:\/\/ekonomik.opole.pl\/eko3\/wp-json\/wp\/v2\/categories?post=997170"},{"taxonomy":"post_tag","embeddable":true,"href":"http:\/\/ekonomik.opole.pl\/eko3\/wp-json\/wp\/v2\/tags?post=997170"}],"curies":[{"name":"wp","href":"https:\/\/api.w.org\/{rel}","templated":true}]}}