{"id":997187,"date":"2024-08-22T13:47:52","date_gmt":"2024-08-22T11:47:52","guid":{"rendered":"http:\/\/ekonomik.opole.pl\/eko3\/?p=997187"},"modified":"2024-08-22T13:52:13","modified_gmt":"2024-08-22T11:52:13","slug":"egzaminy-poprawkowe-harmonogram-2","status":"publish","type":"post","link":"http:\/\/ekonomik.opole.pl\/eko3\/egzaminy-poprawkowe-harmonogram-2\/","title":{"rendered":"Egzaminy poprawkowe &#8211; harmonogram"},"content":{"rendered":"\t\t<div data-elementor-type=\"wp-post\" data-elementor-id=\"997187\" class=\"elementor elementor-997187\" data-elementor-settings=\"[]\">\n\t\t\t\t\t\t<div class=\"elementor-inner\">\n\t\t\t\t\t\t\t<div class=\"elementor-section-wrap\">\n\t\t\t\t\t\t\t<section class=\"elementor-section elementor-top-section elementor-element elementor-element-590b0810 elementor-section-full_width elementor-section-height-default elementor-section-height-default\" data-id=\"590b0810\" data-element_type=\"section\">\n\t\t\t\t\t\t<div class=\"elementor-container elementor-column-gap-default\">\n\t\t\t\t\t\t\t<div class=\"elementor-row\">\n\t\t\t\t\t<div class=\"elementor-column elementor-col-100 elementor-top-column elementor-element elementor-element-efdcb2\" data-id=\"efdcb2\" data-element_type=\"column\">\n\t\t\t<div class=\"elementor-column-wrap elementor-element-populated\">\n\t\t\t\t\t\t\t<div class=\"elementor-widget-wrap\">\n\t\t\t\t\t\t<div class=\"elementor-element elementor-element-5ba9de1a elementor-drop-cap-yes elementor-drop-cap-view-default elementor-widget elementor-widget-text-editor\" data-id=\"5ba9de1a\" data-element_type=\"widget\" data-settings=\"{&quot;drop_cap&quot;:&quot;yes&quot;}\" data-widget_type=\"text-editor.default\">\n\t\t\t\t<div class=\"elementor-widget-container\">\n\t\t\t\t\t\t\t\t<div class=\"elementor-text-editor elementor-clearfix\">\n\t\t\t\t\t<p><strong>Egzaminy poprawkowe 2023 \/ 2024<\/strong><\/p><p><strong>J\u0119zyk polski, <\/strong><u>sala nr 21\u00a0\u00a0 <\/u><\/p><p><u>\u00a026 sierpnia 2024r., poniedzia\u0142ek\u00a0\u00a0\u00a0 godz. <strong>08.30<br \/><\/strong><\/u><span style=\"letter-spacing: 0.2px;\"><i>cz\u0119\u015b\u0107 pisemna 08.30 \u2013 10.00<br \/><\/i><\/span><em style=\"letter-spacing: 0.2px;\">cz\u0119\u015b\u0107 ustna \u2013 po sprawdzeniu cz\u0119\u015bci pisemnej<\/em><\/p><ul><li><u>Komisja egzaminacyjna:<\/u><\/li><\/ul><p><b>Piotr W\u00f3jcik<\/b>, Iwona Krakowiak \u2013 Bzymek, Sebastian Tabo\u0142<\/p><p><u>Uczniowie klasy 3b, 4g, 5a<\/u><\/p><ul><li><u>Komisja egzaminacyjna:<\/u><\/li><\/ul><p><b>Piotr W\u00f3jcik<\/b>, Edyta Ko\u015bcielak, Beata Krywalska &#8211; Wlaz\u0142o<\/p><p><u>Uczniowie klasy 4b, 4f, 5c<br \/><\/u><strong style=\"letter-spacing: 0.2px;\">_____________________________________<\/strong><\/p><p><strong>J\u0119zyk niemiecki<\/strong>, <u>sala nr 20<\/u><\/p><p><u>26 sierpnia 2024r., poniedzia\u0142ek\u00a0\u00a0\u00a0 godz. <strong>08.30<\/strong> <\/u><\/p><ol start=\"8\"><li><em> pisemna 08.30 \u2013 09.30<\/em><\/li><li><em> ustna \u2013 po sprawdzeniu cz\u0119\u015bci pisemnej<\/em><\/li><\/ol><p><u>Komisja egzaminacyjna:<\/u><\/p><p><b>Beata Wi\u015bniewska<\/b>, Danuta Koty\u015b, Monika Ku\u017anik<\/p><p><u>Uczniowie klasy 5a<br \/>_______________________________________<\/u><\/p><p><strong>Podstawy programowania,<\/strong> <u>sala nr 45<\/u><\/p><p><u>26 sierpnia 2024r., poniedzia\u0142ek\u00a0\u00a0\u00a0 godz. <strong>10.00<\/strong> <\/u><\/p><p><u>Komisja egzaminacyjna:<\/u><\/p><p><b>Beata Wi\u015bniewska<\/b>, Piotr Dzierwa, Remigiusz Janik<\/p><p><u>Uczniowie klasy 2a<br \/>_________________________________________<\/u><\/p><p><strong>Tworzenie stron i aplikacji internetowych,<\/strong> <u>sala nr 45<\/u><\/p><p><u>26 sierpnia 2024r., poniedzia\u0142ek\u00a0\u00a0\u00a0 godz. <strong>10.00<\/strong> <\/u><\/p><p><u>Komisja egzaminacyjna:<\/u><\/p><p><b>Beata Wi\u015bniewska<\/b>, Piotr Dzierwa, Remigiusz Janik<\/p><p><u>Uczniowie klasy 3b<br \/>________________________________________________<\/u><\/p><p><strong>Informatyka,<\/strong> <u>sala nr 45<\/u><\/p><p><u>26 sierpnia 2024r., poniedzia\u0142ek\u00a0\u00a0\u00a0 godz. <strong>10.00<\/strong> <\/u><\/p><p><u>Komisja egzaminacyjna:<\/u><\/p><p><b>Beata Wi\u015bniewska<\/b>, Piotr Dzierwa, Remigiusz Janik<\/p><p><u>Uczniowie klasy 4a<br \/>_________________________________________________<\/u><\/p><p>\u00a0<\/p><p><strong>Matematyka, <\/strong><u>sala nr 22<\/u><\/p><p><u>26 sierpnia 2024r., poniedzia\u0142ek\u00a0\u00a0\u00a0 godz. <strong>11.00<br \/><\/strong><\/u><span style=\"letter-spacing: 0.2px;\"><br \/>cz\u0119\u015b\u0107\u00a0<i>pisemna 11.00 \u2013 12.00<br \/><\/i><\/span><em style=\"letter-spacing: 0.2px;\">cz\u0119\u015b\u0107 ustna \u2013 po sprawdzeniu cz\u0119\u015bci pisemnej<\/em><\/p><p><u>Komisja egzaminacyjna:<\/u><\/p><p><b>Remigiusz Janik<\/b>, Anna Suli\u0144ska, Mariusz Wojas<\/p><p><u>Uczniowie klasy 3f, 4b<br \/>__________________________________________________<\/u><\/p><p><strong>Matematyka, <\/strong><u>sala nr 21\u00a0\u00a0 <\/u><\/p><p><u>\u00a027 sierpnia 2024r., wtorek\u00a0\u00a0\u00a0 godz. <strong>08.30<\/strong> <\/u><\/p><ol start=\"8\"><li><em> pisemna 08.30 \u2013 09.30<\/em><\/li><li><em> ustna \u2013 po sprawdzeniu cz\u0119\u015bci pisemnej<\/em><\/li><\/ol><ul><li><u>Komisja egzaminacyjna:<\/u><\/li><\/ul><p>\u00a0\u00a0\u00a0\u00a0\u00a0\u00a0<b> Piotr W\u00f3jcik<\/b>, Beata Wi\u015bniewska, Beata Klama<\/p><p><u>Uczniowie klasy 3b, 4e<br \/><\/u><\/p><ul><li><u>Komisja egzaminacyjna:<\/u><\/li><\/ul><p>\u00a0\u00a0\u00a0\u00a0\u00a0\u00a0 <b>Beata Wi\u015bniewska<\/b>, Ma\u0142gorzata Rapacz, Beata Klama<\/p><p><u>Uczniowie klasy 1e, 2a, 5c <\/u><\/p><ul><li><u>Komisja egzaminacyjna:<\/u><\/li><\/ul><p>\u00a0\u00a0\u00a0\u00a0\u00a0\u00a0 <b>Remigiusz Janik<\/b>, Anna Matyaszczuk, Mariusz Wojas<\/p><p><u>Uczniowie<\/u> klasy 4f, 5a<\/p>\t\t\t\t\t<\/div>\n\t\t\t\t\t\t<\/div>\n\t\t\t\t<\/div>\n\t\t\t\t<div class=\"elementor-element elementor-element-5b00133 elementor-widget-divider--separator-type-pattern elementor-widget-divider--no-spacing elementor-widget-divider--view-line elementor-widget elementor-widget-divider\" data-id=\"5b00133\" data-element_type=\"widget\" data-widget_type=\"divider.default\">\n\t\t\t\t<div class=\"elementor-widget-container\">\n\t\t\t\t\t<div class=\"elementor-divider\" style=\"--divider-pattern-url: url(&quot;data:image\/svg+xml,%3Csvg xmlns=&#039;http:\/\/www.w3.org\/2000\/svg&#039; preserveAspectRatio=&#039;xMidYMid meet&#039; overflow=&#039;visible&#039; height=&#039;100%&#039; viewBox=&#039;0 0 126 26&#039; fill=&#039;black&#039; stroke=&#039;none&#039;%3E%3Cpath d=&#039;M3,10.2c2.6,0,2.6,2,2.6,3.2S4.4,16.5,3,16.5s-3-1.4-3-3.2S0.4,10.2,3,10.2z M18.8,10.2c1.7,0,3.2,1.4,3.2,3.2s-1.4,3.2-3.2,3.2c-1.7,0-3.2-1.4-3.2-3.2S17,10.2,18.8,10.2z M34.6,10.2c1.5,0,2.6,1.4,2.6,3.2s-0.5,3.2-1.9,3.2c-1.5,0-3.4-1.4-3.4-3.2S33.1,10.2,34.6,10.2z M50.5,10.2c1.7,0,3.2,1.4,3.2,3.2s-1.4,3.2-3.2,3.2c-1.7,0-3.3-0.9-3.3-2.6S48.7,10.2,50.5,10.2z M66.2,10.2c1.5,0,3.4,1.4,3.4,3.2s-1.9,3.2-3.4,3.2c-1.5,0-2.6-0.4-2.6-2.1S64.8,10.2,66.2,10.2z M82.2,10.2c1.7,0.8,2.6,1.4,2.6,3.2s-0.1,3.2-1.6,3.2c-1.5,0-3.7-1.4-3.7-3.2S80.5,9.4,82.2,10.2zM98.6,10.2c1.5,0,2.6,0.4,2.6,2.1s-1.2,4.2-2.6,4.2c-1.5,0-3.7-0.4-3.7-2.1S97.1,10.2,98.6,10.2z M113.4,10.2c1.2,0,2.2,0.9,2.2,3.2s-0.1,3.2-1.3,3.2s-3.1-1.4-3.1-3.2S112.2,10.2,113.4,10.2z&#039;\/%3E%3C\/svg%3E&quot;);\">\n\t\t\t<span class=\"elementor-divider-separator\">\n\t\t\t\t\t\t<\/span>\n\t\t<\/div>\n\t\t\t\t<\/div>\n\t\t\t\t<\/div>\n\t\t\t\t<div class=\"elementor-element elementor-element-66867096 elementor-widget-divider--view-line elementor-widget elementor-widget-divider\" data-id=\"66867096\" data-element_type=\"widget\" data-widget_type=\"divider.default\">\n\t\t\t\t<div class=\"elementor-widget-container\">\n\t\t\t\t\t<div class=\"elementor-divider\">\n\t\t\t<span class=\"elementor-divider-separator\">\n\t\t\t\t\t\t<\/span>\n\t\t<\/div>\n\t\t\t\t<\/div>\n\t\t\t\t<\/div>\n\t\t\t\t\t\t<\/div>\n\t\t\t\t\t<\/div>\n\t\t<\/div>\n\t\t\t\t\t\t\t\t<\/div>\n\t\t\t\t\t<\/div>\n\t\t<\/section>\n\t\t\t\t\t\t<\/div>\n\t\t\t\t\t\t<\/div>\n\t\t\t\t\t<\/div>\n\t\t","protected":false},"excerpt":{"rendered":"<p>Egzaminy poprawkowe 2023 \/ 2024 J\u0119zyk polski, sala nr 21\u00a0\u00a0 \u00a026 sierpnia 2024r., poniedzia\u0142ek\u00a0\u00a0\u00a0 godz. 08.30cz\u0119\u015b\u0107 pisemna 08.30 \u2013 10.00cz\u0119\u015b\u0107 ustna \u2013 po sprawdzeniu cz\u0119\u015bci pisemnej Komisja egzaminacyjna: Piotr W\u00f3jcik, Iwona Krakowiak \u2013 Bzymek, Sebastian Tabo\u0142 Uczniowie klasy 3b, 4g, 5a Komisja egzaminacyjna: Piotr W\u00f3jcik, Edyta Ko\u015bcielak, Beata Krywalska &#8211; Wlaz\u0142o Uczniowie klasy 4b, 4f,&#8230;<\/p>\n","protected":false},"author":5,"featured_media":997192,"comment_status":"closed","ping_status":"open","sticky":false,"template":"","format":"standard","meta":{"inline_featured_image":false},"categories":[1],"tags":[],"_links":{"self":[{"href":"http:\/\/ekonomik.opole.pl\/eko3\/wp-json\/wp\/v2\/posts\/997187"}],"collection":[{"href":"http:\/\/ekonomik.opole.pl\/eko3\/wp-json\/wp\/v2\/posts"}],"about":[{"href":"http:\/\/ekonomik.opole.pl\/eko3\/wp-json\/wp\/v2\/types\/post"}],"author":[{"embeddable":true,"href":"http:\/\/ekonomik.opole.pl\/eko3\/wp-json\/wp\/v2\/users\/5"}],"replies":[{"embeddable":true,"href":"http:\/\/ekonomik.opole.pl\/eko3\/wp-json\/wp\/v2\/comments?post=997187"}],"version-history":[{"count":7,"href":"http:\/\/ekonomik.opole.pl\/eko3\/wp-json\/wp\/v2\/posts\/997187\/revisions"}],"predecessor-version":[{"id":997195,"href":"http:\/\/ekonomik.opole.pl\/eko3\/wp-json\/wp\/v2\/posts\/997187\/revisions\/997195"}],"wp:featuredmedia":[{"embeddable":true,"href":"http:\/\/ekonomik.opole.pl\/eko3\/wp-json\/wp\/v2\/media\/997192"}],"wp:attachment":[{"href":"http:\/\/ekonomik.opole.pl\/eko3\/wp-json\/wp\/v2\/media?parent=997187"}],"wp:term":[{"taxonomy":"category","embeddable":true,"href":"http:\/\/ekonomik.opole.pl\/eko3\/wp-json\/wp\/v2\/categories?post=997187"},{"taxonomy":"post_tag","embeddable":true,"href":"http:\/\/ekonomik.opole.pl\/eko3\/wp-json\/wp\/v2\/tags?post=997187"}],"curies":[{"name":"wp","href":"https:\/\/api.w.org\/{rel}","templated":true}]}}