{"id":997203,"date":"2024-08-29T09:43:44","date_gmt":"2024-08-29T07:43:44","guid":{"rendered":"http:\/\/ekonomik.opole.pl\/eko3\/?p=997203"},"modified":"2024-09-01T19:26:13","modified_gmt":"2024-09-01T17:26:13","slug":"uroczyste-rozpoczecie-roku-szkolnego-2024-2025","status":"publish","type":"post","link":"http:\/\/ekonomik.opole.pl\/eko3\/uroczyste-rozpoczecie-roku-szkolnego-2024-2025\/","title":{"rendered":"Uroczyste rozpocz\u0119cie roku szkolnego 2024\/2025"},"content":{"rendered":"\t\t<div data-elementor-type=\"wp-post\" data-elementor-id=\"997203\" class=\"elementor elementor-997203\" data-elementor-settings=\"[]\">\n\t\t\t\t\t\t<div class=\"elementor-inner\">\n\t\t\t\t\t\t\t<div class=\"elementor-section-wrap\">\n\t\t\t\t\t\t\t<section class=\"elementor-section elementor-top-section elementor-element elementor-element-657d24e2 elementor-section-full_width elementor-section-height-default elementor-section-height-default\" data-id=\"657d24e2\" data-element_type=\"section\">\n\t\t\t\t\t\t<div class=\"elementor-container elementor-column-gap-default\">\n\t\t\t\t\t\t\t<div class=\"elementor-row\">\n\t\t\t\t\t<div class=\"elementor-column elementor-col-100 elementor-top-column elementor-element elementor-element-398986fb\" data-id=\"398986fb\" data-element_type=\"column\">\n\t\t\t<div class=\"elementor-column-wrap elementor-element-populated\">\n\t\t\t\t\t\t\t<div class=\"elementor-widget-wrap\">\n\t\t\t\t\t\t<div class=\"elementor-element elementor-element-4c98154e elementor-drop-cap-yes elementor-drop-cap-view-default elementor-widget elementor-widget-text-editor\" data-id=\"4c98154e\" data-element_type=\"widget\" data-settings=\"{&quot;drop_cap&quot;:&quot;yes&quot;}\" data-widget_type=\"text-editor.default\">\n\t\t\t\t<div class=\"elementor-widget-container\">\n\t\t\t\t\t\t\t\t<div class=\"elementor-text-editor elementor-clearfix\">\n\t\t\t\t\t<div class=\"x11i5rnm xat24cr x1mh8g0r x1vvkbs xtlvy1s x126k92a\"><div dir=\"auto\">Serdecznie zapraszamy uczni\u00f3w klas pierwszych na uroczyste rozpocz\u0119cie roku szkolnego 2024\/2025 w poniedzia\u0142ek o godzinie 9:15 w auli szkolnej.<\/div><\/div><div class=\"x11i5rnm xat24cr x1mh8g0r x1vvkbs xtlvy1s x126k92a\"><div dir=\"auto\">\u00a0<\/div><div dir=\"auto\">Pozosta\u0142e klasy spotykaj\u0105 si\u0119 z wychowawcami o 9:15 w wyznaczonych salach. <\/div><\/div><div dir=\"auto\"><div class=\"x11i5rnm xat24cr x1mh8g0r x1vvkbs xtlvy1s x126k92a\"><div dir=\"auto\">Zapraszamy r\u00f3wnie\u017c na msz\u0119 w Ko\u015bciele pw. \u015bw. Aposto\u0142\u00f3w Piotra i Paw\u0142a o godzinie 8:00.<\/div><\/div><div class=\"x11i5rnm xat24cr x1mh8g0r x1vvkbs xtlvy1s x126k92a\"><div dir=\"auto\">\u00a0<strong><strong>Przypominamy, \u017ce ka\u017cdy ucze\u0144 ma obowi\u0105zek nosi\u0107 str\u00f3j od\u015bwi\u0119tny podczas uroczysto\u015bci szkolnych.<br \/><br \/><\/strong><\/strong><table width=\"737\"><tbody><tr><td width=\"57\"><p><strong>klasa<\/strong><\/p><\/td><td width=\"340\"><p><strong>zaw\u00f3d<\/strong><\/p><\/td><td width=\"255\"><p><strong>Wychowawca<\/strong><\/p><\/td><td width=\"85\"><p><strong>sala<\/strong><\/p><\/td><\/tr><tr><td width=\"57\"><p><strong>1a<\/strong><\/p><\/td><td width=\"340\"><p>1 a1 \u2013 technik fotografii i multimedi\u00f3w<\/p><p>1 a2 \u2013 technik grafiki i poligrafii cyfrowej<\/p><p>1 a3 &#8211; technik reklamy<\/p><\/td><td width=\"255\"><p>Magdalena W\u00f3jcik &#8211; Gugulska<\/p><\/td><td width=\"85\"><p>41<\/p><\/td><\/tr><tr><td width=\"57\"><p><strong>1b<\/strong><\/p><\/td><td width=\"340\"><p>\u00a0\u00a0\u00a0\u00a0\u00a0\u00a0\u00a0\u00a0\u00a0\u00a0 technik programista<\/p><\/td><td width=\"255\"><p>Mariusz Wojas<\/p><\/td><td width=\"85\"><p>38<\/p><\/td><\/tr><tr><td width=\"57\"><p><strong>1c<\/strong><\/p><\/td><td width=\"340\"><p>1 c1 \u2013 technik ekonomista<\/p><p>1 c2 \u2013 technik rachunkowo\u015bci<\/p><\/td><td width=\"255\"><p>Anna Kornek<\/p><\/td><td width=\"85\"><p>39<\/p><\/td><\/tr><tr><td width=\"57\"><p><strong>1d<\/strong><\/p><\/td><td width=\"340\"><p>\u00a0\u00a0\u00a0\u00a0\u00a0\u00a0\u00a0\u00a0\u00a0\u00a0 technik logistyk<\/p><\/td><td width=\"255\"><p>Ma\u0142gorzata Kochanowska<\/p><\/td><td width=\"85\"><p>59<\/p><\/td><\/tr><\/tbody><\/table><\/div><\/div><\/div>\t\t\t\t\t<\/div>\n\t\t\t\t\t\t<\/div>\n\t\t\t\t<\/div>\n\t\t\t\t<div class=\"elementor-element elementor-element-2c5addcc elementor-widget-divider--separator-type-pattern elementor-widget-divider--no-spacing elementor-widget-divider--view-line elementor-widget elementor-widget-divider\" data-id=\"2c5addcc\" data-element_type=\"widget\" data-widget_type=\"divider.default\">\n\t\t\t\t<div class=\"elementor-widget-container\">\n\t\t\t\t\t<div class=\"elementor-divider\" style=\"--divider-pattern-url: url(&quot;data:image\/svg+xml,%3Csvg xmlns=&#039;http:\/\/www.w3.org\/2000\/svg&#039; preserveAspectRatio=&#039;xMidYMid meet&#039; overflow=&#039;visible&#039; height=&#039;100%&#039; viewBox=&#039;0 0 126 26&#039; fill=&#039;black&#039; stroke=&#039;none&#039;%3E%3Cpath d=&#039;M3,10.2c2.6,0,2.6,2,2.6,3.2S4.4,16.5,3,16.5s-3-1.4-3-3.2S0.4,10.2,3,10.2z M18.8,10.2c1.7,0,3.2,1.4,3.2,3.2s-1.4,3.2-3.2,3.2c-1.7,0-3.2-1.4-3.2-3.2S17,10.2,18.8,10.2z M34.6,10.2c1.5,0,2.6,1.4,2.6,3.2s-0.5,3.2-1.9,3.2c-1.5,0-3.4-1.4-3.4-3.2S33.1,10.2,34.6,10.2z M50.5,10.2c1.7,0,3.2,1.4,3.2,3.2s-1.4,3.2-3.2,3.2c-1.7,0-3.3-0.9-3.3-2.6S48.7,10.2,50.5,10.2z M66.2,10.2c1.5,0,3.4,1.4,3.4,3.2s-1.9,3.2-3.4,3.2c-1.5,0-2.6-0.4-2.6-2.1S64.8,10.2,66.2,10.2z M82.2,10.2c1.7,0.8,2.6,1.4,2.6,3.2s-0.1,3.2-1.6,3.2c-1.5,0-3.7-1.4-3.7-3.2S80.5,9.4,82.2,10.2zM98.6,10.2c1.5,0,2.6,0.4,2.6,2.1s-1.2,4.2-2.6,4.2c-1.5,0-3.7-0.4-3.7-2.1S97.1,10.2,98.6,10.2z M113.4,10.2c1.2,0,2.2,0.9,2.2,3.2s-0.1,3.2-1.3,3.2s-3.1-1.4-3.1-3.2S112.2,10.2,113.4,10.2z&#039;\/%3E%3C\/svg%3E&quot;);\">\n\t\t\t<span class=\"elementor-divider-separator\">\n\t\t\t\t\t\t<\/span>\n\t\t<\/div>\n\t\t\t\t<\/div>\n\t\t\t\t<\/div>\n\t\t\t\t<div class=\"elementor-element elementor-element-6e05e398 elementor-widget-divider--view-line elementor-widget elementor-widget-divider\" data-id=\"6e05e398\" data-element_type=\"widget\" data-widget_type=\"divider.default\">\n\t\t\t\t<div class=\"elementor-widget-container\">\n\t\t\t\t\t<div class=\"elementor-divider\">\n\t\t\t<span class=\"elementor-divider-separator\">\n\t\t\t\t\t\t<\/span>\n\t\t<\/div>\n\t\t\t\t<\/div>\n\t\t\t\t<\/div>\n\t\t\t\t\t\t<\/div>\n\t\t\t\t\t<\/div>\n\t\t<\/div>\n\t\t\t\t\t\t\t\t<\/div>\n\t\t\t\t\t<\/div>\n\t\t<\/section>\n\t\t\t\t<section class=\"elementor-section elementor-top-section elementor-element elementor-element-ae855c7 elementor-section-boxed elementor-section-height-default elementor-section-height-default\" data-id=\"ae855c7\" data-element_type=\"section\">\n\t\t\t\t\t\t<div class=\"elementor-container elementor-column-gap-default\">\n\t\t\t\t\t\t\t<div class=\"elementor-row\">\n\t\t\t\t\t<div class=\"elementor-column elementor-col-100 elementor-top-column elementor-element elementor-element-715662c\" data-id=\"715662c\" data-element_type=\"column\">\n\t\t\t<div class=\"elementor-column-wrap elementor-element-populated\">\n\t\t\t\t\t\t\t<div class=\"elementor-widget-wrap\">\n\t\t\t\t\t\t<div class=\"elementor-element elementor-element-0dda3ed elementor-widget elementor-widget-text-editor\" data-id=\"0dda3ed\" data-element_type=\"widget\" data-widget_type=\"text-editor.default\">\n\t\t\t\t<div class=\"elementor-widget-container\">\n\t\t\t\t\t\t\t\t<div class=\"elementor-text-editor elementor-clearfix\">\n\t\t\t\t\t<table width=\"737\"><tbody><tr><td width=\"57\"><p><strong>klasa<\/strong><\/p><\/td><td width=\"340\"><p><strong>zaw\u00f3d<\/strong><\/p><\/td><td width=\"227\"><p><strong>Wychowawca<\/strong><\/p><\/td><td width=\"113\"><p><strong>sala<\/strong><\/p><\/td><\/tr><tr><td width=\"57\"><p><strong>2a<\/strong><\/p><\/td><td width=\"340\"><p>2 a1 \u2013 technik fotografii i multimedi\u00f3w<\/p><p>2 a2 \u2013 technik ekonomista<\/p><\/td><td width=\"227\"><p>Edyta Ko\u015bcielak<\/p><\/td><td width=\"113\"><p>49<\/p><\/td><\/tr><tr><td width=\"57\"><p><strong>2b<\/strong><\/p><\/td><td width=\"340\"><p>2 b1 \u2013 technik programista<\/p><p>2 b2 \u2013 technik grafiki i poligrafii cyfrowej<\/p><\/td><td width=\"227\"><p>Beata Krywalska &#8211; Wlaz\u0142o<\/p><\/td><td width=\"113\"><p>50<\/p><\/td><\/tr><tr><td width=\"57\"><p><strong>2c<\/strong><\/p><\/td><td width=\"340\"><p>\u00a0\u00a0\u00a0\u00a0\u00a0\u00a0\u00a0\u00a0\u00a0\u00a0 technik ekonomista<\/p><\/td><td width=\"227\"><p>\u00a0Nicola Kawecka<\/p><\/td><td width=\"113\"><p>22<\/p><\/td><\/tr><tr><td width=\"57\"><p><strong>2d<\/strong><\/p><\/td><td width=\"340\"><p>\u00a0\u00a0\u00a0\u00a0\u00a0\u00a0\u00a0\u00a0\u00a0\u00a0 technik rachunkowo\u015bci<\/p><\/td><td width=\"227\"><p>Anna Matyaszczuk<\/p><\/td><td width=\"113\"><p>35<\/p><\/td><\/tr><tr><td width=\"57\"><p><strong>2e<\/strong><\/p><\/td><td width=\"340\"><p>\u00a0\u00a0\u00a0\u00a0\u00a0\u00a0\u00a0\u00a0\u00a0\u00a0 technik reklamy<\/p><\/td><td width=\"227\"><p>Olga Wilkowska<\/p><\/td><td width=\"113\"><p>60<\/p><\/td><\/tr><tr><td width=\"57\"><p><strong>2f<\/strong><\/p><\/td><td width=\"340\"><p>\u00a0\u00a0\u00a0\u00a0\u00a0\u00a0\u00a0\u00a0\u00a0\u00a0 technik logistyk<\/p><\/td><td width=\"227\"><p>Iwona Krakowiak &#8211; Bzymek<\/p><\/td><td width=\"113\"><p>31<\/p><\/td><\/tr><tr><td width=\"57\"><p><strong>3a<\/strong><\/p><\/td><td width=\"340\"><p>3 a1 \u2013 technik fotografii i multimedi\u00f3w<\/p><p>3 a2 \u2013 technik programista<\/p><\/td><td width=\"227\"><p>Sebastian Tabo\u0142<\/p><\/td><td width=\"113\"><p>27<\/p><\/td><\/tr><tr><td width=\"57\"><p><strong>3b<\/strong><\/p><\/td><td width=\"340\"><p>\u00a0\u00a0\u00a0\u00a0\u00a0\u00a0\u00a0\u00a0\u00a0\u00a0 technik rachunkowo\u015bci<\/p><\/td><td width=\"227\"><p>Ma\u0142gorzata Rapacz<\/p><\/td><td width=\"113\"><p>25<\/p><\/td><\/tr><tr><td width=\"57\"><p><strong>3c<\/strong><\/p><\/td><td width=\"340\"><p>\u00a0\u00a0\u00a0\u00a0\u00a0\u00a0\u00a0\u00a0\u00a0\u00a0 technik ekonomista<\/p><\/td><td width=\"227\"><p>Katarzyna Romanowska<\/p><\/td><td width=\"113\"><p>21<\/p><\/td><\/tr><tr><td width=\"57\"><p><strong>3d<\/strong><\/p><\/td><td width=\"340\"><p>3 d1 \u2013 technik ekonomista<\/p><p>3 d2 \u2013 technik logistyk<\/p><\/td><td width=\"227\"><p>Ewa Podwysocka\/\u00a0\u00a0\u00a0\u00a0\u00a0\u00a0\u00a0\u00a0\u00a0\u00a0\u00a0\u00a0\u00a0\u00a0\u00a0\u00a0\u00a0\u00a0\u00a0\u00a0\u00a0\u00a0\u00a0\u00a0 Aneta Teper &#8211; \u0106wirko<\/p><\/td><td width=\"113\"><p>48<\/p><\/td><\/tr><tr><td width=\"57\"><p><strong>3e<\/strong><\/p><\/td><td width=\"340\"><p>\u00a0\u00a0\u00a0\u00a0\u00a0\u00a0\u00a0\u00a0\u00a0\u00a0 technik reklamy<\/p><\/td><td width=\"227\"><p>Urszula Izdebska<\/p><\/td><td width=\"113\"><p>8<\/p><\/td><\/tr><tr><td width=\"57\"><p><strong>3f<\/strong><\/p><\/td><td width=\"340\"><p>\u00a0\u00a0\u00a0\u00a0\u00a0\u00a0\u00a0\u00a0\u00a0\u00a0 technik logistyk<\/p><\/td><td width=\"227\"><p>Ma\u0142gorzata Ja\u015bkiewicz<\/p><\/td><td width=\"113\"><p>33<\/p><\/td><\/tr><tr><td width=\"57\"><p><strong>3g<\/strong><\/p><\/td><td width=\"340\"><p>\u00a0\u00a0\u00a0\u00a0\u00a0\u00a0\u00a0\u00a0\u00a0\u00a0 technik grafiki i poligrafii cyfrowej<\/p><\/td><td width=\"227\"><p>Rafa\u0142 Krzyszta\u0142owicz<\/p><\/td><td width=\"113\"><p>2<\/p><\/td><\/tr><tr><td width=\"57\"><p><strong>4a<\/strong><\/p><\/td><td width=\"340\"><p>4 a1 \u2013 technik fotografii i multimedi\u00f3w<\/p><p>4 a2 \u2013 technik grafiki i poligrafii cyfrowej<\/p><\/td><td width=\"227\"><p>Sylwester Strzelec<\/p><\/td><td width=\"113\"><p>54<\/p><\/td><\/tr><tr><td width=\"57\"><p><strong>4b<\/strong><\/p><\/td><td width=\"340\"><p>4 b1 \u2013 technik ekonomista<\/p><p>4 b2 \u2013 technik programista<\/p><\/td><td width=\"227\"><p>Adam Skwira<\/p><\/td><td width=\"113\"><p>56<\/p><\/td><\/tr><tr><td width=\"57\"><p><strong>4c<\/strong><\/p><\/td><td width=\"340\"><p>\u00a0\u00a0\u00a0\u00a0\u00a0\u00a0\u00a0\u00a0\u00a0\u00a0 technik rachunkowo\u015bci<\/p><\/td><td width=\"227\"><p>Beata Klama<\/p><\/td><td width=\"113\"><p>34<\/p><\/td><\/tr><tr><td width=\"57\"><p><strong>4d<\/strong><\/p><\/td><td width=\"340\"><p>\u00a0\u00a0\u00a0\u00a0\u00a0\u00a0\u00a0\u00a0\u00a0\u00a0 technik ekonomista<\/p><\/td><td width=\"227\"><p>Izabela Go\u0142og\u00f3rska<\/p><\/td><td width=\"113\"><p>Czyt.<\/p><\/td><\/tr><tr><td width=\"57\"><p><strong>4e<\/strong><\/p><\/td><td width=\"340\"><p>\u00a0\u00a0\u00a0\u00a0\u00a0\u00a0\u00a0\u00a0\u00a0\u00a0 technik reklamy<\/p><\/td><td width=\"227\"><p>Alicja Buczkowska<\/p><\/td><td width=\"113\"><p>28<\/p><\/td><\/tr><tr><td width=\"57\"><p><strong>4f<\/strong><\/p><\/td><td width=\"340\"><p>\u00a0\u00a0\u00a0\u00a0\u00a0\u00a0\u00a0\u00a0\u00a0\u00a0 technik logistyk<\/p><\/td><td width=\"227\"><p>Stanis\u0142aw Hadyna<\/p><\/td><td width=\"113\"><p>40<\/p><\/td><\/tr><tr><td width=\"57\"><p><strong>5a<\/strong><\/p><\/td><td width=\"340\"><p>5 a1 \u2013 technik programista<\/p><p>5 a2 \u2013 technik fotografii i multimedi\u00f3w<\/p><\/td><td width=\"227\"><p>Katarzyna \u017bukowska<\/p><\/td><td width=\"113\"><p>30<\/p><\/td><\/tr><tr><td width=\"57\"><p><strong>5b<\/strong><\/p><\/td><td width=\"340\"><p>\u00a0\u00a0\u00a0\u00a0\u00a0\u00a0\u00a0\u00a0\u00a0\u00a0 technik grafiki i poligrafii cyfrowej<\/p><\/td><td width=\"227\"><p>Monika Ku\u017anik<\/p><\/td><td width=\"113\"><p>6<\/p><\/td><\/tr><tr><td width=\"57\"><p><strong>5c<\/strong><\/p><\/td><td width=\"340\"><p>\u00a0\u00a0\u00a0\u00a0\u00a0\u00a0\u00a0\u00a0\u00a0\u00a0 technik rachunkowo\u015bci<\/p><\/td><td width=\"227\"><p>Anna Suchi\u0144ska<\/p><\/td><td width=\"113\"><p>42<\/p><\/td><\/tr><tr><td width=\"57\"><p><strong>5d<\/strong><\/p><\/td><td width=\"340\"><p>\u00a0\u00a0\u00a0\u00a0\u00a0\u00a0\u00a0\u00a0\u00a0\u00a0 technik ekonomista<\/p><\/td><td width=\"227\"><p>Anna Podleska<\/p><\/td><td width=\"113\"><p>53<\/p><\/td><\/tr><tr><td width=\"57\"><p><strong>5e<\/strong><\/p><\/td><td width=\"340\"><p>\u00a0\u00a0\u00a0\u00a0\u00a0\u00a0\u00a0\u00a0\u00a0\u00a0 technik reklamy<\/p><\/td><td width=\"227\"><p>Patrycja Borczy\u0144ska<\/p><\/td><td width=\"113\"><p>5<\/p><\/td><\/tr><tr><td width=\"57\"><p><strong>5f<\/strong><\/p><\/td><td width=\"340\"><p>\u00a0\u00a0\u00a0\u00a0\u00a0\u00a0\u00a0\u00a0\u00a0\u00a0 technik logistyk<\/p><\/td><td width=\"227\"><p>Jaros\u0142aw U\u0142amek<\/p><\/td><td width=\"113\"><p>55<\/p><\/td><\/tr><tr><td width=\"57\"><p><strong>5g<\/strong><\/p><\/td><td width=\"340\"><p>\u00a0\u00a0\u00a0\u00a0\u00a0\u00a0\u00a0\u00a0\u00a0\u00a0 technik logistyk<\/p><\/td><td width=\"227\"><p>Anna Rogowska<\/p><\/td><td width=\"113\"><p>20<\/p><\/td><\/tr><\/tbody><\/table>\t\t\t\t\t<\/div>\n\t\t\t\t\t\t<\/div>\n\t\t\t\t<\/div>\n\t\t\t\t\t\t<\/div>\n\t\t\t\t\t<\/div>\n\t\t<\/div>\n\t\t\t\t\t\t\t\t<\/div>\n\t\t\t\t\t<\/div>\n\t\t<\/section>\n\t\t\t\t\t\t<\/div>\n\t\t\t\t\t\t<\/div>\n\t\t\t\t\t<\/div>\n\t\t","protected":false},"excerpt":{"rendered":"<p>Serdecznie zapraszamy uczni\u00f3w klas pierwszych na uroczyste rozpocz\u0119cie roku szkolnego 2024\/2025 w poniedzia\u0142ek o godzinie 9:15 w auli szkolnej.\u00a0Pozosta\u0142e klasy spotykaj\u0105 si\u0119 z wychowawcami o 9:15 w wyznaczonych salach. Zapraszamy r\u00f3wnie\u017c na msz\u0119 w Ko\u015bciele pw. \u015bw. Aposto\u0142\u00f3w Piotra i Paw\u0142a o godzinie 8:00.\u00a0Przypominamy, \u017ce ka\u017cdy ucze\u0144 ma obowi\u0105zek nosi\u0107 str\u00f3j od\u015bwi\u0119tny podczas uroczysto\u015bci szkolnych&#8230;.<\/p>\n","protected":false},"author":5,"featured_media":997206,"comment_status":"closed","ping_status":"open","sticky":false,"template":"","format":"standard","meta":{"inline_featured_image":false},"categories":[115,114],"tags":[],"_links":{"self":[{"href":"http:\/\/ekonomik.opole.pl\/eko3\/wp-json\/wp\/v2\/posts\/997203"}],"collection":[{"href":"http:\/\/ekonomik.opole.pl\/eko3\/wp-json\/wp\/v2\/posts"}],"about":[{"href":"http:\/\/ekonomik.opole.pl\/eko3\/wp-json\/wp\/v2\/types\/post"}],"author":[{"embeddable":true,"href":"http:\/\/ekonomik.opole.pl\/eko3\/wp-json\/wp\/v2\/users\/5"}],"replies":[{"embeddable":true,"href":"http:\/\/ekonomik.opole.pl\/eko3\/wp-json\/wp\/v2\/comments?post=997203"}],"version-history":[{"count":13,"href":"http:\/\/ekonomik.opole.pl\/eko3\/wp-json\/wp\/v2\/posts\/997203\/revisions"}],"predecessor-version":[{"id":997220,"href":"http:\/\/ekonomik.opole.pl\/eko3\/wp-json\/wp\/v2\/posts\/997203\/revisions\/997220"}],"wp:featuredmedia":[{"embeddable":true,"href":"http:\/\/ekonomik.opole.pl\/eko3\/wp-json\/wp\/v2\/media\/997206"}],"wp:attachment":[{"href":"http:\/\/ekonomik.opole.pl\/eko3\/wp-json\/wp\/v2\/media?parent=997203"}],"wp:term":[{"taxonomy":"category","embeddable":true,"href":"http:\/\/ekonomik.opole.pl\/eko3\/wp-json\/wp\/v2\/categories?post=997203"},{"taxonomy":"post_tag","embeddable":true,"href":"http:\/\/ekonomik.opole.pl\/eko3\/wp-json\/wp\/v2\/tags?post=997203"}],"curies":[{"name":"wp","href":"https:\/\/api.w.org\/{rel}","templated":true}]}}