{"id":997289,"date":"2024-09-17T23:38:57","date_gmt":"2024-09-17T21:38:57","guid":{"rendered":"http:\/\/ekonomik.opole.pl\/eko3\/?p=997289"},"modified":"2024-09-17T23:38:59","modified_gmt":"2024-09-17T21:38:59","slug":"zbiorka-dla-powodzian","status":"publish","type":"post","link":"http:\/\/ekonomik.opole.pl\/eko3\/zbiorka-dla-powodzian\/","title":{"rendered":"Zbi\u00f3rka dla powodzian"},"content":{"rendered":"<div class=\"vgblk-rw-wrapper limit-wrapper\">\n<p>Szkolone Ko\u0142o PCK organizuje zbi\u00f3rk\u0119 dar\u00f3w dla poszkodowanych w powodzi mieszka\u0144c\u00f3w Opolszczyzny.<br>Dla potrzebuj\u0105cych pomocy zbierane s\u0105:<br>\u2022 Woda butelkowana \u2013 kluczowa dla zapewnienia dost\u0119pu do czystej wody, szczeg\u00f3lnie tam, gdzie lokalne wodoci\u0105gi zosta\u0142y zniszczone, w efekcie odcinaj\u0105c lokaln\u0105 spo\u0142eczno\u015b\u0107 od wody pitnej;<br>\u2022 \u017bywno\u015b\u0107 o d\u0142ugim terminie przydatno\u015bci, w miar\u0119 mo\u017cliwo\u015bci nie wymagaj\u0105cej obr\u00f3bki termicznej np. konserwy, suchary, produkty wysokoenergetyczne, artyku\u0142y dla dzieci i niemowl\u0105t oraz inne produkty, kt\u00f3re b\u0119d\u0105 \u0142atwe do przechowywania i dystrybucji;<br>\u2022 \u015arodki higieniczne \u2013 myd\u0142a, szampony, pasty i szczoteczki do z\u0119b\u00f3w, pieluchy, podpaski oraz inne produkty higieny osobistej;<br>\u2022 \u015arodki czysto\u015bci \u2013 detergenty, p\u0142yny do dezynfekcji powierzchni, r\u0119kawice ochronne, kt\u00f3re pomog\u0105 w sprz\u0105taniu zalanych miejsc i zapobiegn\u0105 rozprzestrzenianiu si\u0119 chor\u00f3b.<br>Przyniesione dary prosimy sk\u0142ada\u0107 od 18.09.2024 do oznakowanych karton\u00f3w znajduj\u0105cych si\u0119 na parterze szko\u0142y.<\/p>\n\n\n\n<p>Dzi\u0119kujemy Wam za wszelk\u0105 pomoc.<\/p>\n<\/div><!-- .vgblk-rw-wrapper -->","protected":false},"excerpt":{"rendered":"<p>Szkolone Ko\u0142o PCK organizuje zbi\u00f3rk\u0119 dar\u00f3w dla poszkodowanych w powodzi mieszka\u0144c\u00f3w Opolszczyzny.Dla potrzebuj\u0105cych pomocy zbierane s\u0105:\u2022 Woda butelkowana \u2013 kluczowa dla zapewnienia dost\u0119pu do czystej wody, szczeg\u00f3lnie tam, gdzie lokalne wodoci\u0105gi zosta\u0142y zniszczone, w efekcie odcinaj\u0105c lokaln\u0105 spo\u0142eczno\u015b\u0107 od wody pitnej;\u2022 \u017bywno\u015b\u0107 o d\u0142ugim terminie przydatno\u015bci, w miar\u0119 mo\u017cliwo\u015bci nie wymagaj\u0105cej obr\u00f3bki termicznej np. konserwy,&#8230;<\/p>\n","protected":false},"author":6,"featured_media":997290,"comment_status":"closed","ping_status":"open","sticky":false,"template":"","format":"standard","meta":{"inline_featured_image":false},"categories":[155],"tags":[],"_links":{"self":[{"href":"http:\/\/ekonomik.opole.pl\/eko3\/wp-json\/wp\/v2\/posts\/997289"}],"collection":[{"href":"http:\/\/ekonomik.opole.pl\/eko3\/wp-json\/wp\/v2\/posts"}],"about":[{"href":"http:\/\/ekonomik.opole.pl\/eko3\/wp-json\/wp\/v2\/types\/post"}],"author":[{"embeddable":true,"href":"http:\/\/ekonomik.opole.pl\/eko3\/wp-json\/wp\/v2\/users\/6"}],"replies":[{"embeddable":true,"href":"http:\/\/ekonomik.opole.pl\/eko3\/wp-json\/wp\/v2\/comments?post=997289"}],"version-history":[{"count":1,"href":"http:\/\/ekonomik.opole.pl\/eko3\/wp-json\/wp\/v2\/posts\/997289\/revisions"}],"predecessor-version":[{"id":997291,"href":"http:\/\/ekonomik.opole.pl\/eko3\/wp-json\/wp\/v2\/posts\/997289\/revisions\/997291"}],"wp:featuredmedia":[{"embeddable":true,"href":"http:\/\/ekonomik.opole.pl\/eko3\/wp-json\/wp\/v2\/media\/997290"}],"wp:attachment":[{"href":"http:\/\/ekonomik.opole.pl\/eko3\/wp-json\/wp\/v2\/media?parent=997289"}],"wp:term":[{"taxonomy":"category","embeddable":true,"href":"http:\/\/ekonomik.opole.pl\/eko3\/wp-json\/wp\/v2\/categories?post=997289"},{"taxonomy":"post_tag","embeddable":true,"href":"http:\/\/ekonomik.opole.pl\/eko3\/wp-json\/wp\/v2\/tags?post=997289"}],"curies":[{"name":"wp","href":"https:\/\/api.w.org\/{rel}","templated":true}]}}