{"id":997292,"date":"2024-09-23T09:22:28","date_gmt":"2024-09-23T07:22:28","guid":{"rendered":"http:\/\/ekonomik.opole.pl\/eko3\/?p=997292"},"modified":"2024-10-03T14:20:08","modified_gmt":"2024-10-03T12:20:08","slug":"spotkanie-z-rodzicami","status":"publish","type":"post","link":"http:\/\/ekonomik.opole.pl\/eko3\/spotkanie-z-rodzicami\/","title":{"rendered":"Spotkanie z rodzicami"},"content":{"rendered":"<div class=\"vgblk-rw-wrapper limit-wrapper\">\n<p>w \u015brod\u0119 25.09.2024 o godz. 17.00 odb\u0119d\u0105 si\u0119 zebrania Rodzic\u00f3w z wychowawcami klas.<\/p>\n\n\n\n<p>O godz. 17.45 w czytelni odb\u0119dzie si\u0119 spotkanie przedstawicieli klasowych z przewodnicz\u0105cym Rady Rodzic\u00f3w.<\/p>\n\n\n\n<p>Serdecznie zapraszamy.<\/p>\n<\/div><!-- .vgblk-rw-wrapper -->","protected":false},"excerpt":{"rendered":"<p>w \u015brod\u0119 25.09.2024 o godz. 17.00 odb\u0119d\u0105 si\u0119 zebrania Rodzic\u00f3w z wychowawcami klas. O godz. 17.45 w czytelni odb\u0119dzie si\u0119 spotkanie przedstawicieli klasowych z przewodnicz\u0105cym Rady Rodzic\u00f3w. Serdecznie zapraszamy.<\/p>\n","protected":false},"author":6,"featured_media":997296,"comment_status":"closed","ping_status":"open","sticky":false,"template":"","format":"standard","meta":{"inline_featured_image":false},"categories":[115],"tags":[],"_links":{"self":[{"href":"http:\/\/ekonomik.opole.pl\/eko3\/wp-json\/wp\/v2\/posts\/997292"}],"collection":[{"href":"http:\/\/ekonomik.opole.pl\/eko3\/wp-json\/wp\/v2\/posts"}],"about":[{"href":"http:\/\/ekonomik.opole.pl\/eko3\/wp-json\/wp\/v2\/types\/post"}],"author":[{"embeddable":true,"href":"http:\/\/ekonomik.opole.pl\/eko3\/wp-json\/wp\/v2\/users\/6"}],"replies":[{"embeddable":true,"href":"http:\/\/ekonomik.opole.pl\/eko3\/wp-json\/wp\/v2\/comments?post=997292"}],"version-history":[{"count":1,"href":"http:\/\/ekonomik.opole.pl\/eko3\/wp-json\/wp\/v2\/posts\/997292\/revisions"}],"predecessor-version":[{"id":997297,"href":"http:\/\/ekonomik.opole.pl\/eko3\/wp-json\/wp\/v2\/posts\/997292\/revisions\/997297"}],"wp:featuredmedia":[{"embeddable":true,"href":"http:\/\/ekonomik.opole.pl\/eko3\/wp-json\/wp\/v2\/media\/997296"}],"wp:attachment":[{"href":"http:\/\/ekonomik.opole.pl\/eko3\/wp-json\/wp\/v2\/media?parent=997292"}],"wp:term":[{"taxonomy":"category","embeddable":true,"href":"http:\/\/ekonomik.opole.pl\/eko3\/wp-json\/wp\/v2\/categories?post=997292"},{"taxonomy":"post_tag","embeddable":true,"href":"http:\/\/ekonomik.opole.pl\/eko3\/wp-json\/wp\/v2\/tags?post=997292"}],"curies":[{"name":"wp","href":"https:\/\/api.w.org\/{rel}","templated":true}]}}