{"id":997293,"date":"2024-09-20T09:14:00","date_gmt":"2024-09-20T07:14:00","guid":{"rendered":"http:\/\/ekonomik.opole.pl\/eko3\/?p=997293"},"modified":"2024-10-03T14:20:31","modified_gmt":"2024-10-03T12:20:31","slug":"olimpiada-wiedzy-ekonomicznej-2024","status":"publish","type":"post","link":"http:\/\/ekonomik.opole.pl\/eko3\/olimpiada-wiedzy-ekonomicznej-2024\/","title":{"rendered":"Olimpiada Wiedzy Ekonomicznej"},"content":{"rendered":"<div class=\"vgblk-rw-wrapper limit-wrapper\">\n<p>Polska w Unii Europejskiej-Bilans XX-lecia&#8221; &#8211; to has\u0142o XXXVIII edycji Olimpiady Wiedzy Ekonomicznej!<\/p>\n\n\n\n<p>Laureaci Olimpiady Wiedzy Ekonomicznej s\u0105 przyjmowani na kilkadziesi\u0105t wy\u017cszych uczelni z pomini\u0119ciem post\u0119powania rekrutacyjnego. Cz\u0119\u015b\u0107 uczelni stosuje r\u00f3wnie\u017c preferencje dla finalist\u00f3w Olimpiady.<\/p>\n\n\n\n<p>Laureaci i finali\u015bci Olimpiady Wiedzy Ekonomicznej s\u0105 zwolnieni z cz\u0119\u015bci pisemnej egzaminu zawodowego w nast\u0119puj\u0105cych zawodach: technik ekonomista oraz technik rachunkowo\u015bci. Zwolnienie z egzaminu zawodowego jest r\u00f3wnoznaczne z uzyskaniem najwy\u017cszego wyniku.<\/p>\n\n\n\n<p>Wi\u0119cej informacji dost\u0119pne na stronie :<a href=\"http:\/\/owe.pte.pl\/\" target=\"_blank\" rel=\"noreferrer noopener\"> http:\/\/owe.pte.pl\/<\/a><\/p>\n\n\n\n<p>Do 27wrze\u015bnia (pi\u0105tek) mo\u017cna zg\u0142asza\u0107 si\u0119 do Pani Nicoli Kaweckiej.<\/p>\n<\/div><!-- .vgblk-rw-wrapper -->","protected":false},"excerpt":{"rendered":"<p>Polska w Unii Europejskiej-Bilans XX-lecia&#8221; &#8211; to has\u0142o XXXVIII edycji Olimpiady Wiedzy Ekonomicznej! Laureaci Olimpiady Wiedzy Ekonomicznej s\u0105 przyjmowani na kilkadziesi\u0105t wy\u017cszych uczelni z pomini\u0119ciem post\u0119powania rekrutacyjnego. Cz\u0119\u015b\u0107 uczelni stosuje r\u00f3wnie\u017c preferencje dla finalist\u00f3w Olimpiady. Laureaci i finali\u015bci Olimpiady Wiedzy Ekonomicznej s\u0105 zwolnieni z cz\u0119\u015bci pisemnej egzaminu zawodowego w nast\u0119puj\u0105cych zawodach: technik ekonomista oraz technik&#8230;<\/p>\n","protected":false},"author":6,"featured_media":997294,"comment_status":"closed","ping_status":"open","sticky":false,"template":"","format":"standard","meta":{"inline_featured_image":false},"categories":[171],"tags":[],"_links":{"self":[{"href":"http:\/\/ekonomik.opole.pl\/eko3\/wp-json\/wp\/v2\/posts\/997293"}],"collection":[{"href":"http:\/\/ekonomik.opole.pl\/eko3\/wp-json\/wp\/v2\/posts"}],"about":[{"href":"http:\/\/ekonomik.opole.pl\/eko3\/wp-json\/wp\/v2\/types\/post"}],"author":[{"embeddable":true,"href":"http:\/\/ekonomik.opole.pl\/eko3\/wp-json\/wp\/v2\/users\/6"}],"replies":[{"embeddable":true,"href":"http:\/\/ekonomik.opole.pl\/eko3\/wp-json\/wp\/v2\/comments?post=997293"}],"version-history":[{"count":1,"href":"http:\/\/ekonomik.opole.pl\/eko3\/wp-json\/wp\/v2\/posts\/997293\/revisions"}],"predecessor-version":[{"id":997295,"href":"http:\/\/ekonomik.opole.pl\/eko3\/wp-json\/wp\/v2\/posts\/997293\/revisions\/997295"}],"wp:featuredmedia":[{"embeddable":true,"href":"http:\/\/ekonomik.opole.pl\/eko3\/wp-json\/wp\/v2\/media\/997294"}],"wp:attachment":[{"href":"http:\/\/ekonomik.opole.pl\/eko3\/wp-json\/wp\/v2\/media?parent=997293"}],"wp:term":[{"taxonomy":"category","embeddable":true,"href":"http:\/\/ekonomik.opole.pl\/eko3\/wp-json\/wp\/v2\/categories?post=997293"},{"taxonomy":"post_tag","embeddable":true,"href":"http:\/\/ekonomik.opole.pl\/eko3\/wp-json\/wp\/v2\/tags?post=997293"}],"curies":[{"name":"wp","href":"https:\/\/api.w.org\/{rel}","templated":true}]}}