{"id":997401,"date":"2024-10-01T15:33:18","date_gmt":"2024-10-01T13:33:18","guid":{"rendered":"http:\/\/ekonomik.opole.pl\/eko3\/?p=997401"},"modified":"2024-10-01T15:34:38","modified_gmt":"2024-10-01T13:34:38","slug":"charytatywny-koncert-finalowy-5-edycji-banku-talentow-2024","status":"publish","type":"post","link":"http:\/\/ekonomik.opole.pl\/eko3\/charytatywny-koncert-finalowy-5-edycji-banku-talentow-2024\/","title":{"rendered":"Charytatywny Koncert Fina\u0142owy 5 edycji Banku Talent\u00f3w 2024"},"content":{"rendered":"<div class=\"vgblk-rw-wrapper limit-wrapper\">\n<p class=\"has-black-color has-text-color\">Fundacja Master Art ma przyjemno\u015b\u0107 zaprosi\u0107 Pa\u0144stwa na Charytatywny Koncert Fina\u0142owy 5 edycji Banku Talent\u00f3w 2024!<\/p>\n\n\n\n<figure class=\"wp-block-gallery aligncenter columns-1 is-cropped\"><ul class=\"blocks-gallery-grid\"><li class=\"blocks-gallery-item\"><figure><a href=\"http:\/\/ekonomik.opole.pl\/eko3\/wp-content\/uploads\/2024\/10\/BANK-TALENTOW-2024-PLAKAT-KONCERTOWY-2.jpg\"><img loading=\"lazy\" width=\"727\" height=\"1024\" src=\"http:\/\/ekonomik.opole.pl\/eko3\/wp-content\/uploads\/2024\/10\/BANK-TALENTOW-2024-PLAKAT-KONCERTOWY-2-727x1024.jpg\" alt=\"\" data-id=\"997402\" data-full-url=\"http:\/\/ekonomik.opole.pl\/eko3\/wp-content\/uploads\/2024\/10\/BANK-TALENTOW-2024-PLAKAT-KONCERTOWY-2.jpg\" data-link=\"http:\/\/ekonomik.opole.pl\/eko3\/?attachment_id=997402\" class=\"wp-image-997402\" srcset=\"http:\/\/ekonomik.opole.pl\/eko3\/wp-content\/uploads\/2024\/10\/BANK-TALENTOW-2024-PLAKAT-KONCERTOWY-2-727x1024.jpg 727w, http:\/\/ekonomik.opole.pl\/eko3\/wp-content\/uploads\/2024\/10\/BANK-TALENTOW-2024-PLAKAT-KONCERTOWY-2-213x300.jpg 213w, http:\/\/ekonomik.opole.pl\/eko3\/wp-content\/uploads\/2024\/10\/BANK-TALENTOW-2024-PLAKAT-KONCERTOWY-2-768x1082.jpg 768w, http:\/\/ekonomik.opole.pl\/eko3\/wp-content\/uploads\/2024\/10\/BANK-TALENTOW-2024-PLAKAT-KONCERTOWY-2-1090x1536.jpg 1090w, http:\/\/ekonomik.opole.pl\/eko3\/wp-content\/uploads\/2024\/10\/BANK-TALENTOW-2024-PLAKAT-KONCERTOWY-2-680x958.jpg 680w, http:\/\/ekonomik.opole.pl\/eko3\/wp-content\/uploads\/2024\/10\/BANK-TALENTOW-2024-PLAKAT-KONCERTOWY-2.jpg 1207w\" sizes=\"(max-width: 727px) 100vw, 727px\" \/><\/a><\/figure><\/li><\/ul><\/figure>\n\n\n\n<p class=\"has-black-color has-text-color\">Maj\u0105c na uwadze okoliczno\u015bci,&nbsp;kt\u00f3re spotka\u0142y nasze wojew\u00f3dztwo podj\u0119li\u015bmy decyzj\u0119 o zmianie charakteru koncertu na Charytatywny \u0142\u0105cz\u0105c go ze zbi\u00f3rk\u0105 najpotrzebniejszych rzeczy codziennego u\u017cytku dla os\u00f3b poszkodowanych w wyniku licznych powodzi.&nbsp;<\/p>\n\n\n\n<p class=\"has-black-color has-text-color\">Bank Talent\u00f3w 2024 to kolejna ods\u0142ona pionierskiego programu pomocy najzdolniejszym artystom z Wojew\u00f3dztwa Opolskiego oraz ca\u0142ej Polski. Jego celem&nbsp;jest wsparcie najbardziej utalentowanych muzyk\u00f3w na wielu p\u0142aszczyznach, m.in. nabywania nowych kompetencji poprzez wsp\u00f3\u0142prac\u0119 z&nbsp;najwybitniejszymi polskimi pedagogami, udzia\u0142u w warsztatach prowadzonych przez znacz\u0105ce osobowo\u015bci medialne,&nbsp; umiej\u0119tno\u015bci pracy w zespole, orkiestrze symfonicznej, zespole ch\u00f3ralnym oraz innych zdolno\u015bci potrzebnych do budowania w\u0142asnej kariery.&nbsp;<\/p>\n\n\n\n<p class=\"has-black-color has-text-color\">Tegoroczny program zwie\u0144czy Charytatywny Koncert Fina\u0142owy, w kt\u00f3rym b\u0119dzie uczestniczy\u0107 prawie 150 m\u0142odych artyst\u00f3w w dniu 5.10.2024 o godzinie 19:00 w Stegu Arenie w Opolu. Podczas koncertu us\u0142yszymy&nbsp;<em>Polskie Przeboje Symfonicznie<\/em>&nbsp;w wykonaniu Orkiestry Banku Talent\u00f3w, Ch\u00f3ru Banku Talent\u00f3w, a tak\u017ce Zesp\u00f3\u0142u Pie\u015bni i Ta\u0144ca Opole.&nbsp;Go\u015b\u0107mi specjalnymi koncertu b\u0119d\u0105 Izabela Trojanowska, Czes\u0142aw Mozil, Natalia Niemen, Adam &#8222;Asan&#8221; Asanov, Zbyszek Mo\u017adzierski &#8211; Piersi, Natalia Zast\u0119pa, Zab\u0142ocki Osobi\u015bcie. Koncert poprowadzi znany z anteny Radia Eska &#8211; Micha\u0142 Hanczak. Wst\u0119p na koncert b\u0119dzie odbywa\u0142 si\u0119 na podstawie bezp\u0142atnych wej\u015bci\u00f3wek.<\/p>\n\n\n\n<p class=\"has-black-color has-text-color\">Odbi\u00f3r wej\u015bci\u00f3wek na koncert b\u0119dzie mo\u017cliwy w dniu 30.09.2024 od godziny 16:00 w siedzibie Urz\u0119du Marsza\u0142kowskiego na opolskim Ostr\u00f3wku (wej\u015bcie od strony Wie\u017cy Piastowskiej).&nbsp;Jedna osoba mo\u017ce maksymalnie otrzyma\u0107 2 wej\u015bci\u00f3wki.<\/p>\n\n\n\n<p class=\"has-black-color has-text-color\">Ponadto dzie\u0144 po koncercie fina\u0142owym zar\u00f3wno podopieczni Fundacji jak i zainteresowana wydarzeniem m\u0142odzie\u017c z Wojew\u00f3dztwa Opolskiego b\u0119dzie mia\u0142a mo\u017cliwo\u015b\u0107 udzia\u0142u w nagraniu klipu z Czes\u0142awem Mozilem do specjalnie napisanej na t\u0119 okazj\u0119 piosenki.<\/p>\n\n\n\n<p class=\"has-black-color has-text-color\">Organizatorem projektu jest Fundacja Master Art. G\u0142\u00f3wnym Partnerem&nbsp;tegorocznej edycji programu jest Urz\u0105d Marsza\u0142kowski Wojew\u00f3dztwa Opolskiego. Partnerami s\u0105 r\u00f3wnie\u017c: Narodowy Instytut Wolno\u015bci, Pa\u0144stwowe Porty Lotnicze, Fundacja LOTTO, Pierre Cardin, Fakro Polska, ZAIKS, Mercedes-Benz Wr\u00f3bel, Yamaha Polska, Gwarant, LED4LIVE oraz Miasto Opole.<\/p>\n\n\n\n<p class=\"has-black-color has-text-color\">Partnerami medialnymi s\u0105: Radio Opole, TVP Opole, Radio Doxa, Opolska, 24Opole, Radio Park, NTO.<\/p>\n\n\n\n<p class=\"has-black-color has-text-color\">Szczeg\u00f3\u0142y tegorocznego wydarzenia dost\u0119pne s\u0105 na<strong>&nbsp;<a rel=\"noreferrer noopener\" href=\"http:\/\/www.banktalentow.com\/\" target=\"_blank\">www.banktalentow.com<\/a>.<\/strong><\/p>\n\n\n\n<figure class=\"wp-block-gallery columns-2 is-cropped\"><ul class=\"blocks-gallery-grid\"><li class=\"blocks-gallery-item\"><figure><a href=\"http:\/\/ekonomik.opole.pl\/eko3\/wp-content\/uploads\/2024\/10\/Bank_Koncert_157-2.jpg\"><img loading=\"lazy\" width=\"720\" height=\"480\" src=\"http:\/\/ekonomik.opole.pl\/eko3\/wp-content\/uploads\/2024\/10\/Bank_Koncert_157-2.jpg\" alt=\"\" data-id=\"997403\" data-full-url=\"http:\/\/ekonomik.opole.pl\/eko3\/wp-content\/uploads\/2024\/10\/Bank_Koncert_157-2.jpg\" data-link=\"http:\/\/ekonomik.opole.pl\/eko3\/?attachment_id=997403\" class=\"wp-image-997403\" srcset=\"http:\/\/ekonomik.opole.pl\/eko3\/wp-content\/uploads\/2024\/10\/Bank_Koncert_157-2.jpg 720w, http:\/\/ekonomik.opole.pl\/eko3\/wp-content\/uploads\/2024\/10\/Bank_Koncert_157-2-300x200.jpg 300w, http:\/\/ekonomik.opole.pl\/eko3\/wp-content\/uploads\/2024\/10\/Bank_Koncert_157-2-680x453.jpg 680w\" sizes=\"(max-width: 720px) 100vw, 720px\" \/><\/a><\/figure><\/li><li class=\"blocks-gallery-item\"><figure><a href=\"http:\/\/ekonomik.opole.pl\/eko3\/wp-content\/uploads\/2024\/10\/koncert-finalowy-Opolski-Bank-Talentow-2023-2-2.jpg\"><img loading=\"lazy\" width=\"720\" height=\"479\" src=\"http:\/\/ekonomik.opole.pl\/eko3\/wp-content\/uploads\/2024\/10\/koncert-finalowy-Opolski-Bank-Talentow-2023-2-2.jpg\" alt=\"\" data-id=\"997405\" data-full-url=\"http:\/\/ekonomik.opole.pl\/eko3\/wp-content\/uploads\/2024\/10\/koncert-finalowy-Opolski-Bank-Talentow-2023-2-2.jpg\" data-link=\"http:\/\/ekonomik.opole.pl\/eko3\/?attachment_id=997405\" class=\"wp-image-997405\" srcset=\"http:\/\/ekonomik.opole.pl\/eko3\/wp-content\/uploads\/2024\/10\/koncert-finalowy-Opolski-Bank-Talentow-2023-2-2.jpg 720w, http:\/\/ekonomik.opole.pl\/eko3\/wp-content\/uploads\/2024\/10\/koncert-finalowy-Opolski-Bank-Talentow-2023-2-2-300x200.jpg 300w, http:\/\/ekonomik.opole.pl\/eko3\/wp-content\/uploads\/2024\/10\/koncert-finalowy-Opolski-Bank-Talentow-2023-2-2-680x452.jpg 680w\" sizes=\"(max-width: 720px) 100vw, 720px\" \/><\/a><\/figure><\/li><\/ul><\/figure>\n\n\n\n<p class=\"has-black-color has-text-color\">Fot. Micha\u0142 Grocholski<\/p>\n<\/div><!-- .vgblk-rw-wrapper -->","protected":false},"excerpt":{"rendered":"<p>Fundacja Master Art ma przyjemno\u015b\u0107 zaprosi\u0107 Pa\u0144stwa na Charytatywny Koncert Fina\u0142owy 5 edycji Banku Talent\u00f3w 2024! Maj\u0105c na uwadze okoliczno\u015bci,&nbsp;kt\u00f3re spotka\u0142y nasze wojew\u00f3dztwo podj\u0119li\u015bmy decyzj\u0119 o zmianie charakteru koncertu na Charytatywny \u0142\u0105cz\u0105c go ze zbi\u00f3rk\u0105 najpotrzebniejszych rzeczy codziennego u\u017cytku dla os\u00f3b poszkodowanych w wyniku licznych powodzi.&nbsp; Bank Talent\u00f3w 2024 to kolejna ods\u0142ona pionierskiego programu pomocy&#8230;<\/p>\n","protected":false},"author":6,"featured_media":997404,"comment_status":"closed","ping_status":"open","sticky":false,"template":"","format":"standard","meta":{"inline_featured_image":false},"categories":[208,202],"tags":[],"_links":{"self":[{"href":"http:\/\/ekonomik.opole.pl\/eko3\/wp-json\/wp\/v2\/posts\/997401"}],"collection":[{"href":"http:\/\/ekonomik.opole.pl\/eko3\/wp-json\/wp\/v2\/posts"}],"about":[{"href":"http:\/\/ekonomik.opole.pl\/eko3\/wp-json\/wp\/v2\/types\/post"}],"author":[{"embeddable":true,"href":"http:\/\/ekonomik.opole.pl\/eko3\/wp-json\/wp\/v2\/users\/6"}],"replies":[{"embeddable":true,"href":"http:\/\/ekonomik.opole.pl\/eko3\/wp-json\/wp\/v2\/comments?post=997401"}],"version-history":[{"count":2,"href":"http:\/\/ekonomik.opole.pl\/eko3\/wp-json\/wp\/v2\/posts\/997401\/revisions"}],"predecessor-version":[{"id":997407,"href":"http:\/\/ekonomik.opole.pl\/eko3\/wp-json\/wp\/v2\/posts\/997401\/revisions\/997407"}],"wp:featuredmedia":[{"embeddable":true,"href":"http:\/\/ekonomik.opole.pl\/eko3\/wp-json\/wp\/v2\/media\/997404"}],"wp:attachment":[{"href":"http:\/\/ekonomik.opole.pl\/eko3\/wp-json\/wp\/v2\/media?parent=997401"}],"wp:term":[{"taxonomy":"category","embeddable":true,"href":"http:\/\/ekonomik.opole.pl\/eko3\/wp-json\/wp\/v2\/categories?post=997401"},{"taxonomy":"post_tag","embeddable":true,"href":"http:\/\/ekonomik.opole.pl\/eko3\/wp-json\/wp\/v2\/tags?post=997401"}],"curies":[{"name":"wp","href":"https:\/\/api.w.org\/{rel}","templated":true}]}}