{"id":997408,"date":"2024-10-01T17:14:00","date_gmt":"2024-10-01T15:14:00","guid":{"rendered":"http:\/\/ekonomik.opole.pl\/eko3\/?p=997408"},"modified":"2024-10-03T14:19:13","modified_gmt":"2024-10-03T12:19:13","slug":"eliminacje-mistrzostw-opola-w-pilce-noznej","status":"publish","type":"post","link":"http:\/\/ekonomik.opole.pl\/eko3\/eliminacje-mistrzostw-opola-w-pilce-noznej\/","title":{"rendered":"Eliminacje mistrzostw Opola w pi\u0142ce no\u017cnej"},"content":{"rendered":"<div class=\"vgblk-rw-wrapper limit-wrapper\">\n<p>W dniu 1 pa\u017adziernika nasza m\u0119ska dru\u017cyna wzi\u0119\u0142a udzia\u0142 w eliminacjach mistrzostw Opola w pi\u0142ce no\u017cnej. Po dw\u00f3ch meczach z kompletem punkt\u00f3w byli\u015bmy ju\u017c pewni awansu do p\u00f3\u0142fina\u0142\u00f3w (2:0 z TEB i 3:0 z PLO VI) W ostatnim meczu nieznacznie ulegli\u015bmy PLO V 2:1. Relacja z p\u00f3\u0142fina\u0142\u00f3w niebawem. <\/p>\n\n\n\n<p>Nasza dru\u017cyna gra\u0142a w sk\u0142adzie:<br>Karol Jany 1d<br>Bart\u0142omiej Kali\u0144ski 5c<br>Lukas Krumpietz 4f<br>Mateusz Lasek 4c<br>Jakub Liso\u0144 4f<br>Pawe\u0142 Malik 3f<br>Maciek Mykit\u00f3w 3f<br>Maksymilian Romanowski 1d<br>Wojciech Ro\u017cnowicz 4f<br>Bartosz Szczepanek 4c<br>Sebastian Weber 5c<br>Opiekun: Jaros\u0142aw U\u0142amek<\/p>\n\n\n\n<figure class=\"wp-block-gallery columns-2 is-cropped\"><ul class=\"blocks-gallery-grid\"><li class=\"blocks-gallery-item\"><figure><a href=\"http:\/\/ekonomik.opole.pl\/eko3\/wp-content\/uploads\/2024\/10\/20241001_130413-scaled.jpg\"><img loading=\"lazy\" width=\"1024\" height=\"461\" src=\"http:\/\/ekonomik.opole.pl\/eko3\/wp-content\/uploads\/2024\/10\/20241001_130413-1024x461.jpg\" alt=\"\" data-id=\"997412\" data-full-url=\"http:\/\/ekonomik.opole.pl\/eko3\/wp-content\/uploads\/2024\/10\/20241001_130413-scaled.jpg\" data-link=\"http:\/\/ekonomik.opole.pl\/eko3\/?attachment_id=997412\" class=\"wp-image-997412\" srcset=\"http:\/\/ekonomik.opole.pl\/eko3\/wp-content\/uploads\/2024\/10\/20241001_130413-1024x461.jpg 1024w, http:\/\/ekonomik.opole.pl\/eko3\/wp-content\/uploads\/2024\/10\/20241001_130413-300x135.jpg 300w, http:\/\/ekonomik.opole.pl\/eko3\/wp-content\/uploads\/2024\/10\/20241001_130413-768x346.jpg 768w, http:\/\/ekonomik.opole.pl\/eko3\/wp-content\/uploads\/2024\/10\/20241001_130413-1536x691.jpg 1536w, http:\/\/ekonomik.opole.pl\/eko3\/wp-content\/uploads\/2024\/10\/20241001_130413-2048x922.jpg 2048w, http:\/\/ekonomik.opole.pl\/eko3\/wp-content\/uploads\/2024\/10\/20241001_130413-1360x612.jpg 1360w, http:\/\/ekonomik.opole.pl\/eko3\/wp-content\/uploads\/2024\/10\/20241001_130413-680x306.jpg 680w\" sizes=\"(max-width: 1024px) 100vw, 1024px\" \/><\/a><\/figure><\/li><li class=\"blocks-gallery-item\"><figure><a href=\"http:\/\/ekonomik.opole.pl\/eko3\/wp-content\/uploads\/2024\/10\/20241001_130345-scaled.jpg\"><img loading=\"lazy\" width=\"1024\" height=\"461\" src=\"http:\/\/ekonomik.opole.pl\/eko3\/wp-content\/uploads\/2024\/10\/20241001_130345-1024x461.jpg\" alt=\"\" data-id=\"997411\" data-full-url=\"http:\/\/ekonomik.opole.pl\/eko3\/wp-content\/uploads\/2024\/10\/20241001_130345-scaled.jpg\" data-link=\"http:\/\/ekonomik.opole.pl\/eko3\/?attachment_id=997411\" class=\"wp-image-997411\" srcset=\"http:\/\/ekonomik.opole.pl\/eko3\/wp-content\/uploads\/2024\/10\/20241001_130345-1024x461.jpg 1024w, http:\/\/ekonomik.opole.pl\/eko3\/wp-content\/uploads\/2024\/10\/20241001_130345-300x135.jpg 300w, http:\/\/ekonomik.opole.pl\/eko3\/wp-content\/uploads\/2024\/10\/20241001_130345-768x346.jpg 768w, http:\/\/ekonomik.opole.pl\/eko3\/wp-content\/uploads\/2024\/10\/20241001_130345-1536x691.jpg 1536w, http:\/\/ekonomik.opole.pl\/eko3\/wp-content\/uploads\/2024\/10\/20241001_130345-2048x922.jpg 2048w, http:\/\/ekonomik.opole.pl\/eko3\/wp-content\/uploads\/2024\/10\/20241001_130345-1360x612.jpg 1360w, http:\/\/ekonomik.opole.pl\/eko3\/wp-content\/uploads\/2024\/10\/20241001_130345-680x306.jpg 680w\" sizes=\"(max-width: 1024px) 100vw, 1024px\" \/><\/a><\/figure><\/li><\/ul><\/figure>\n<\/div><!-- .vgblk-rw-wrapper -->","protected":false},"excerpt":{"rendered":"<p>W dniu 1 pa\u017adziernika nasza m\u0119ska dru\u017cyna wzi\u0119\u0142a udzia\u0142 w eliminacjach mistrzostw Opola w pi\u0142ce no\u017cnej. Po dw\u00f3ch meczach z kompletem punkt\u00f3w byli\u015bmy ju\u017c pewni awansu do p\u00f3\u0142fina\u0142\u00f3w (2:0 z TEB i 3:0 z PLO VI) W ostatnim meczu nieznacznie ulegli\u015bmy PLO V 2:1. Relacja z p\u00f3\u0142fina\u0142\u00f3w niebawem. Nasza dru\u017cyna gra\u0142a w sk\u0142adzie:Karol Jany 1dBart\u0142omiej&#8230;<\/p>\n","protected":false},"author":6,"featured_media":997410,"comment_status":"closed","ping_status":"open","sticky":false,"template":"","format":"standard","meta":{"inline_featured_image":false},"categories":[134],"tags":[],"_links":{"self":[{"href":"http:\/\/ekonomik.opole.pl\/eko3\/wp-json\/wp\/v2\/posts\/997408"}],"collection":[{"href":"http:\/\/ekonomik.opole.pl\/eko3\/wp-json\/wp\/v2\/posts"}],"about":[{"href":"http:\/\/ekonomik.opole.pl\/eko3\/wp-json\/wp\/v2\/types\/post"}],"author":[{"embeddable":true,"href":"http:\/\/ekonomik.opole.pl\/eko3\/wp-json\/wp\/v2\/users\/6"}],"replies":[{"embeddable":true,"href":"http:\/\/ekonomik.opole.pl\/eko3\/wp-json\/wp\/v2\/comments?post=997408"}],"version-history":[{"count":3,"href":"http:\/\/ekonomik.opole.pl\/eko3\/wp-json\/wp\/v2\/posts\/997408\/revisions"}],"predecessor-version":[{"id":997414,"href":"http:\/\/ekonomik.opole.pl\/eko3\/wp-json\/wp\/v2\/posts\/997408\/revisions\/997414"}],"wp:featuredmedia":[{"embeddable":true,"href":"http:\/\/ekonomik.opole.pl\/eko3\/wp-json\/wp\/v2\/media\/997410"}],"wp:attachment":[{"href":"http:\/\/ekonomik.opole.pl\/eko3\/wp-json\/wp\/v2\/media?parent=997408"}],"wp:term":[{"taxonomy":"category","embeddable":true,"href":"http:\/\/ekonomik.opole.pl\/eko3\/wp-json\/wp\/v2\/categories?post=997408"},{"taxonomy":"post_tag","embeddable":true,"href":"http:\/\/ekonomik.opole.pl\/eko3\/wp-json\/wp\/v2\/tags?post=997408"}],"curies":[{"name":"wp","href":"https:\/\/api.w.org\/{rel}","templated":true}]}}