{"id":997415,"date":"2024-10-02T15:21:00","date_gmt":"2024-10-02T13:21:00","guid":{"rendered":"http:\/\/ekonomik.opole.pl\/eko3\/?p=997415"},"modified":"2024-10-03T14:18:51","modified_gmt":"2024-10-03T12:18:51","slug":"uroczysty-dzien-patrona-szkoly","status":"publish","type":"post","link":"http:\/\/ekonomik.opole.pl\/eko3\/uroczysty-dzien-patrona-szkoly\/","title":{"rendered":"UROCZYSTY DZIE\u0143 PATRONA SZKO\u0141Y"},"content":{"rendered":"<div class=\"vgblk-rw-wrapper limit-wrapper\">\n<p>Przedstawiamy fotorelacj\u0119 z obchod\u00f3w Dnia Patrona Szko\u0142y &#8211; Genera\u0142a Stefana Roweckiego &#8222;Grota&#8221;. To by\u0142a pi\u0119kna, wzruszaj\u0105ca uroczysto\u015b\u0107, w czasie kt\u00f3rej uczniowie klas pierwszych, \u015blubuj\u0105c na sztandar szko\u0142y, stali si\u0119 pe\u0142noprawnymi cz\u0142onkami spo\u0142eczno\u015bci Ekonomika. <\/p>\n\n\n\n<figure class=\"wp-block-gallery columns-5 is-cropped\"><ul class=\"blocks-gallery-grid\"><li class=\"blocks-gallery-item\"><figure><a href=\"http:\/\/ekonomik.opole.pl\/eko3\/wp-content\/uploads\/2024\/10\/DSC0042.jpg\"><img loading=\"lazy\" width=\"683\" height=\"1024\" src=\"http:\/\/ekonomik.opole.pl\/eko3\/wp-content\/uploads\/2024\/10\/DSC0042-683x1024.jpg\" alt=\"\" data-id=\"997427\" data-full-url=\"http:\/\/ekonomik.opole.pl\/eko3\/wp-content\/uploads\/2024\/10\/DSC0042.jpg\" data-link=\"http:\/\/ekonomik.opole.pl\/eko3\/?attachment_id=997427\" class=\"wp-image-997427\" srcset=\"http:\/\/ekonomik.opole.pl\/eko3\/wp-content\/uploads\/2024\/10\/DSC0042-683x1024.jpg 683w, http:\/\/ekonomik.opole.pl\/eko3\/wp-content\/uploads\/2024\/10\/DSC0042-200x300.jpg 200w, http:\/\/ekonomik.opole.pl\/eko3\/wp-content\/uploads\/2024\/10\/DSC0042-768x1152.jpg 768w, http:\/\/ekonomik.opole.pl\/eko3\/wp-content\/uploads\/2024\/10\/DSC0042-1024x1536.jpg 1024w, http:\/\/ekonomik.opole.pl\/eko3\/wp-content\/uploads\/2024\/10\/DSC0042-1360x2040.jpg 1360w, http:\/\/ekonomik.opole.pl\/eko3\/wp-content\/uploads\/2024\/10\/DSC0042-680x1020.jpg 680w, http:\/\/ekonomik.opole.pl\/eko3\/wp-content\/uploads\/2024\/10\/DSC0042.jpg 1365w\" sizes=\"(max-width: 683px) 100vw, 683px\" \/><\/a><\/figure><\/li><li class=\"blocks-gallery-item\"><figure><a href=\"http:\/\/ekonomik.opole.pl\/eko3\/wp-content\/uploads\/2024\/10\/DSC0073.jpg\"><img loading=\"lazy\" width=\"683\" height=\"1024\" src=\"http:\/\/ekonomik.opole.pl\/eko3\/wp-content\/uploads\/2024\/10\/DSC0073-683x1024.jpg\" alt=\"\" data-id=\"997429\" data-full-url=\"http:\/\/ekonomik.opole.pl\/eko3\/wp-content\/uploads\/2024\/10\/DSC0073.jpg\" data-link=\"http:\/\/ekonomik.opole.pl\/eko3\/?attachment_id=997429\" class=\"wp-image-997429\" srcset=\"http:\/\/ekonomik.opole.pl\/eko3\/wp-content\/uploads\/2024\/10\/DSC0073-683x1024.jpg 683w, http:\/\/ekonomik.opole.pl\/eko3\/wp-content\/uploads\/2024\/10\/DSC0073-200x300.jpg 200w, http:\/\/ekonomik.opole.pl\/eko3\/wp-content\/uploads\/2024\/10\/DSC0073-768x1152.jpg 768w, http:\/\/ekonomik.opole.pl\/eko3\/wp-content\/uploads\/2024\/10\/DSC0073-1024x1536.jpg 1024w, http:\/\/ekonomik.opole.pl\/eko3\/wp-content\/uploads\/2024\/10\/DSC0073-1360x2040.jpg 1360w, http:\/\/ekonomik.opole.pl\/eko3\/wp-content\/uploads\/2024\/10\/DSC0073-680x1020.jpg 680w, http:\/\/ekonomik.opole.pl\/eko3\/wp-content\/uploads\/2024\/10\/DSC0073.jpg 1365w\" sizes=\"(max-width: 683px) 100vw, 683px\" \/><\/a><\/figure><\/li><li class=\"blocks-gallery-item\"><figure><a href=\"http:\/\/ekonomik.opole.pl\/eko3\/wp-content\/uploads\/2024\/10\/DSC0081.jpg\"><img loading=\"lazy\" width=\"683\" height=\"1024\" src=\"http:\/\/ekonomik.opole.pl\/eko3\/wp-content\/uploads\/2024\/10\/DSC0081-683x1024.jpg\" alt=\"\" data-id=\"997430\" data-full-url=\"http:\/\/ekonomik.opole.pl\/eko3\/wp-content\/uploads\/2024\/10\/DSC0081.jpg\" data-link=\"http:\/\/ekonomik.opole.pl\/eko3\/?attachment_id=997430\" class=\"wp-image-997430\" srcset=\"http:\/\/ekonomik.opole.pl\/eko3\/wp-content\/uploads\/2024\/10\/DSC0081-683x1024.jpg 683w, http:\/\/ekonomik.opole.pl\/eko3\/wp-content\/uploads\/2024\/10\/DSC0081-200x300.jpg 200w, http:\/\/ekonomik.opole.pl\/eko3\/wp-content\/uploads\/2024\/10\/DSC0081-768x1152.jpg 768w, http:\/\/ekonomik.opole.pl\/eko3\/wp-content\/uploads\/2024\/10\/DSC0081-1024x1536.jpg 1024w, http:\/\/ekonomik.opole.pl\/eko3\/wp-content\/uploads\/2024\/10\/DSC0081-1360x2040.jpg 1360w, http:\/\/ekonomik.opole.pl\/eko3\/wp-content\/uploads\/2024\/10\/DSC0081-680x1020.jpg 680w, http:\/\/ekonomik.opole.pl\/eko3\/wp-content\/uploads\/2024\/10\/DSC0081.jpg 1365w\" sizes=\"(max-width: 683px) 100vw, 683px\" \/><\/a><\/figure><\/li><li class=\"blocks-gallery-item\"><figure><a href=\"http:\/\/ekonomik.opole.pl\/eko3\/wp-content\/uploads\/2024\/10\/DSC0115.jpg\"><img loading=\"lazy\" width=\"683\" height=\"1024\" src=\"http:\/\/ekonomik.opole.pl\/eko3\/wp-content\/uploads\/2024\/10\/DSC0115-683x1024.jpg\" alt=\"\" data-id=\"997434\" data-full-url=\"http:\/\/ekonomik.opole.pl\/eko3\/wp-content\/uploads\/2024\/10\/DSC0115.jpg\" data-link=\"http:\/\/ekonomik.opole.pl\/eko3\/?attachment_id=997434\" class=\"wp-image-997434\" srcset=\"http:\/\/ekonomik.opole.pl\/eko3\/wp-content\/uploads\/2024\/10\/DSC0115-683x1024.jpg 683w, http:\/\/ekonomik.opole.pl\/eko3\/wp-content\/uploads\/2024\/10\/DSC0115-200x300.jpg 200w, http:\/\/ekonomik.opole.pl\/eko3\/wp-content\/uploads\/2024\/10\/DSC0115-768x1152.jpg 768w, http:\/\/ekonomik.opole.pl\/eko3\/wp-content\/uploads\/2024\/10\/DSC0115-1024x1536.jpg 1024w, http:\/\/ekonomik.opole.pl\/eko3\/wp-content\/uploads\/2024\/10\/DSC0115-1360x2040.jpg 1360w, http:\/\/ekonomik.opole.pl\/eko3\/wp-content\/uploads\/2024\/10\/DSC0115-680x1020.jpg 680w, http:\/\/ekonomik.opole.pl\/eko3\/wp-content\/uploads\/2024\/10\/DSC0115.jpg 1365w\" sizes=\"(max-width: 683px) 100vw, 683px\" \/><\/a><\/figure><\/li><li class=\"blocks-gallery-item\"><figure><a href=\"http:\/\/ekonomik.opole.pl\/eko3\/wp-content\/uploads\/2024\/10\/DSC0131.jpg\"><img loading=\"lazy\" width=\"1024\" height=\"683\" src=\"http:\/\/ekonomik.opole.pl\/eko3\/wp-content\/uploads\/2024\/10\/DSC0131-1024x683.jpg\" alt=\"\" data-id=\"997435\" data-full-url=\"http:\/\/ekonomik.opole.pl\/eko3\/wp-content\/uploads\/2024\/10\/DSC0131.jpg\" data-link=\"http:\/\/ekonomik.opole.pl\/eko3\/?attachment_id=997435\" class=\"wp-image-997435\" srcset=\"http:\/\/ekonomik.opole.pl\/eko3\/wp-content\/uploads\/2024\/10\/DSC0131-1024x683.jpg 1024w, http:\/\/ekonomik.opole.pl\/eko3\/wp-content\/uploads\/2024\/10\/DSC0131-300x200.jpg 300w, http:\/\/ekonomik.opole.pl\/eko3\/wp-content\/uploads\/2024\/10\/DSC0131-768x512.jpg 768w, http:\/\/ekonomik.opole.pl\/eko3\/wp-content\/uploads\/2024\/10\/DSC0131-1536x1024.jpg 1536w, http:\/\/ekonomik.opole.pl\/eko3\/wp-content\/uploads\/2024\/10\/DSC0131-1360x906.jpg 1360w, http:\/\/ekonomik.opole.pl\/eko3\/wp-content\/uploads\/2024\/10\/DSC0131-680x453.jpg 680w, http:\/\/ekonomik.opole.pl\/eko3\/wp-content\/uploads\/2024\/10\/DSC0131.jpg 2048w\" sizes=\"(max-width: 1024px) 100vw, 1024px\" \/><\/a><\/figure><\/li><\/ul><\/figure>\n\n\n\n<p>W czasie obchod\u00f3w towarzyszyli nam go\u015bcie &#8211; cz\u0142onkowie \u015awiatowego Zwi\u0105zku \u017bo\u0142nierzy Armii Krajowej i Harcerzy, na czele z pani\u0105 Helen\u0105 Kamersk\u0105 sanitariuszk\u0105 Powstania Warszawskiego, kt\u00f3ra w s\u0142u\u017cbie ojczy\u017anie pozostaje ju\u017c 99 lat.<\/p>\n\n\n\n<figure class=\"wp-block-gallery columns-5 is-cropped\"><ul class=\"blocks-gallery-grid\"><li class=\"blocks-gallery-item\"><figure><a href=\"http:\/\/ekonomik.opole.pl\/eko3\/wp-content\/uploads\/2024\/10\/DSC0107.jpg\"><img loading=\"lazy\" width=\"1024\" height=\"683\" src=\"http:\/\/ekonomik.opole.pl\/eko3\/wp-content\/uploads\/2024\/10\/DSC0107-1024x683.jpg\" alt=\"\" data-id=\"997433\" data-full-url=\"http:\/\/ekonomik.opole.pl\/eko3\/wp-content\/uploads\/2024\/10\/DSC0107.jpg\" data-link=\"http:\/\/ekonomik.opole.pl\/eko3\/?attachment_id=997433\" class=\"wp-image-997433\" srcset=\"http:\/\/ekonomik.opole.pl\/eko3\/wp-content\/uploads\/2024\/10\/DSC0107-1024x683.jpg 1024w, http:\/\/ekonomik.opole.pl\/eko3\/wp-content\/uploads\/2024\/10\/DSC0107-300x200.jpg 300w, http:\/\/ekonomik.opole.pl\/eko3\/wp-content\/uploads\/2024\/10\/DSC0107-768x512.jpg 768w, http:\/\/ekonomik.opole.pl\/eko3\/wp-content\/uploads\/2024\/10\/DSC0107-1536x1024.jpg 1536w, http:\/\/ekonomik.opole.pl\/eko3\/wp-content\/uploads\/2024\/10\/DSC0107-1360x906.jpg 1360w, http:\/\/ekonomik.opole.pl\/eko3\/wp-content\/uploads\/2024\/10\/DSC0107-680x453.jpg 680w, http:\/\/ekonomik.opole.pl\/eko3\/wp-content\/uploads\/2024\/10\/DSC0107.jpg 2048w\" sizes=\"(max-width: 1024px) 100vw, 1024px\" \/><\/a><\/figure><\/li><li class=\"blocks-gallery-item\"><figure><a href=\"http:\/\/ekonomik.opole.pl\/eko3\/wp-content\/uploads\/2024\/10\/DSC0097.jpg\"><img loading=\"lazy\" width=\"1024\" height=\"683\" src=\"http:\/\/ekonomik.opole.pl\/eko3\/wp-content\/uploads\/2024\/10\/DSC0097-1024x683.jpg\" alt=\"\" data-id=\"997432\" data-full-url=\"http:\/\/ekonomik.opole.pl\/eko3\/wp-content\/uploads\/2024\/10\/DSC0097.jpg\" data-link=\"http:\/\/ekonomik.opole.pl\/eko3\/?attachment_id=997432\" class=\"wp-image-997432\" srcset=\"http:\/\/ekonomik.opole.pl\/eko3\/wp-content\/uploads\/2024\/10\/DSC0097-1024x683.jpg 1024w, http:\/\/ekonomik.opole.pl\/eko3\/wp-content\/uploads\/2024\/10\/DSC0097-300x200.jpg 300w, http:\/\/ekonomik.opole.pl\/eko3\/wp-content\/uploads\/2024\/10\/DSC0097-768x512.jpg 768w, http:\/\/ekonomik.opole.pl\/eko3\/wp-content\/uploads\/2024\/10\/DSC0097-1536x1024.jpg 1536w, http:\/\/ekonomik.opole.pl\/eko3\/wp-content\/uploads\/2024\/10\/DSC0097-1360x906.jpg 1360w, http:\/\/ekonomik.opole.pl\/eko3\/wp-content\/uploads\/2024\/10\/DSC0097-680x453.jpg 680w, http:\/\/ekonomik.opole.pl\/eko3\/wp-content\/uploads\/2024\/10\/DSC0097.jpg 2048w\" sizes=\"(max-width: 1024px) 100vw, 1024px\" \/><\/a><\/figure><\/li><li class=\"blocks-gallery-item\"><figure><a href=\"http:\/\/ekonomik.opole.pl\/eko3\/wp-content\/uploads\/2024\/10\/DSC0089-2.jpg\"><img loading=\"lazy\" width=\"683\" height=\"1024\" src=\"http:\/\/ekonomik.opole.pl\/eko3\/wp-content\/uploads\/2024\/10\/DSC0089-2-683x1024.jpg\" alt=\"\" data-id=\"997431\" data-full-url=\"http:\/\/ekonomik.opole.pl\/eko3\/wp-content\/uploads\/2024\/10\/DSC0089-2.jpg\" data-link=\"http:\/\/ekonomik.opole.pl\/eko3\/?attachment_id=997431\" class=\"wp-image-997431\" srcset=\"http:\/\/ekonomik.opole.pl\/eko3\/wp-content\/uploads\/2024\/10\/DSC0089-2-683x1024.jpg 683w, http:\/\/ekonomik.opole.pl\/eko3\/wp-content\/uploads\/2024\/10\/DSC0089-2-200x300.jpg 200w, http:\/\/ekonomik.opole.pl\/eko3\/wp-content\/uploads\/2024\/10\/DSC0089-2-768x1152.jpg 768w, http:\/\/ekonomik.opole.pl\/eko3\/wp-content\/uploads\/2024\/10\/DSC0089-2-1024x1536.jpg 1024w, http:\/\/ekonomik.opole.pl\/eko3\/wp-content\/uploads\/2024\/10\/DSC0089-2-1360x2040.jpg 1360w, http:\/\/ekonomik.opole.pl\/eko3\/wp-content\/uploads\/2024\/10\/DSC0089-2-680x1020.jpg 680w, http:\/\/ekonomik.opole.pl\/eko3\/wp-content\/uploads\/2024\/10\/DSC0089-2.jpg 1365w\" sizes=\"(max-width: 683px) 100vw, 683px\" \/><\/a><\/figure><\/li><li class=\"blocks-gallery-item\"><figure><a href=\"http:\/\/ekonomik.opole.pl\/eko3\/wp-content\/uploads\/2024\/10\/DSC0059.jpg\"><img loading=\"lazy\" width=\"683\" height=\"1024\" src=\"http:\/\/ekonomik.opole.pl\/eko3\/wp-content\/uploads\/2024\/10\/DSC0059-683x1024.jpg\" alt=\"\" data-id=\"997428\" data-full-url=\"http:\/\/ekonomik.opole.pl\/eko3\/wp-content\/uploads\/2024\/10\/DSC0059.jpg\" data-link=\"http:\/\/ekonomik.opole.pl\/eko3\/?attachment_id=997428\" class=\"wp-image-997428\" srcset=\"http:\/\/ekonomik.opole.pl\/eko3\/wp-content\/uploads\/2024\/10\/DSC0059-683x1024.jpg 683w, http:\/\/ekonomik.opole.pl\/eko3\/wp-content\/uploads\/2024\/10\/DSC0059-200x300.jpg 200w, http:\/\/ekonomik.opole.pl\/eko3\/wp-content\/uploads\/2024\/10\/DSC0059-768x1152.jpg 768w, http:\/\/ekonomik.opole.pl\/eko3\/wp-content\/uploads\/2024\/10\/DSC0059-1024x1536.jpg 1024w, http:\/\/ekonomik.opole.pl\/eko3\/wp-content\/uploads\/2024\/10\/DSC0059-1360x2040.jpg 1360w, http:\/\/ekonomik.opole.pl\/eko3\/wp-content\/uploads\/2024\/10\/DSC0059-680x1020.jpg 680w, http:\/\/ekonomik.opole.pl\/eko3\/wp-content\/uploads\/2024\/10\/DSC0059.jpg 1365w\" sizes=\"(max-width: 683px) 100vw, 683px\" \/><\/a><\/figure><\/li><li class=\"blocks-gallery-item\"><figure><a href=\"http:\/\/ekonomik.opole.pl\/eko3\/wp-content\/uploads\/2024\/10\/DSC0137.jpg\"><img loading=\"lazy\" width=\"683\" height=\"1024\" src=\"http:\/\/ekonomik.opole.pl\/eko3\/wp-content\/uploads\/2024\/10\/DSC0137-683x1024.jpg\" alt=\"\" data-id=\"997426\" data-full-url=\"http:\/\/ekonomik.opole.pl\/eko3\/wp-content\/uploads\/2024\/10\/DSC0137.jpg\" data-link=\"http:\/\/ekonomik.opole.pl\/eko3\/?attachment_id=997426\" class=\"wp-image-997426\" srcset=\"http:\/\/ekonomik.opole.pl\/eko3\/wp-content\/uploads\/2024\/10\/DSC0137-683x1024.jpg 683w, http:\/\/ekonomik.opole.pl\/eko3\/wp-content\/uploads\/2024\/10\/DSC0137-200x300.jpg 200w, http:\/\/ekonomik.opole.pl\/eko3\/wp-content\/uploads\/2024\/10\/DSC0137-768x1152.jpg 768w, http:\/\/ekonomik.opole.pl\/eko3\/wp-content\/uploads\/2024\/10\/DSC0137-1024x1536.jpg 1024w, http:\/\/ekonomik.opole.pl\/eko3\/wp-content\/uploads\/2024\/10\/DSC0137-1360x2040.jpg 1360w, http:\/\/ekonomik.opole.pl\/eko3\/wp-content\/uploads\/2024\/10\/DSC0137-680x1020.jpg 680w, http:\/\/ekonomik.opole.pl\/eko3\/wp-content\/uploads\/2024\/10\/DSC0137.jpg 1365w\" sizes=\"(max-width: 683px) 100vw, 683px\" \/><\/a><\/figure><\/li><\/ul><\/figure>\n\n\n\n<p><br>Dzisiejsz\u0105 opraw\u0119 s\u0142own\u0105 przygotowali: Martyna Knapik, Aneta Wieszala, Anna Kostina, Jakub B\u0105k, <br>\u015bpiewa\u0142y: Kamila K\u0119dzia, Maja Nowicka , ta\u0144czyli Julia K\u0142ak, Agata Szel\u0105g, Franek Wojcik, Joasia Sprancel, <br>za pulpitem muzycznym towarzyszyli nam Oskar Leluszko i Pawe\u0142 Cebula.<br>A od strony merytorycznej nad programem czuwa\u0142y : pani prof Edyta Ko\u015bcielak, pani prof. Beata Krywalska-Wlaz\u0142o, pani prof Izabela Go\u0142og\u00f3rska , pani prof. Magdalena W\u00f3jcik-Gugulska.<br><br>Zdjecia: M.Bonk, E.Ko\u015bcielak, M.Nowicka<\/p>\n<\/div><!-- .vgblk-rw-wrapper -->","protected":false},"excerpt":{"rendered":"<p>Przedstawiamy fotorelacj\u0119 z obchod\u00f3w Dnia Patrona Szko\u0142y &#8211; Genera\u0142a Stefana Roweckiego &#8222;Grota&#8221;. To by\u0142a pi\u0119kna, wzruszaj\u0105ca uroczysto\u015b\u0107, w czasie kt\u00f3rej uczniowie klas pierwszych, \u015blubuj\u0105c na sztandar szko\u0142y, stali si\u0119 pe\u0142noprawnymi cz\u0142onkami spo\u0142eczno\u015bci Ekonomika. W czasie obchod\u00f3w towarzyszyli nam go\u015bcie &#8211; cz\u0142onkowie \u015awiatowego Zwi\u0105zku \u017bo\u0142nierzy Armii Krajowej i Harcerzy, na czele z pani\u0105 Helen\u0105 Kamersk\u0105 sanitariuszk\u0105&#8230;<\/p>\n","protected":false},"author":6,"featured_media":997423,"comment_status":"closed","ping_status":"open","sticky":false,"template":"","format":"standard","meta":{"inline_featured_image":false},"categories":[208],"tags":[],"_links":{"self":[{"href":"http:\/\/ekonomik.opole.pl\/eko3\/wp-json\/wp\/v2\/posts\/997415"}],"collection":[{"href":"http:\/\/ekonomik.opole.pl\/eko3\/wp-json\/wp\/v2\/posts"}],"about":[{"href":"http:\/\/ekonomik.opole.pl\/eko3\/wp-json\/wp\/v2\/types\/post"}],"author":[{"embeddable":true,"href":"http:\/\/ekonomik.opole.pl\/eko3\/wp-json\/wp\/v2\/users\/6"}],"replies":[{"embeddable":true,"href":"http:\/\/ekonomik.opole.pl\/eko3\/wp-json\/wp\/v2\/comments?post=997415"}],"version-history":[{"count":2,"href":"http:\/\/ekonomik.opole.pl\/eko3\/wp-json\/wp\/v2\/posts\/997415\/revisions"}],"predecessor-version":[{"id":997436,"href":"http:\/\/ekonomik.opole.pl\/eko3\/wp-json\/wp\/v2\/posts\/997415\/revisions\/997436"}],"wp:featuredmedia":[{"embeddable":true,"href":"http:\/\/ekonomik.opole.pl\/eko3\/wp-json\/wp\/v2\/media\/997423"}],"wp:attachment":[{"href":"http:\/\/ekonomik.opole.pl\/eko3\/wp-json\/wp\/v2\/media?parent=997415"}],"wp:term":[{"taxonomy":"category","embeddable":true,"href":"http:\/\/ekonomik.opole.pl\/eko3\/wp-json\/wp\/v2\/categories?post=997415"},{"taxonomy":"post_tag","embeddable":true,"href":"http:\/\/ekonomik.opole.pl\/eko3\/wp-json\/wp\/v2\/tags?post=997415"}],"curies":[{"name":"wp","href":"https:\/\/api.w.org\/{rel}","templated":true}]}}