{"id":997454,"date":"2024-10-08T18:25:02","date_gmt":"2024-10-08T16:25:02","guid":{"rendered":"http:\/\/ekonomik.opole.pl\/eko3\/?p=997454"},"modified":"2024-10-08T18:27:35","modified_gmt":"2024-10-08T16:27:35","slug":"bartosz-drobisz-prymusem-opolszczyzny-2024","status":"publish","type":"post","link":"http:\/\/ekonomik.opole.pl\/eko3\/bartosz-drobisz-prymusem-opolszczyzny-2024\/","title":{"rendered":"Bartosz Drobisz &#8211; Prymusem Opolszczyzny 2024"},"content":{"rendered":"\t\t<div data-elementor-type=\"wp-post\" data-elementor-id=\"997454\" class=\"elementor elementor-997454\" data-elementor-settings=\"[]\">\n\t\t\t\t\t\t<div class=\"elementor-inner\">\n\t\t\t\t\t\t\t<div class=\"elementor-section-wrap\">\n\t\t\t\t\t\t\t<section class=\"elementor-section elementor-top-section elementor-element elementor-element-7ccb7ec3 elementor-section-full_width elementor-section-height-default elementor-section-height-default\" data-id=\"7ccb7ec3\" data-element_type=\"section\">\n\t\t\t\t\t\t<div class=\"elementor-container elementor-column-gap-default\">\n\t\t\t\t\t\t\t<div class=\"elementor-row\">\n\t\t\t\t\t<div class=\"elementor-column elementor-col-100 elementor-top-column elementor-element elementor-element-d65222d\" data-id=\"d65222d\" data-element_type=\"column\">\n\t\t\t<div class=\"elementor-column-wrap elementor-element-populated\">\n\t\t\t\t\t\t\t<div class=\"elementor-widget-wrap\">\n\t\t\t\t\t\t<div class=\"elementor-element elementor-element-51c3c966 elementor-drop-cap-yes elementor-drop-cap-view-default elementor-widget elementor-widget-text-editor\" data-id=\"51c3c966\" data-element_type=\"widget\" data-settings=\"{&quot;drop_cap&quot;:&quot;yes&quot;}\" data-widget_type=\"text-editor.default\">\n\t\t\t\t<div class=\"elementor-widget-container\">\n\t\t\t\t\t\t\t\t<div class=\"elementor-text-editor elementor-clearfix\">\n\t\t\t\t\t<p>Zarz\u0105d Wojew\u00f3dztwa Opolskiego, na posiedzeniu w dniu 8 pa\u017adziernika 2024 r. przyzna\u0142 Nagrody Marsza\u0142ka Wojew\u00f3dztwa Opolskiego \ud835\udde3\ud835\uddff\ud835\ude06\ud835\uddfa\ud835\ude02\ud835\ude00 \ud835\udde2\ud835\uddfd\ud835\uddfc\ud835\uddf9\ud835\ude00\ud835\ude07\ud835\uddf0\ud835\ude07\ud835\ude06\ud835\ude07\ud835\uddfb\ud835\ude06 w kategorii sztuka oraz wiedza!<br class=\"html-br\" \/><br class=\"html-br\" \/>Po\u015br\u00f3d 60 nagrodzonych znalaz\u0142 si\u0119 \ud835\uddd5\ud835\uddd4\ud835\udde5\ud835\udde7\ud835\udde2\ud835\udde6\ud835\udded \ud835\uddd7\ud835\udde5\ud835\udde2\ud835\uddd5\ud835\udddc\ud835\udde6\ud835\udded &#8211; finalista Olimpiady Wiedzy i Umiej\u0119tno\u015bci Mened\u017cerskich, a tak\u017ce laureat Og\u00f3lnopolskiego Konkursu Wiedzy o Podatkach!<br class=\"html-br\" \/><br class=\"html-br\" \/>Ogromne gratulacje dla Bartka i zespo\u0142u nauczycieli przedmiot\u00f3w zawodowych w szczeg\u00f3lno\u015bci Pani Anny Suchi\u0144skiej i Pani Ma\u0142gorzaty Radziszewskiej.\u00a0<\/p><p>\u00a0<\/p>\t\t\t\t\t<\/div>\n\t\t\t\t\t\t<\/div>\n\t\t\t\t<\/div>\n\t\t\t\t<div class=\"elementor-element elementor-element-74e1590 elementor-widget-divider--separator-type-pattern elementor-widget-divider--no-spacing elementor-widget-divider--view-line elementor-widget elementor-widget-divider\" data-id=\"74e1590\" data-element_type=\"widget\" data-widget_type=\"divider.default\">\n\t\t\t\t<div class=\"elementor-widget-container\">\n\t\t\t\t\t<div class=\"elementor-divider\" style=\"--divider-pattern-url: url(&quot;data:image\/svg+xml,%3Csvg xmlns=&#039;http:\/\/www.w3.org\/2000\/svg&#039; preserveAspectRatio=&#039;xMidYMid meet&#039; overflow=&#039;visible&#039; height=&#039;100%&#039; viewBox=&#039;0 0 126 26&#039; fill=&#039;black&#039; stroke=&#039;none&#039;%3E%3Cpath d=&#039;M3,10.2c2.6,0,2.6,2,2.6,3.2S4.4,16.5,3,16.5s-3-1.4-3-3.2S0.4,10.2,3,10.2z M18.8,10.2c1.7,0,3.2,1.4,3.2,3.2s-1.4,3.2-3.2,3.2c-1.7,0-3.2-1.4-3.2-3.2S17,10.2,18.8,10.2z M34.6,10.2c1.5,0,2.6,1.4,2.6,3.2s-0.5,3.2-1.9,3.2c-1.5,0-3.4-1.4-3.4-3.2S33.1,10.2,34.6,10.2z M50.5,10.2c1.7,0,3.2,1.4,3.2,3.2s-1.4,3.2-3.2,3.2c-1.7,0-3.3-0.9-3.3-2.6S48.7,10.2,50.5,10.2z M66.2,10.2c1.5,0,3.4,1.4,3.4,3.2s-1.9,3.2-3.4,3.2c-1.5,0-2.6-0.4-2.6-2.1S64.8,10.2,66.2,10.2z M82.2,10.2c1.7,0.8,2.6,1.4,2.6,3.2s-0.1,3.2-1.6,3.2c-1.5,0-3.7-1.4-3.7-3.2S80.5,9.4,82.2,10.2zM98.6,10.2c1.5,0,2.6,0.4,2.6,2.1s-1.2,4.2-2.6,4.2c-1.5,0-3.7-0.4-3.7-2.1S97.1,10.2,98.6,10.2z M113.4,10.2c1.2,0,2.2,0.9,2.2,3.2s-0.1,3.2-1.3,3.2s-3.1-1.4-3.1-3.2S112.2,10.2,113.4,10.2z&#039;\/%3E%3C\/svg%3E&quot;);\">\n\t\t\t<span class=\"elementor-divider-separator\">\n\t\t\t\t\t\t<\/span>\n\t\t<\/div>\n\t\t\t\t<\/div>\n\t\t\t\t<\/div>\n\t\t\t\t<div class=\"elementor-element elementor-element-67579c0c elementor-widget-divider--view-line elementor-widget elementor-widget-divider\" data-id=\"67579c0c\" data-element_type=\"widget\" data-widget_type=\"divider.default\">\n\t\t\t\t<div class=\"elementor-widget-container\">\n\t\t\t\t\t<div class=\"elementor-divider\">\n\t\t\t<span class=\"elementor-divider-separator\">\n\t\t\t\t\t\t<\/span>\n\t\t<\/div>\n\t\t\t\t<\/div>\n\t\t\t\t<\/div>\n\t\t\t\t\t\t<\/div>\n\t\t\t\t\t<\/div>\n\t\t<\/div>\n\t\t\t\t\t\t\t\t<\/div>\n\t\t\t\t\t<\/div>\n\t\t<\/section>\n\t\t\t\t\t\t<\/div>\n\t\t\t\t\t\t<\/div>\n\t\t\t\t\t<\/div>\n\t\t","protected":false},"excerpt":{"rendered":"<p>Zarz\u0105d Wojew\u00f3dztwa Opolskiego, na posiedzeniu w dniu 8 pa\u017adziernika 2024 r. przyzna\u0142 Nagrody Marsza\u0142ka Wojew\u00f3dztwa Opolskiego \ud835\udde3\ud835\uddff\ud835\ude06\ud835\uddfa\ud835\ude02\ud835\ude00 \ud835\udde2\ud835\uddfd\ud835\uddfc\ud835\uddf9\ud835\ude00\ud835\ude07\ud835\uddf0\ud835\ude07\ud835\ude06\ud835\ude07\ud835\uddfb\ud835\ude06 w kategorii sztuka oraz wiedza! Po\u015br\u00f3d 60 nagrodzonych znalaz\u0142 si\u0119 \ud835\uddd5\ud835\uddd4\ud835\udde5\ud835\udde7\ud835\udde2\ud835\udde6\ud835\udded \ud835\uddd7\ud835\udde5\ud835\udde2\ud835\uddd5\ud835\udddc\ud835\udde6\ud835\udded &#8211; finalista Olimpiady Wiedzy i Umiej\u0119tno\u015bci Mened\u017cerskich, a tak\u017ce laureat Og\u00f3lnopolskiego Konkursu Wiedzy o Podatkach! Ogromne gratulacje dla Bartka i zespo\u0142u nauczycieli przedmiot\u00f3w zawodowych w&#8230;<\/p>\n","protected":false},"author":5,"featured_media":997457,"comment_status":"closed","ping_status":"open","sticky":false,"template":"","format":"standard","meta":{"inline_featured_image":false},"categories":[87,220,186],"tags":[320],"_links":{"self":[{"href":"http:\/\/ekonomik.opole.pl\/eko3\/wp-json\/wp\/v2\/posts\/997454"}],"collection":[{"href":"http:\/\/ekonomik.opole.pl\/eko3\/wp-json\/wp\/v2\/posts"}],"about":[{"href":"http:\/\/ekonomik.opole.pl\/eko3\/wp-json\/wp\/v2\/types\/post"}],"author":[{"embeddable":true,"href":"http:\/\/ekonomik.opole.pl\/eko3\/wp-json\/wp\/v2\/users\/5"}],"replies":[{"embeddable":true,"href":"http:\/\/ekonomik.opole.pl\/eko3\/wp-json\/wp\/v2\/comments?post=997454"}],"version-history":[{"count":4,"href":"http:\/\/ekonomik.opole.pl\/eko3\/wp-json\/wp\/v2\/posts\/997454\/revisions"}],"predecessor-version":[{"id":997460,"href":"http:\/\/ekonomik.opole.pl\/eko3\/wp-json\/wp\/v2\/posts\/997454\/revisions\/997460"}],"wp:featuredmedia":[{"embeddable":true,"href":"http:\/\/ekonomik.opole.pl\/eko3\/wp-json\/wp\/v2\/media\/997457"}],"wp:attachment":[{"href":"http:\/\/ekonomik.opole.pl\/eko3\/wp-json\/wp\/v2\/media?parent=997454"}],"wp:term":[{"taxonomy":"category","embeddable":true,"href":"http:\/\/ekonomik.opole.pl\/eko3\/wp-json\/wp\/v2\/categories?post=997454"},{"taxonomy":"post_tag","embeddable":true,"href":"http:\/\/ekonomik.opole.pl\/eko3\/wp-json\/wp\/v2\/tags?post=997454"}],"curies":[{"name":"wp","href":"https:\/\/api.w.org\/{rel}","templated":true}]}}