{"id":997462,"date":"2024-10-09T20:47:52","date_gmt":"2024-10-09T18:47:52","guid":{"rendered":"http:\/\/ekonomik.opole.pl\/eko3\/?p=997462"},"modified":"2024-10-09T20:49:10","modified_gmt":"2024-10-09T18:49:10","slug":"sztafetowe-biegi-przelajowe","status":"publish","type":"post","link":"http:\/\/ekonomik.opole.pl\/eko3\/sztafetowe-biegi-przelajowe\/","title":{"rendered":"Sztafetowe Biegi Prze\u0142ajowe"},"content":{"rendered":"<div class=\"vgblk-rw-wrapper limit-wrapper\">\n<p>W dniu 07.10.2024 odby\u0142y si\u0119 zawody powiatowe, w kt\u00f3rych wzi\u0119\u0142o udzia\u0142 dwunastu naszych uczni\u00f3w. <\/p>\n\n\n\n<p>Z ogromnym zaanga\u017cowaniem rywalizowali na dystansie: <\/p>\n\n\n\n<p>6x1000m dziewcz\u0119ta w sk\u0142adzie: <br>Wiktoria Kalicun 3G, <br>Aleksandra Ochenkowska 2C,<br>Nicole Fiedler 2D,<br>Karolina Marszo\u0142ek 3B,<br>Karolina Gambusz 5C, <br>Oliwia Przywara 2F, <br>zdobywaj\u0105c miejsce 4, <\/p>\n\n\n\n<p>6x1200m ch\u0142opcy w sk\u0142adzie: <br>Wojciech Ro\u017cnowicz 4F, <br>Lukas Krumpietz 4F, <br>Franciszek Dank\u00f3w 3E, <br>Dominik Michalczyk 1C, <br>Damian W\u00f3jciak 4C, <br>Jakub Liso\u0144 5G, <br>zdobywaj\u0105c miejsce 5.<\/p>\n\n\n\n<p>Opiekunem naszych lekkoatlet\u00f3w by\u0142a Pani Renata Peszko.<\/p>\n\n\n\n<p>Dzi\u0119kujemy za ogromny wysi\u0142ek i emocje\ud83d\udcaa\u2764\ufe0f<\/p>\n\n\n\n<figure class=\"wp-block-gallery columns-2 is-cropped\"><ul class=\"blocks-gallery-grid\"><li class=\"blocks-gallery-item\"><figure><a href=\"http:\/\/ekonomik.opole.pl\/eko3\/wp-content\/uploads\/2024\/10\/IMG_9339-scaled.jpeg\"><img loading=\"lazy\" width=\"823\" height=\"1024\" src=\"http:\/\/ekonomik.opole.pl\/eko3\/wp-content\/uploads\/2024\/10\/IMG_9339-823x1024.jpeg\" alt=\"\" data-id=\"997463\" data-full-url=\"http:\/\/ekonomik.opole.pl\/eko3\/wp-content\/uploads\/2024\/10\/IMG_9339-scaled.jpeg\" data-link=\"http:\/\/ekonomik.opole.pl\/eko3\/?attachment_id=997463\" class=\"wp-image-997463\" srcset=\"http:\/\/ekonomik.opole.pl\/eko3\/wp-content\/uploads\/2024\/10\/IMG_9339-823x1024.jpeg 823w, http:\/\/ekonomik.opole.pl\/eko3\/wp-content\/uploads\/2024\/10\/IMG_9339-241x300.jpeg 241w, http:\/\/ekonomik.opole.pl\/eko3\/wp-content\/uploads\/2024\/10\/IMG_9339-768x955.jpeg 768w, http:\/\/ekonomik.opole.pl\/eko3\/wp-content\/uploads\/2024\/10\/IMG_9339-1235x1536.jpeg 1235w, http:\/\/ekonomik.opole.pl\/eko3\/wp-content\/uploads\/2024\/10\/IMG_9339-1647x2048.jpeg 1647w, http:\/\/ekonomik.opole.pl\/eko3\/wp-content\/uploads\/2024\/10\/IMG_9339-1360x1691.jpeg 1360w, http:\/\/ekonomik.opole.pl\/eko3\/wp-content\/uploads\/2024\/10\/IMG_9339-680x846.jpeg 680w\" sizes=\"(max-width: 823px) 100vw, 823px\" \/><\/a><\/figure><\/li><li class=\"blocks-gallery-item\"><figure><a href=\"http:\/\/ekonomik.opole.pl\/eko3\/wp-content\/uploads\/2024\/10\/IMG_9343.jpeg\"><img loading=\"lazy\" width=\"847\" height=\"1024\" src=\"http:\/\/ekonomik.opole.pl\/eko3\/wp-content\/uploads\/2024\/10\/IMG_9343-847x1024.jpeg\" alt=\"\" data-id=\"997464\" data-full-url=\"http:\/\/ekonomik.opole.pl\/eko3\/wp-content\/uploads\/2024\/10\/IMG_9343.jpeg\" data-link=\"http:\/\/ekonomik.opole.pl\/eko3\/?attachment_id=997464\" class=\"wp-image-997464\" srcset=\"http:\/\/ekonomik.opole.pl\/eko3\/wp-content\/uploads\/2024\/10\/IMG_9343-847x1024.jpeg 847w, http:\/\/ekonomik.opole.pl\/eko3\/wp-content\/uploads\/2024\/10\/IMG_9343-248x300.jpeg 248w, http:\/\/ekonomik.opole.pl\/eko3\/wp-content\/uploads\/2024\/10\/IMG_9343-768x929.jpeg 768w, http:\/\/ekonomik.opole.pl\/eko3\/wp-content\/uploads\/2024\/10\/IMG_9343-680x822.jpeg 680w, http:\/\/ekonomik.opole.pl\/eko3\/wp-content\/uploads\/2024\/10\/IMG_9343.jpeg 1208w\" sizes=\"(max-width: 847px) 100vw, 847px\" \/><\/a><\/figure><\/li><\/ul><\/figure>\n<\/div><!-- .vgblk-rw-wrapper -->","protected":false},"excerpt":{"rendered":"<p>W dniu 07.10.2024 odby\u0142y si\u0119 zawody powiatowe, w kt\u00f3rych wzi\u0119\u0142o udzia\u0142 dwunastu naszych uczni\u00f3w. Z ogromnym zaanga\u017cowaniem rywalizowali na dystansie: 6x1000m dziewcz\u0119ta w sk\u0142adzie: Wiktoria Kalicun 3G, Aleksandra Ochenkowska 2C,Nicole Fiedler 2D,Karolina Marszo\u0142ek 3B,Karolina Gambusz 5C, Oliwia Przywara 2F, zdobywaj\u0105c miejsce 4, 6x1200m ch\u0142opcy w sk\u0142adzie: Wojciech Ro\u017cnowicz 4F, Lukas Krumpietz 4F, Franciszek Dank\u00f3w 3E,&#8230;<\/p>\n","protected":false},"author":6,"featured_media":997465,"comment_status":"closed","ping_status":"open","sticky":false,"template":"","format":"standard","meta":{"inline_featured_image":false},"categories":[134],"tags":[],"_links":{"self":[{"href":"http:\/\/ekonomik.opole.pl\/eko3\/wp-json\/wp\/v2\/posts\/997462"}],"collection":[{"href":"http:\/\/ekonomik.opole.pl\/eko3\/wp-json\/wp\/v2\/posts"}],"about":[{"href":"http:\/\/ekonomik.opole.pl\/eko3\/wp-json\/wp\/v2\/types\/post"}],"author":[{"embeddable":true,"href":"http:\/\/ekonomik.opole.pl\/eko3\/wp-json\/wp\/v2\/users\/6"}],"replies":[{"embeddable":true,"href":"http:\/\/ekonomik.opole.pl\/eko3\/wp-json\/wp\/v2\/comments?post=997462"}],"version-history":[{"count":2,"href":"http:\/\/ekonomik.opole.pl\/eko3\/wp-json\/wp\/v2\/posts\/997462\/revisions"}],"predecessor-version":[{"id":997467,"href":"http:\/\/ekonomik.opole.pl\/eko3\/wp-json\/wp\/v2\/posts\/997462\/revisions\/997467"}],"wp:featuredmedia":[{"embeddable":true,"href":"http:\/\/ekonomik.opole.pl\/eko3\/wp-json\/wp\/v2\/media\/997465"}],"wp:attachment":[{"href":"http:\/\/ekonomik.opole.pl\/eko3\/wp-json\/wp\/v2\/media?parent=997462"}],"wp:term":[{"taxonomy":"category","embeddable":true,"href":"http:\/\/ekonomik.opole.pl\/eko3\/wp-json\/wp\/v2\/categories?post=997462"},{"taxonomy":"post_tag","embeddable":true,"href":"http:\/\/ekonomik.opole.pl\/eko3\/wp-json\/wp\/v2\/tags?post=997462"}],"curies":[{"name":"wp","href":"https:\/\/api.w.org\/{rel}","templated":true}]}}