{"id":997468,"date":"2024-10-14T12:06:50","date_gmt":"2024-10-14T10:06:50","guid":{"rendered":"http:\/\/ekonomik.opole.pl\/eko3\/?p=997468"},"modified":"2024-10-14T13:12:56","modified_gmt":"2024-10-14T11:12:56","slug":"dzien-edukacji-narodowej-2","status":"publish","type":"post","link":"http:\/\/ekonomik.opole.pl\/eko3\/dzien-edukacji-narodowej-2\/","title":{"rendered":"Dzie\u0144 Edukacji Narodowej"},"content":{"rendered":"<div class=\"vgblk-rw-wrapper limit-wrapper\">\n<p>Z okazji Dnia Edukacji Narodowej chcieliby\u015bmy z\u0142o\u017cy\u0107 ca\u0142ej spo\u0142eczno\u015bci Ekonomika najserdeczniejsze \u017cyczenia! <\/p>\n\n\n\n<p>Niech ka\u017cdy dzie\u0144 przynosi Wam satysfakcj\u0119 z nauki \/ pracy. <img loading=\"lazy\" height=\"16\" width=\"16\" alt=\"\u2764\ufe0f\" src=\"https:\/\/static.xx.fbcdn.net\/images\/emoji.php\/v9\/t6c\/1\/16\/2764.png\"> <\/p>\n\n\n\n<p>\u017byczymy ka\u017cdemu z osobna wielu sukces\u00f3w, cierpliwo\u015bci, niegasn\u0105cej pasji do nauczania \/ uczenia si\u0119 oraz mn\u00f3stwa rado\u015bci w \u017cyciu osobistym. <\/p>\n\n\n\n<p>Niech ka\u017cde wyzwanie przynosi inspiracj\u0119, a nowy dzie\u0144 staje si\u0119 okazj\u0105 do rozwoju. Wszystkiego najlepszego! <img loading=\"lazy\" height=\"16\" width=\"16\" alt=\"\ud83c\udf37\" src=\"https:\/\/static.xx.fbcdn.net\/images\/emoji.php\/v9\/t6f\/1\/16\/1f337.png\"><\/p>\n<\/div><!-- .vgblk-rw-wrapper -->","protected":false},"excerpt":{"rendered":"<p>Z okazji Dnia Edukacji Narodowej chcieliby\u015bmy z\u0142o\u017cy\u0107 ca\u0142ej spo\u0142eczno\u015bci Ekonomika najserdeczniejsze \u017cyczenia! Niech ka\u017cdy dzie\u0144 przynosi Wam satysfakcj\u0119 z nauki \/ pracy. \u017byczymy ka\u017cdemu z osobna wielu sukces\u00f3w, cierpliwo\u015bci, niegasn\u0105cej pasji do nauczania \/ uczenia si\u0119 oraz mn\u00f3stwa rado\u015bci w \u017cyciu osobistym. Niech ka\u017cde wyzwanie przynosi inspiracj\u0119, a nowy dzie\u0144 staje si\u0119 okazj\u0105 do rozwoju&#8230;.<\/p>\n","protected":false},"author":6,"featured_media":997471,"comment_status":"closed","ping_status":"open","sticky":false,"template":"","format":"standard","meta":{"inline_featured_image":false},"categories":[114],"tags":[],"_links":{"self":[{"href":"http:\/\/ekonomik.opole.pl\/eko3\/wp-json\/wp\/v2\/posts\/997468"}],"collection":[{"href":"http:\/\/ekonomik.opole.pl\/eko3\/wp-json\/wp\/v2\/posts"}],"about":[{"href":"http:\/\/ekonomik.opole.pl\/eko3\/wp-json\/wp\/v2\/types\/post"}],"author":[{"embeddable":true,"href":"http:\/\/ekonomik.opole.pl\/eko3\/wp-json\/wp\/v2\/users\/6"}],"replies":[{"embeddable":true,"href":"http:\/\/ekonomik.opole.pl\/eko3\/wp-json\/wp\/v2\/comments?post=997468"}],"version-history":[{"count":1,"href":"http:\/\/ekonomik.opole.pl\/eko3\/wp-json\/wp\/v2\/posts\/997468\/revisions"}],"predecessor-version":[{"id":997470,"href":"http:\/\/ekonomik.opole.pl\/eko3\/wp-json\/wp\/v2\/posts\/997468\/revisions\/997470"}],"wp:featuredmedia":[{"embeddable":true,"href":"http:\/\/ekonomik.opole.pl\/eko3\/wp-json\/wp\/v2\/media\/997471"}],"wp:attachment":[{"href":"http:\/\/ekonomik.opole.pl\/eko3\/wp-json\/wp\/v2\/media?parent=997468"}],"wp:term":[{"taxonomy":"category","embeddable":true,"href":"http:\/\/ekonomik.opole.pl\/eko3\/wp-json\/wp\/v2\/categories?post=997468"},{"taxonomy":"post_tag","embeddable":true,"href":"http:\/\/ekonomik.opole.pl\/eko3\/wp-json\/wp\/v2\/tags?post=997468"}],"curies":[{"name":"wp","href":"https:\/\/api.w.org\/{rel}","templated":true}]}}