{"id":997500,"date":"2024-11-12T23:57:12","date_gmt":"2024-11-12T22:57:12","guid":{"rendered":"http:\/\/ekonomik.opole.pl\/eko3\/?p=997500"},"modified":"2024-11-12T23:59:40","modified_gmt":"2024-11-12T22:59:40","slug":"13-listopada-odbedzie-sie-kiermasz-ciast","status":"publish","type":"post","link":"http:\/\/ekonomik.opole.pl\/eko3\/13-listopada-odbedzie-sie-kiermasz-ciast\/","title":{"rendered":"13 listopada odb\u0119dzie si\u0119 kiermasz ciast"},"content":{"rendered":"<div class=\"vgblk-rw-wrapper limit-wrapper\">\n<p>Serdecznie zapraszamy do wzi\u0119cia udzia\u0142u w kiermaszu ciast. Wszelkie \u015brodki zebrane podczas sprzeda\u017cy zostan\u0105 przekazane na rzecz Podopiecznych Domu Pomocy Spo\u0142ecznej grupy &#8222;Biedronki&#8221;.<\/p>\n\n\n\n<p>Sprzeda\u017c odb\u0119dzie si\u0119 w godzinach 10.30-14.00 oraz 16.30-18.00.<\/p>\n<\/div><!-- .vgblk-rw-wrapper -->","protected":false},"excerpt":{"rendered":"<p>Serdecznie zapraszamy do wzi\u0119cia udzia\u0142u w kiermaszu ciast. Wszelkie \u015brodki zebrane podczas sprzeda\u017cy zostan\u0105 przekazane na rzecz Podopiecznych Domu Pomocy Spo\u0142ecznej grupy &#8222;Biedronki&#8221;. Sprzeda\u017c odb\u0119dzie si\u0119 w godzinach 10.30-14.00 oraz 16.30-18.00.<\/p>\n","protected":false},"author":6,"featured_media":997501,"comment_status":"closed","ping_status":"open","sticky":false,"template":"","format":"standard","meta":{"inline_featured_image":false},"categories":[208],"tags":[],"_links":{"self":[{"href":"http:\/\/ekonomik.opole.pl\/eko3\/wp-json\/wp\/v2\/posts\/997500"}],"collection":[{"href":"http:\/\/ekonomik.opole.pl\/eko3\/wp-json\/wp\/v2\/posts"}],"about":[{"href":"http:\/\/ekonomik.opole.pl\/eko3\/wp-json\/wp\/v2\/types\/post"}],"author":[{"embeddable":true,"href":"http:\/\/ekonomik.opole.pl\/eko3\/wp-json\/wp\/v2\/users\/6"}],"replies":[{"embeddable":true,"href":"http:\/\/ekonomik.opole.pl\/eko3\/wp-json\/wp\/v2\/comments?post=997500"}],"version-history":[{"count":2,"href":"http:\/\/ekonomik.opole.pl\/eko3\/wp-json\/wp\/v2\/posts\/997500\/revisions"}],"predecessor-version":[{"id":997504,"href":"http:\/\/ekonomik.opole.pl\/eko3\/wp-json\/wp\/v2\/posts\/997500\/revisions\/997504"}],"wp:featuredmedia":[{"embeddable":true,"href":"http:\/\/ekonomik.opole.pl\/eko3\/wp-json\/wp\/v2\/media\/997501"}],"wp:attachment":[{"href":"http:\/\/ekonomik.opole.pl\/eko3\/wp-json\/wp\/v2\/media?parent=997500"}],"wp:term":[{"taxonomy":"category","embeddable":true,"href":"http:\/\/ekonomik.opole.pl\/eko3\/wp-json\/wp\/v2\/categories?post=997500"},{"taxonomy":"post_tag","embeddable":true,"href":"http:\/\/ekonomik.opole.pl\/eko3\/wp-json\/wp\/v2\/tags?post=997500"}],"curies":[{"name":"wp","href":"https:\/\/api.w.org\/{rel}","templated":true}]}}