{"id":997509,"date":"2024-11-21T11:37:16","date_gmt":"2024-11-21T10:37:16","guid":{"rendered":"http:\/\/ekonomik.opole.pl\/eko3\/?p=997509"},"modified":"2024-11-29T00:24:09","modified_gmt":"2024-11-28T23:24:09","slug":"szkolny-budzet-uczniowski","status":"publish","type":"post","link":"http:\/\/ekonomik.opole.pl\/eko3\/szkolny-budzet-uczniowski\/","title":{"rendered":"Szkolny Bud\u017cet Uczniowski"},"content":{"rendered":"<div class=\"vgblk-rw-wrapper limit-wrapper\">\n<p>Rusza kolejna edycja &#8222;Szkolnego Bud\u017cetu Uczniowskiego&#8221;!<\/p>\n\n\n\n<p>Szkolny Bud\u017cet Uczniowski to program przygotowuj\u0105cy uczni\u00f3w do aktywnego uczestnictwa w \u017cyciu spo\u0142ecznym. Ma on walor edukacyjny, poniewa\u017c uczy Was postaw obywatelskich poprzez poznawanie i zrozumienie mechanizm\u00f3w partycypacji spo\u0142ecznej. Ma tak\u017ce walor aktywizuj\u0105cy, poniewa\u017c mobilizuje uczni\u00f3w do diagnozy potrzeb \u015brodowiska szkolnego i reagowania na te potrzeby w drodze zg\u0142aszania pomys\u0142\u00f3w, wp\u0142ywaj\u0105cych na rozw\u00f3j Szko\u0142y, w kt\u00f3rej&nbsp; funkcjonujecie oraz nabywacie umiej\u0119tno\u015bci i kompetencji, potrzebnych w \u017cyciu doros\u0142ym.<\/p>\n\n\n\n<p>Wysoko\u015b\u0107 \u015brodk\u00f3w przeznaczonych na projekt to <strong>12000 z\u0142.<\/strong><\/p>\n\n\n\n<p>Uczniowie mog\u0105 zg\u0142asza\u0107 Projekty (formularz do pobrania w sekretariacie szko\u0142y) do 20 grudnia 2024r. Ka\u017cdy projekt wymaga pisemnego poparcia co najmniej 15 uczni\u00f3w.<\/p>\n\n\n\n<p>Ka\u017cdy ucze\u0144 mo\u017ce poprze\u0107 dowoln\u0105 liczb\u0119 projekt\u00f3w.<\/p>\n\n\n\n<p><strong>Harmonogram programu:<\/strong><\/p>\n\n\n\n<p>1) zaj\u0119cia edukacyjne dotycz\u0105ce programu \u2013 do 30 listopada 2024r.<\/p>\n\n\n\n<p>2) zg\u0142aszanie projekt\u00f3w przez uczni\u00f3w do 20 grudnia 2024r.<\/p>\n\n\n\n<p>3) ocena projekt\u00f3w przez Szkoln\u0105 Komisj\u0119 &#8211; do 10 stycznia 2025r.<\/p>\n\n\n\n<p>4) g\u0142osowanie uczni\u00f3w na dany Projekt odb\u0119dzie si\u0119 w dniach 13 &#8211; 24 stycznia 2025r.<\/p>\n\n\n\n<p>5) zwyci\u0119skie projekty\/projekt b\u0119d\u0105 realizowane w dniach 17.02 &#8211; 31.08.2025r.<\/p>\n<\/div><!-- .vgblk-rw-wrapper -->","protected":false},"excerpt":{"rendered":"<p>Rusza kolejna edycja &#8222;Szkolnego Bud\u017cetu Uczniowskiego&#8221;! Szkolny Bud\u017cet Uczniowski to program przygotowuj\u0105cy uczni\u00f3w do aktywnego uczestnictwa w \u017cyciu spo\u0142ecznym. Ma on walor edukacyjny, poniewa\u017c uczy Was postaw obywatelskich poprzez poznawanie i zrozumienie mechanizm\u00f3w partycypacji spo\u0142ecznej. Ma tak\u017ce walor aktywizuj\u0105cy, poniewa\u017c mobilizuje uczni\u00f3w do diagnozy potrzeb \u015brodowiska szkolnego i reagowania na te potrzeby w drodze zg\u0142aszania&#8230;<\/p>\n","protected":false},"author":6,"featured_media":997523,"comment_status":"closed","ping_status":"open","sticky":false,"template":"","format":"standard","meta":{"inline_featured_image":false},"categories":[208],"tags":[],"_links":{"self":[{"href":"http:\/\/ekonomik.opole.pl\/eko3\/wp-json\/wp\/v2\/posts\/997509"}],"collection":[{"href":"http:\/\/ekonomik.opole.pl\/eko3\/wp-json\/wp\/v2\/posts"}],"about":[{"href":"http:\/\/ekonomik.opole.pl\/eko3\/wp-json\/wp\/v2\/types\/post"}],"author":[{"embeddable":true,"href":"http:\/\/ekonomik.opole.pl\/eko3\/wp-json\/wp\/v2\/users\/6"}],"replies":[{"embeddable":true,"href":"http:\/\/ekonomik.opole.pl\/eko3\/wp-json\/wp\/v2\/comments?post=997509"}],"version-history":[{"count":1,"href":"http:\/\/ekonomik.opole.pl\/eko3\/wp-json\/wp\/v2\/posts\/997509\/revisions"}],"predecessor-version":[{"id":997511,"href":"http:\/\/ekonomik.opole.pl\/eko3\/wp-json\/wp\/v2\/posts\/997509\/revisions\/997511"}],"wp:featuredmedia":[{"embeddable":true,"href":"http:\/\/ekonomik.opole.pl\/eko3\/wp-json\/wp\/v2\/media\/997523"}],"wp:attachment":[{"href":"http:\/\/ekonomik.opole.pl\/eko3\/wp-json\/wp\/v2\/media?parent=997509"}],"wp:term":[{"taxonomy":"category","embeddable":true,"href":"http:\/\/ekonomik.opole.pl\/eko3\/wp-json\/wp\/v2\/categories?post=997509"},{"taxonomy":"post_tag","embeddable":true,"href":"http:\/\/ekonomik.opole.pl\/eko3\/wp-json\/wp\/v2\/tags?post=997509"}],"curies":[{"name":"wp","href":"https:\/\/api.w.org\/{rel}","templated":true}]}}