{"id":997558,"date":"2024-12-17T17:24:38","date_gmt":"2024-12-17T16:24:38","guid":{"rendered":"http:\/\/ekonomik.opole.pl\/eko3\/?p=997558"},"modified":"2024-12-17T17:24:39","modified_gmt":"2024-12-17T16:24:39","slug":"xvi-ogolnopolska-olimpiada-logistyczna","status":"publish","type":"post","link":"http:\/\/ekonomik.opole.pl\/eko3\/xvi-ogolnopolska-olimpiada-logistyczna\/","title":{"rendered":"XVI Og\u00f3lnopolska Olimpiada Logistyczna"},"content":{"rendered":"<div class=\"vgblk-rw-wrapper limit-wrapper\">\n<p>W dniu 6.12.2024 r. odby\u0142y si\u0119 zawody II stopnia Og\u00f3lnopolskiej Olimpiady Logistycznej w Poznaniu. Mi\u0142o nam poinformowa\u0107, \u017ce do zawod\u00f3w III stopnia zakwalifikowa\u0142 si\u0119 ucze\u0144 klasy IV F zawodu technik logistyk <strong>Mateusz Janiszewski<\/strong>. Fina\u0142 olimpiady odb\u0119dzie si\u0119 w siedzibie Wy\u017cszej Szko\u0142y Logistyki w Poznaniu 14.03.2025 r.<\/p>\n\n\n\n<p>XVI Og\u00f3lnopolska Olimpiada Logistyczna skierowana jest do uczni\u00f3w szk\u00f3\u0142 ponadpodstawowych w szczeg\u00f3lno\u015bci ucz\u0105cych si\u0119 zawod\u00f3w: technik logistyk, technik spedytor i technik magazynier-logistyk.<\/p>\n\n\n\n<p><br>\u2022 Celem Olimpiady jest m.in. rozwijanie zainteresowa\u0144 uczni\u00f3w i poszerzenie wiedzy logistycznej oraz wsparcie dydaktyki formami rywalizacji i rankingu wiedzy.<br><br>\u2022 Olimpiada zosta\u0142a umieszczona w wykazie turniej\u00f3w i olimpiad tematycznych zwi\u0105zanych z wybran\u0105 dziedzin\u0105 wiedzy uprawniaj\u0105cych do zwolnienia z przyst\u0105pienia do cz\u0119\u015bci pisemnej egzaminu zawodowego w roku szkolnym 2023\/2024.<\/p>\n<\/div><!-- .vgblk-rw-wrapper -->","protected":false},"excerpt":{"rendered":"<p>W dniu 6.12.2024 r. odby\u0142y si\u0119 zawody II stopnia Og\u00f3lnopolskiej Olimpiady Logistycznej w Poznaniu. Mi\u0142o nam poinformowa\u0107, \u017ce do zawod\u00f3w III stopnia zakwalifikowa\u0142 si\u0119 ucze\u0144 klasy IV F zawodu technik logistyk Mateusz Janiszewski. Fina\u0142 olimpiady odb\u0119dzie si\u0119 w siedzibie Wy\u017cszej Szko\u0142y Logistyki w Poznaniu 14.03.2025 r. XVI Og\u00f3lnopolska Olimpiada Logistyczna skierowana jest do uczni\u00f3w szk\u00f3\u0142&#8230;<\/p>\n","protected":false},"author":6,"featured_media":997559,"comment_status":"open","ping_status":"open","sticky":false,"template":"","format":"standard","meta":{"inline_featured_image":false},"categories":[86,171,186],"tags":[],"_links":{"self":[{"href":"http:\/\/ekonomik.opole.pl\/eko3\/wp-json\/wp\/v2\/posts\/997558"}],"collection":[{"href":"http:\/\/ekonomik.opole.pl\/eko3\/wp-json\/wp\/v2\/posts"}],"about":[{"href":"http:\/\/ekonomik.opole.pl\/eko3\/wp-json\/wp\/v2\/types\/post"}],"author":[{"embeddable":true,"href":"http:\/\/ekonomik.opole.pl\/eko3\/wp-json\/wp\/v2\/users\/6"}],"replies":[{"embeddable":true,"href":"http:\/\/ekonomik.opole.pl\/eko3\/wp-json\/wp\/v2\/comments?post=997558"}],"version-history":[{"count":1,"href":"http:\/\/ekonomik.opole.pl\/eko3\/wp-json\/wp\/v2\/posts\/997558\/revisions"}],"predecessor-version":[{"id":997560,"href":"http:\/\/ekonomik.opole.pl\/eko3\/wp-json\/wp\/v2\/posts\/997558\/revisions\/997560"}],"wp:featuredmedia":[{"embeddable":true,"href":"http:\/\/ekonomik.opole.pl\/eko3\/wp-json\/wp\/v2\/media\/997559"}],"wp:attachment":[{"href":"http:\/\/ekonomik.opole.pl\/eko3\/wp-json\/wp\/v2\/media?parent=997558"}],"wp:term":[{"taxonomy":"category","embeddable":true,"href":"http:\/\/ekonomik.opole.pl\/eko3\/wp-json\/wp\/v2\/categories?post=997558"},{"taxonomy":"post_tag","embeddable":true,"href":"http:\/\/ekonomik.opole.pl\/eko3\/wp-json\/wp\/v2\/tags?post=997558"}],"curies":[{"name":"wp","href":"https:\/\/api.w.org\/{rel}","templated":true}]}}