{"id":997564,"date":"2024-12-20T14:15:00","date_gmt":"2024-12-20T13:15:00","guid":{"rendered":"http:\/\/ekonomik.opole.pl\/eko3\/?p=997564"},"modified":"2024-12-20T19:12:06","modified_gmt":"2024-12-20T18:12:06","slug":"ekonomik-na-podium-turnieju-debat-o-stosunkach-miedzynarodowych","status":"publish","type":"post","link":"http:\/\/ekonomik.opole.pl\/eko3\/ekonomik-na-podium-turnieju-debat-o-stosunkach-miedzynarodowych\/","title":{"rendered":"Ekonomik na podium Turnieju Debat o Stosunkach Mi\u0119dzynarodowych!"},"content":{"rendered":"<div class=\"vgblk-rw-wrapper limit-wrapper\">\n<p>Nasz zesp\u00f3\u0142 w sk\u0142adzie: Jakub Cygan, Franek Zimnowoda, Piotr Sydor, Jakub B\u0105k i Micha\u0142 K\u0119dziora zdoby\u0142\u00a0<strong>2. miejsce<\/strong>, pokonuj\u0105c a\u017c 7 dru\u017cyn z ca\u0142ego regionu. <\/p>\n\n\n\n<p>Debaty oksfordzkie to prawdziwe wyzwanie &#8211; wymagaj\u0105 wysokiego poziomu merytorycznego oraz b\u0142yskawicznego przygotowania. <br><br>Dru\u017cyny dowiaduj\u0105 si\u0119, po kt\u00f3rej stronie b\u0119d\u0105 debatowa\u0107 (stronie propozycji lub opozycji), zaledwie 15 minut przed rozpocz\u0119ciem. Ka\u017cdy m\u00f3wca ma tylko 4 minuty na swoje wyst\u0105pienie, a przeciwnicy mog\u0105 zadawa\u0107 pytania i informacje.<\/p>\n\n\n\n<p>Dodatkowo ka\u017cda dru\u017cyna mo\u017ce zg\u0142asza\u0107 ad vocem \u2013 dodatkowy, jednominutowy g\u0142os, w kt\u00f3rym uczestnik mo\u017ce wyrazi\u0107 si\u0119 temat tezy lub odnie\u015b\u0107 si\u0119 do argument\u00f3w przeciwnika. <\/p>\n\n\n\n<p>Serdeczne podzi\u0119kowania dla\u00a0<strong>Pani Profesor Urszuli Izdebskiej,\u00a0<\/strong>za wielomiesi\u0119czne przygotowania oraz wsparcie dru\u017cyny w trakcie trwania turnieju!<\/p>\n\n\n\n<figure class=\"wp-block-gallery columns-2 is-cropped\"><ul class=\"blocks-gallery-grid\"><li class=\"blocks-gallery-item\"><figure><a href=\"http:\/\/ekonomik.opole.pl\/eko3\/wp-content\/uploads\/2024\/12\/zdj1.png\"><img loading=\"lazy\" width=\"1000\" height=\"1000\" src=\"http:\/\/ekonomik.opole.pl\/eko3\/wp-content\/uploads\/2024\/12\/zdj1.png\" alt=\"\" data-id=\"997565\" data-full-url=\"http:\/\/ekonomik.opole.pl\/eko3\/wp-content\/uploads\/2024\/12\/zdj1.png\" data-link=\"http:\/\/ekonomik.opole.pl\/eko3\/?attachment_id=997565\" class=\"wp-image-997565\" srcset=\"http:\/\/ekonomik.opole.pl\/eko3\/wp-content\/uploads\/2024\/12\/zdj1.png 1000w, http:\/\/ekonomik.opole.pl\/eko3\/wp-content\/uploads\/2024\/12\/zdj1-300x300.png 300w, http:\/\/ekonomik.opole.pl\/eko3\/wp-content\/uploads\/2024\/12\/zdj1-150x150.png 150w, http:\/\/ekonomik.opole.pl\/eko3\/wp-content\/uploads\/2024\/12\/zdj1-768x768.png 768w, http:\/\/ekonomik.opole.pl\/eko3\/wp-content\/uploads\/2024\/12\/zdj1-906x906.png 906w, http:\/\/ekonomik.opole.pl\/eko3\/wp-content\/uploads\/2024\/12\/zdj1-453x453.png 453w, http:\/\/ekonomik.opole.pl\/eko3\/wp-content\/uploads\/2024\/12\/zdj1-680x680.png 680w, http:\/\/ekonomik.opole.pl\/eko3\/wp-content\/uploads\/2024\/12\/zdj1-340x340.png 340w\" sizes=\"(max-width: 1000px) 100vw, 1000px\" \/><\/a><\/figure><\/li><li class=\"blocks-gallery-item\"><figure><a href=\"http:\/\/ekonomik.opole.pl\/eko3\/wp-content\/uploads\/2024\/12\/zdj3.png\"><img loading=\"lazy\" width=\"1000\" height=\"1000\" src=\"http:\/\/ekonomik.opole.pl\/eko3\/wp-content\/uploads\/2024\/12\/zdj3.png\" alt=\"\" data-id=\"997567\" data-full-url=\"http:\/\/ekonomik.opole.pl\/eko3\/wp-content\/uploads\/2024\/12\/zdj3.png\" data-link=\"http:\/\/ekonomik.opole.pl\/eko3\/?attachment_id=997567\" class=\"wp-image-997567\" srcset=\"http:\/\/ekonomik.opole.pl\/eko3\/wp-content\/uploads\/2024\/12\/zdj3.png 1000w, http:\/\/ekonomik.opole.pl\/eko3\/wp-content\/uploads\/2024\/12\/zdj3-300x300.png 300w, http:\/\/ekonomik.opole.pl\/eko3\/wp-content\/uploads\/2024\/12\/zdj3-150x150.png 150w, http:\/\/ekonomik.opole.pl\/eko3\/wp-content\/uploads\/2024\/12\/zdj3-768x768.png 768w, http:\/\/ekonomik.opole.pl\/eko3\/wp-content\/uploads\/2024\/12\/zdj3-906x906.png 906w, http:\/\/ekonomik.opole.pl\/eko3\/wp-content\/uploads\/2024\/12\/zdj3-453x453.png 453w, http:\/\/ekonomik.opole.pl\/eko3\/wp-content\/uploads\/2024\/12\/zdj3-680x680.png 680w, http:\/\/ekonomik.opole.pl\/eko3\/wp-content\/uploads\/2024\/12\/zdj3-340x340.png 340w\" sizes=\"(max-width: 1000px) 100vw, 1000px\" \/><\/a><\/figure><\/li><\/ul><\/figure>\n<\/div><!-- .vgblk-rw-wrapper -->","protected":false},"excerpt":{"rendered":"<p>Nasz zesp\u00f3\u0142 w sk\u0142adzie: Jakub Cygan, Franek Zimnowoda, Piotr Sydor, Jakub B\u0105k i Micha\u0142 K\u0119dziora zdoby\u0142\u00a02. miejsce, pokonuj\u0105c a\u017c 7 dru\u017cyn z ca\u0142ego regionu. Debaty oksfordzkie to prawdziwe wyzwanie &#8211; wymagaj\u0105 wysokiego poziomu merytorycznego oraz b\u0142yskawicznego przygotowania. Dru\u017cyny dowiaduj\u0105 si\u0119, po kt\u00f3rej stronie b\u0119d\u0105 debatowa\u0107 (stronie propozycji lub opozycji), zaledwie 15 minut przed rozpocz\u0119ciem. Ka\u017cdy&#8230;<\/p>\n","protected":false},"author":6,"featured_media":997566,"comment_status":"open","ping_status":"open","sticky":false,"template":"","format":"standard","meta":{"inline_featured_image":false},"categories":[171,186],"tags":[],"_links":{"self":[{"href":"http:\/\/ekonomik.opole.pl\/eko3\/wp-json\/wp\/v2\/posts\/997564"}],"collection":[{"href":"http:\/\/ekonomik.opole.pl\/eko3\/wp-json\/wp\/v2\/posts"}],"about":[{"href":"http:\/\/ekonomik.opole.pl\/eko3\/wp-json\/wp\/v2\/types\/post"}],"author":[{"embeddable":true,"href":"http:\/\/ekonomik.opole.pl\/eko3\/wp-json\/wp\/v2\/users\/6"}],"replies":[{"embeddable":true,"href":"http:\/\/ekonomik.opole.pl\/eko3\/wp-json\/wp\/v2\/comments?post=997564"}],"version-history":[{"count":1,"href":"http:\/\/ekonomik.opole.pl\/eko3\/wp-json\/wp\/v2\/posts\/997564\/revisions"}],"predecessor-version":[{"id":997568,"href":"http:\/\/ekonomik.opole.pl\/eko3\/wp-json\/wp\/v2\/posts\/997564\/revisions\/997568"}],"wp:featuredmedia":[{"embeddable":true,"href":"http:\/\/ekonomik.opole.pl\/eko3\/wp-json\/wp\/v2\/media\/997566"}],"wp:attachment":[{"href":"http:\/\/ekonomik.opole.pl\/eko3\/wp-json\/wp\/v2\/media?parent=997564"}],"wp:term":[{"taxonomy":"category","embeddable":true,"href":"http:\/\/ekonomik.opole.pl\/eko3\/wp-json\/wp\/v2\/categories?post=997564"},{"taxonomy":"post_tag","embeddable":true,"href":"http:\/\/ekonomik.opole.pl\/eko3\/wp-json\/wp\/v2\/tags?post=997564"}],"curies":[{"name":"wp","href":"https:\/\/api.w.org\/{rel}","templated":true}]}}