{"id":997569,"date":"2024-12-20T19:15:08","date_gmt":"2024-12-20T18:15:08","guid":{"rendered":"http:\/\/ekonomik.opole.pl\/eko3\/?p=997569"},"modified":"2024-12-20T19:15:09","modified_gmt":"2024-12-20T18:15:09","slug":"wielki-sukces-ekonomistow-na-x-olimpiadzie-wiedzy-i-umiejetnosci-menedzerskich","status":"publish","type":"post","link":"http:\/\/ekonomik.opole.pl\/eko3\/wielki-sukces-ekonomistow-na-x-olimpiadzie-wiedzy-i-umiejetnosci-menedzerskich\/","title":{"rendered":"Wielki sukces ekonomist\u00f3w na X Olimpiadzie Wiedzy i Umiej\u0119tno\u015bci Mened\u017cerskich"},"content":{"rendered":"<div class=\"vgblk-rw-wrapper limit-wrapper\">\n<p>Nasza szko\u0142a zaj\u0119\u0142a \ud835\udfed. \ud835\uddfa\ud835\uddf6\ud835\uddf2\ud835\uddf7\ud835\ude00\ud835\uddf0\ud835\uddf2 \ud835\ude04 \ud835\udde3\ud835\uddfc\ud835\uddf9\ud835\ude00\ud835\uddf0\ud835\uddf2 w klasyfikacji generalnej szk\u00f3\u0142 <\/p>\n\n\n\n<p><strong>\ud835\uddd5\ud835\uddee\ud835\uddff\ud835\ude01\ud835\uddfc\ud835\ude00\ud835\ude07 \ud835\uddd7\ud835\uddff\ud835\uddfc\ud835\uddef\ud835\uddf6\ud835\ude00\ud835\ude07<\/strong> uzyska\u0142 tytu\u0142 laureata &#8211; zaj\u0105\u0142 3. miejsce w Polsce, a pozostali uczniowie Ekonomika &#8211; tytu\u0142y finalist\u00f3w: <strong>\ud835\udde3\ud835\uddf6\ud835\ude04\ud835\uddfc\ud835\ude04\ud835\uddee\ud835\uddff\ud835\uddf0\ud835\ude07\ud835\ude06\ud835\uddf8 \ud835\udde3\ud835\uddee\ud835\ude02\ud835\uddf9\ud835\uddf6\ud835\uddfb\ud835\uddee, \ud835\udde7\ud835\uddf6\ud835\ude00\ud835\uddf0\ud835\uddf5\ud835\uddef\ud835\uddf6\ud835\uddf2\ud835\uddff\ud835\uddf2\ud835\uddf8 \ud835\uddea\ud835\uddf6\ud835\uddf8\ud835\ude01\ud835\uddfc\ud835\uddff\ud835\uddf6\ud835\uddee \ud835\uddf6<\/strong> <strong>Geisler \ud835\udde3\ud835\uddee\ud835\ude01\ud835\uddff\ud835\ude06\ud835\uddf8.<\/strong>\u00a0\u00a0<\/p>\n\n\n\n<p>Tematem wiod\u0105cym Olimpiady by\u0142o: \u201eFunkcjonowanie gospodarki w dobie zmian klimatycznych\u201d Serdeczne gratulacje dla zdolnych ekonomist\u00f3w i ich nauczycieli! Przypominamy, \u017ce uczniowie s\u0105 tak\u017ce zwolnieni z cz\u0119\u015bci pisemnej egzaminu zawodowego!<\/p>\n\n\n\n<p><br>Opiekunowie: Pani Anna Suchi\u0144ska oraz Pani Katarzyna Romanowska<\/p>\n\n\n\n<figure class=\"wp-block-gallery columns-2 is-cropped\"><ul class=\"blocks-gallery-grid\"><li class=\"blocks-gallery-item\"><figure><a href=\"http:\/\/ekonomik.opole.pl\/eko3\/wp-content\/uploads\/2024\/12\/c170e55f-22ca-4917-81eb-408dc36c159d.jpeg\"><img loading=\"lazy\" width=\"796\" height=\"1024\" src=\"http:\/\/ekonomik.opole.pl\/eko3\/wp-content\/uploads\/2024\/12\/c170e55f-22ca-4917-81eb-408dc36c159d-796x1024.jpeg\" alt=\"\" data-id=\"997570\" data-full-url=\"http:\/\/ekonomik.opole.pl\/eko3\/wp-content\/uploads\/2024\/12\/c170e55f-22ca-4917-81eb-408dc36c159d.jpeg\" data-link=\"http:\/\/ekonomik.opole.pl\/eko3\/?attachment_id=997570\" class=\"wp-image-997570\" srcset=\"http:\/\/ekonomik.opole.pl\/eko3\/wp-content\/uploads\/2024\/12\/c170e55f-22ca-4917-81eb-408dc36c159d-796x1024.jpeg 796w, http:\/\/ekonomik.opole.pl\/eko3\/wp-content\/uploads\/2024\/12\/c170e55f-22ca-4917-81eb-408dc36c159d-233x300.jpeg 233w, http:\/\/ekonomik.opole.pl\/eko3\/wp-content\/uploads\/2024\/12\/c170e55f-22ca-4917-81eb-408dc36c159d-768x988.jpeg 768w, http:\/\/ekonomik.opole.pl\/eko3\/wp-content\/uploads\/2024\/12\/c170e55f-22ca-4917-81eb-408dc36c159d-1194x1536.jpeg 1194w, http:\/\/ekonomik.opole.pl\/eko3\/wp-content\/uploads\/2024\/12\/c170e55f-22ca-4917-81eb-408dc36c159d-680x875.jpeg 680w, http:\/\/ekonomik.opole.pl\/eko3\/wp-content\/uploads\/2024\/12\/c170e55f-22ca-4917-81eb-408dc36c159d.jpeg 1244w\" sizes=\"(max-width: 796px) 100vw, 796px\" \/><\/a><\/figure><\/li><li class=\"blocks-gallery-item\"><figure><a href=\"http:\/\/ekonomik.opole.pl\/eko3\/wp-content\/uploads\/2024\/12\/e6da197c-e452-4d04-9411-eac58fa01d61.jpeg\"><img loading=\"lazy\" width=\"1022\" height=\"1024\" src=\"http:\/\/ekonomik.opole.pl\/eko3\/wp-content\/uploads\/2024\/12\/e6da197c-e452-4d04-9411-eac58fa01d61-1022x1024.jpeg\" alt=\"\" data-id=\"997571\" data-full-url=\"http:\/\/ekonomik.opole.pl\/eko3\/wp-content\/uploads\/2024\/12\/e6da197c-e452-4d04-9411-eac58fa01d61.jpeg\" data-link=\"http:\/\/ekonomik.opole.pl\/eko3\/?attachment_id=997571\" class=\"wp-image-997571\" srcset=\"http:\/\/ekonomik.opole.pl\/eko3\/wp-content\/uploads\/2024\/12\/e6da197c-e452-4d04-9411-eac58fa01d61-1022x1024.jpeg 1022w, http:\/\/ekonomik.opole.pl\/eko3\/wp-content\/uploads\/2024\/12\/e6da197c-e452-4d04-9411-eac58fa01d61-300x300.jpeg 300w, http:\/\/ekonomik.opole.pl\/eko3\/wp-content\/uploads\/2024\/12\/e6da197c-e452-4d04-9411-eac58fa01d61-150x150.jpeg 150w, http:\/\/ekonomik.opole.pl\/eko3\/wp-content\/uploads\/2024\/12\/e6da197c-e452-4d04-9411-eac58fa01d61-768x769.jpeg 768w, http:\/\/ekonomik.opole.pl\/eko3\/wp-content\/uploads\/2024\/12\/e6da197c-e452-4d04-9411-eac58fa01d61-1533x1536.jpeg 1533w, http:\/\/ekonomik.opole.pl\/eko3\/wp-content\/uploads\/2024\/12\/e6da197c-e452-4d04-9411-eac58fa01d61-1360x1363.jpeg 1360w, http:\/\/ekonomik.opole.pl\/eko3\/wp-content\/uploads\/2024\/12\/e6da197c-e452-4d04-9411-eac58fa01d61-453x453.jpeg 453w, http:\/\/ekonomik.opole.pl\/eko3\/wp-content\/uploads\/2024\/12\/e6da197c-e452-4d04-9411-eac58fa01d61-680x681.jpeg 680w, http:\/\/ekonomik.opole.pl\/eko3\/wp-content\/uploads\/2024\/12\/e6da197c-e452-4d04-9411-eac58fa01d61-340x340.jpeg 340w, http:\/\/ekonomik.opole.pl\/eko3\/wp-content\/uploads\/2024\/12\/e6da197c-e452-4d04-9411-eac58fa01d61.jpeg 1597w\" sizes=\"(max-width: 1022px) 100vw, 1022px\" \/><\/a><\/figure><\/li><\/ul><\/figure>\n<\/div><!-- .vgblk-rw-wrapper -->","protected":false},"excerpt":{"rendered":"<p>Nasza szko\u0142a zaj\u0119\u0142a \ud835\udfed. \ud835\uddfa\ud835\uddf6\ud835\uddf2\ud835\uddf7\ud835\ude00\ud835\uddf0\ud835\uddf2 \ud835\ude04 \ud835\udde3\ud835\uddfc\ud835\uddf9\ud835\ude00\ud835\uddf0\ud835\uddf2 w klasyfikacji generalnej szk\u00f3\u0142 \ud835\uddd5\ud835\uddee\ud835\uddff\ud835\ude01\ud835\uddfc\ud835\ude00\ud835\ude07 \ud835\uddd7\ud835\uddff\ud835\uddfc\ud835\uddef\ud835\uddf6\ud835\ude00\ud835\ude07 uzyska\u0142 tytu\u0142 laureata &#8211; zaj\u0105\u0142 3. miejsce w Polsce, a pozostali uczniowie Ekonomika &#8211; tytu\u0142y finalist\u00f3w: \ud835\udde3\ud835\uddf6\ud835\ude04\ud835\uddfc\ud835\ude04\ud835\uddee\ud835\uddff\ud835\uddf0\ud835\ude07\ud835\ude06\ud835\uddf8 \ud835\udde3\ud835\uddee\ud835\ude02\ud835\uddf9\ud835\uddf6\ud835\uddfb\ud835\uddee, \ud835\udde7\ud835\uddf6\ud835\ude00\ud835\uddf0\ud835\uddf5\ud835\uddef\ud835\uddf6\ud835\uddf2\ud835\uddff\ud835\uddf2\ud835\uddf8 \ud835\uddea\ud835\uddf6\ud835\uddf8\ud835\ude01\ud835\uddfc\ud835\uddff\ud835\uddf6\ud835\uddee \ud835\uddf6 Geisler \ud835\udde3\ud835\uddee\ud835\ude01\ud835\uddff\ud835\ude06\ud835\uddf8.\u00a0\u00a0 Tematem wiod\u0105cym Olimpiady by\u0142o: \u201eFunkcjonowanie gospodarki w dobie zmian klimatycznych\u201d Serdeczne gratulacje dla zdolnych ekonomist\u00f3w i ich nauczycieli! Przypominamy,&#8230;<\/p>\n","protected":false},"author":6,"featured_media":997570,"comment_status":"open","ping_status":"open","sticky":false,"template":"","format":"standard","meta":{"inline_featured_image":false},"categories":[171,186],"tags":[],"_links":{"self":[{"href":"http:\/\/ekonomik.opole.pl\/eko3\/wp-json\/wp\/v2\/posts\/997569"}],"collection":[{"href":"http:\/\/ekonomik.opole.pl\/eko3\/wp-json\/wp\/v2\/posts"}],"about":[{"href":"http:\/\/ekonomik.opole.pl\/eko3\/wp-json\/wp\/v2\/types\/post"}],"author":[{"embeddable":true,"href":"http:\/\/ekonomik.opole.pl\/eko3\/wp-json\/wp\/v2\/users\/6"}],"replies":[{"embeddable":true,"href":"http:\/\/ekonomik.opole.pl\/eko3\/wp-json\/wp\/v2\/comments?post=997569"}],"version-history":[{"count":1,"href":"http:\/\/ekonomik.opole.pl\/eko3\/wp-json\/wp\/v2\/posts\/997569\/revisions"}],"predecessor-version":[{"id":997572,"href":"http:\/\/ekonomik.opole.pl\/eko3\/wp-json\/wp\/v2\/posts\/997569\/revisions\/997572"}],"wp:featuredmedia":[{"embeddable":true,"href":"http:\/\/ekonomik.opole.pl\/eko3\/wp-json\/wp\/v2\/media\/997570"}],"wp:attachment":[{"href":"http:\/\/ekonomik.opole.pl\/eko3\/wp-json\/wp\/v2\/media?parent=997569"}],"wp:term":[{"taxonomy":"category","embeddable":true,"href":"http:\/\/ekonomik.opole.pl\/eko3\/wp-json\/wp\/v2\/categories?post=997569"},{"taxonomy":"post_tag","embeddable":true,"href":"http:\/\/ekonomik.opole.pl\/eko3\/wp-json\/wp\/v2\/tags?post=997569"}],"curies":[{"name":"wp","href":"https:\/\/api.w.org\/{rel}","templated":true}]}}