{"id":997617,"date":"2025-01-15T13:35:05","date_gmt":"2025-01-15T12:35:05","guid":{"rendered":"https:\/\/ekonomik.opole.pl\/eko3\/?p=997617"},"modified":"2025-01-15T13:35:06","modified_gmt":"2025-01-15T12:35:06","slug":"ekonomik-ponownie-ze-zlota-tarcza-perspektyw","status":"publish","type":"post","link":"http:\/\/ekonomik.opole.pl\/eko3\/ekonomik-ponownie-ze-zlota-tarcza-perspektyw\/","title":{"rendered":"Ekonomik ponownie ze Z\u0142ot\u0105 Tarcz\u0105 Perspektyw"},"content":{"rendered":"<div class=\"vgblk-rw-wrapper limit-wrapper\">\n<p>Ekonomik w czo\u0142\u00f3wce Og\u00f3lnopolskiego Rankingu PERSPEKTYWY 2025<br> <br>Tylko dwa technika w WOJEW\u00d3DZTWIE OPOLSKIM obroni\u0142y tytu\u0142 \ud835\udded\u0141\ud835\udde2\ud835\udde7\ud835\uddd8\ud835\udddd \ud835\udde6\ud835\udded\ud835\uddde\ud835\udde2\u0141\ud835\uddec w presti\u017cowym Og\u00f3lnopolskim Rankingu Perspektywy 2025! Cieszymy si\u0119 bardzo, \u017ce utrzymali\u015bmy tak\u017ce wysok\u0105 pozycj\u0119 w wojew\u00f3dztwie &#8211; 2. miejsce. To du\u017cy sukces! <\/p>\n\n\n\n<p>Gratulacje dla ca\u0142ego grona pedagogicznego, uczni\u00f3w, absolwent\u00f3w oraz ca\u0142ej spo\u0142eczno\u015bci szko\u0142y! <\/p>\n\n\n\n<p>Technika zosta\u0142y ocenione za pomoc\u0105 czterech kryteri\u00f3w. S\u0105 to: sukcesy szko\u0142y w olimpiadach (20%) , wyniki matury z przedmiot\u00f3w obowi\u0105zkowych (20%) , wyniki matury z przedmiot\u00f3w dodatkowych ((30%) oraz wyniki egzaminu zawodowego (30%).<br>Najwy\u017cszy wska\u017anik dotyczy egzamin\u00f3w zawodowych i wynosi \ud835\udfcf\ud835\udfce\ud835\udfce! <\/p>\n<\/div><!-- .vgblk-rw-wrapper -->","protected":false},"excerpt":{"rendered":"<p>Ekonomik w czo\u0142\u00f3wce Og\u00f3lnopolskiego Rankingu PERSPEKTYWY 2025 Tylko dwa technika w WOJEW\u00d3DZTWIE OPOLSKIM obroni\u0142y tytu\u0142 \ud835\udded\u0141\ud835\udde2\ud835\udde7\ud835\uddd8\ud835\udddd \ud835\udde6\ud835\udded\ud835\uddde\ud835\udde2\u0141\ud835\uddec w presti\u017cowym Og\u00f3lnopolskim Rankingu Perspektywy 2025! Cieszymy si\u0119 bardzo, \u017ce utrzymali\u015bmy tak\u017ce wysok\u0105 pozycj\u0119 w wojew\u00f3dztwie &#8211; 2. miejsce. To du\u017cy sukces! Gratulacje dla ca\u0142ego grona pedagogicznego, uczni\u00f3w, absolwent\u00f3w oraz ca\u0142ej spo\u0142eczno\u015bci szko\u0142y! Technika zosta\u0142y ocenione za pomoc\u0105&#8230;<\/p>\n","protected":false},"author":6,"featured_media":997618,"comment_status":"open","ping_status":"open","sticky":false,"template":"","format":"standard","meta":{"inline_featured_image":false},"categories":[98],"tags":[],"_links":{"self":[{"href":"http:\/\/ekonomik.opole.pl\/eko3\/wp-json\/wp\/v2\/posts\/997617"}],"collection":[{"href":"http:\/\/ekonomik.opole.pl\/eko3\/wp-json\/wp\/v2\/posts"}],"about":[{"href":"http:\/\/ekonomik.opole.pl\/eko3\/wp-json\/wp\/v2\/types\/post"}],"author":[{"embeddable":true,"href":"http:\/\/ekonomik.opole.pl\/eko3\/wp-json\/wp\/v2\/users\/6"}],"replies":[{"embeddable":true,"href":"http:\/\/ekonomik.opole.pl\/eko3\/wp-json\/wp\/v2\/comments?post=997617"}],"version-history":[{"count":1,"href":"http:\/\/ekonomik.opole.pl\/eko3\/wp-json\/wp\/v2\/posts\/997617\/revisions"}],"predecessor-version":[{"id":997619,"href":"http:\/\/ekonomik.opole.pl\/eko3\/wp-json\/wp\/v2\/posts\/997617\/revisions\/997619"}],"wp:featuredmedia":[{"embeddable":true,"href":"http:\/\/ekonomik.opole.pl\/eko3\/wp-json\/wp\/v2\/media\/997618"}],"wp:attachment":[{"href":"http:\/\/ekonomik.opole.pl\/eko3\/wp-json\/wp\/v2\/media?parent=997617"}],"wp:term":[{"taxonomy":"category","embeddable":true,"href":"http:\/\/ekonomik.opole.pl\/eko3\/wp-json\/wp\/v2\/categories?post=997617"},{"taxonomy":"post_tag","embeddable":true,"href":"http:\/\/ekonomik.opole.pl\/eko3\/wp-json\/wp\/v2\/tags?post=997617"}],"curies":[{"name":"wp","href":"https:\/\/api.w.org\/{rel}","templated":true}]}}