{"id":997632,"date":"2025-02-25T08:31:50","date_gmt":"2025-02-25T07:31:50","guid":{"rendered":"https:\/\/ekonomik.opole.pl\/eko3\/?p=997632"},"modified":"2025-02-25T08:31:52","modified_gmt":"2025-02-25T07:31:52","slug":"sukces-bartosza-drobisza-w-finale-opolskiego-konkursu-wiedzy-o-podatkach","status":"publish","type":"post","link":"http:\/\/ekonomik.opole.pl\/eko3\/sukces-bartosza-drobisza-w-finale-opolskiego-konkursu-wiedzy-o-podatkach\/","title":{"rendered":"Sukces Bartosza Drobisza w Finale Opolskiego Konkursu Wiedzy o podatkach"},"content":{"rendered":"<div class=\"vgblk-rw-wrapper limit-wrapper\">\n<p>Dnia <strong>21 lutego 2025 r.<\/strong> odby\u0142 si\u0119 w naszym mie\u015bcie <strong>fina\u0142 Opolskiego Konkursu Wiedzy &nbsp;&nbsp;&nbsp;&nbsp;&nbsp;&nbsp;&nbsp;&nbsp;&nbsp;&nbsp;&nbsp;o Podatkach <\/strong>organizowanego przez<strong> Opolski Oddzia\u0142 Krajowej Izby Doradztwa Podatkowego<\/strong>, nad kt\u00f3rym patronat honorowy w tym roku przyj\u0119\u0142o <strong>Opolskie Kuratorium O\u015bwiaty<\/strong>. Celem tego konkursu jest rozwijanie w\u015br\u00f3d uczni\u00f3w zainteresowania problematyk\u0105 zagadnie\u0144 podatkowych, upowszechnianie zasad korzystania z prawa podatkowego a tak\u017ce popularyzacja zawodu doradcy podatkowego. Prawo podatkowe stanowi dzisiaj niezwykle wa\u017cn\u0105 cz\u0119\u015b\u0107 systemu prawa w naszym kraju, dlatego tym bardziej cieszy nas udzia\u0142 reprezentant\u00f3w naszej szko\u0142y w finale, kt\u00f3ry polega\u0142 na odpowiedziach ustnych na pytania komisji z zakresu ustaw podatkowych. W konkursie bra\u0142y udzia\u0142, opr\u00f3cz naszej szko\u0142y, Zesp\u00f3\u0142 Szk\u00f3\u0142 Ekonomicznych z Brzegu, Zesp\u00f3\u0142 Szk\u00f3\u0142 Ekonomicznych z Nysy oraz Zesp\u00f3\u0142 Szk\u00f3\u0142 nr 1 z K\u0119dzierzyna \u2013 Ko\u017ala.<\/p>\n\n\n\n<p>W finale nasz\u0105 szko\u0142\u0119 reprezentowali:<\/p>\n\n\n\n<ol type=\"1\"><li><strong>Bartosz Drobisz 5c<\/strong><\/li><li><strong>Tomasz Dobosz 3c<\/strong><\/li><li><strong>Martyna Moj 3b<\/strong><\/li><li><strong>Grzegorz Przyby\u0142 3b<\/strong><\/li><li><strong>Katarzyna Tkocz 2d<\/strong><\/li><\/ol>\n\n\n\n<p><strong>Pierwsze miejsce<\/strong> zaj\u0105\u0142 ostatecznie <strong>Bartosz Drobisz<\/strong>, dla kt\u00f3rego jest to kolejny sukces w tym konkursie. Wszyscy pozostali reprezentaci naszej szko\u0142y otrzymali <strong>wyr\u00f3\u017cnienia.<\/strong> Konkurs jak co roku charakteryzowa\u0142 si\u0119 wysokim stopniem trudno\u015bci pyta\u0144. Gratulujemy Bartoszowi zwyci\u0119stwa, a wszystkim pozosta\u0142ym szerokiej wiedzy z zakresu podatk\u00f3w i umiej\u0119tno\u015bci interpretacji przepis\u00f3w podatkowych.<\/p>\n\n\n\n<p>Opiekunem merytorycznym naszych uczni\u00f3w by\u0142a <strong>Pani Ma\u0142gorzata Radziszewska<\/strong>.<\/p>\n\n\n\n<figure class=\"wp-block-gallery columns-2 is-cropped\"><ul class=\"blocks-gallery-grid\"><li class=\"blocks-gallery-item\"><figure><a href=\"http:\/\/ekonomik.opole.pl\/eko3\/wp-content\/uploads\/2025\/02\/IMG_20250221_120531-scaled.jpg\"><img loading=\"lazy\" width=\"768\" height=\"1024\" src=\"http:\/\/ekonomik.opole.pl\/eko3\/wp-content\/uploads\/2025\/02\/IMG_20250221_120531-768x1024.jpg\" alt=\"\" data-id=\"997633\" data-full-url=\"http:\/\/ekonomik.opole.pl\/eko3\/wp-content\/uploads\/2025\/02\/IMG_20250221_120531-scaled.jpg\" data-link=\"https:\/\/ekonomik.opole.pl\/eko3\/?attachment_id=997633\" class=\"wp-image-997633\" srcset=\"http:\/\/ekonomik.opole.pl\/eko3\/wp-content\/uploads\/2025\/02\/IMG_20250221_120531-768x1024.jpg 768w, http:\/\/ekonomik.opole.pl\/eko3\/wp-content\/uploads\/2025\/02\/IMG_20250221_120531-225x300.jpg 225w, http:\/\/ekonomik.opole.pl\/eko3\/wp-content\/uploads\/2025\/02\/IMG_20250221_120531-1152x1536.jpg 1152w, http:\/\/ekonomik.opole.pl\/eko3\/wp-content\/uploads\/2025\/02\/IMG_20250221_120531-1536x2048.jpg 1536w, http:\/\/ekonomik.opole.pl\/eko3\/wp-content\/uploads\/2025\/02\/IMG_20250221_120531-1360x1813.jpg 1360w, http:\/\/ekonomik.opole.pl\/eko3\/wp-content\/uploads\/2025\/02\/IMG_20250221_120531-680x907.jpg 680w, http:\/\/ekonomik.opole.pl\/eko3\/wp-content\/uploads\/2025\/02\/IMG_20250221_120531-scaled.jpg 1920w\" sizes=\"(max-width: 768px) 100vw, 768px\" \/><\/a><\/figure><\/li><li class=\"blocks-gallery-item\"><figure><a href=\"http:\/\/ekonomik.opole.pl\/eko3\/wp-content\/uploads\/2025\/02\/IMG_20250221_120120_1-scaled.jpg\"><img loading=\"lazy\" width=\"768\" height=\"1024\" src=\"http:\/\/ekonomik.opole.pl\/eko3\/wp-content\/uploads\/2025\/02\/IMG_20250221_120120_1-768x1024.jpg\" alt=\"\" data-id=\"997634\" data-full-url=\"http:\/\/ekonomik.opole.pl\/eko3\/wp-content\/uploads\/2025\/02\/IMG_20250221_120120_1-scaled.jpg\" data-link=\"https:\/\/ekonomik.opole.pl\/eko3\/?attachment_id=997634\" class=\"wp-image-997634\" srcset=\"http:\/\/ekonomik.opole.pl\/eko3\/wp-content\/uploads\/2025\/02\/IMG_20250221_120120_1-768x1024.jpg 768w, http:\/\/ekonomik.opole.pl\/eko3\/wp-content\/uploads\/2025\/02\/IMG_20250221_120120_1-225x300.jpg 225w, http:\/\/ekonomik.opole.pl\/eko3\/wp-content\/uploads\/2025\/02\/IMG_20250221_120120_1-1152x1536.jpg 1152w, http:\/\/ekonomik.opole.pl\/eko3\/wp-content\/uploads\/2025\/02\/IMG_20250221_120120_1-1536x2048.jpg 1536w, http:\/\/ekonomik.opole.pl\/eko3\/wp-content\/uploads\/2025\/02\/IMG_20250221_120120_1-1360x1813.jpg 1360w, http:\/\/ekonomik.opole.pl\/eko3\/wp-content\/uploads\/2025\/02\/IMG_20250221_120120_1-680x907.jpg 680w, http:\/\/ekonomik.opole.pl\/eko3\/wp-content\/uploads\/2025\/02\/IMG_20250221_120120_1-scaled.jpg 1920w\" sizes=\"(max-width: 768px) 100vw, 768px\" \/><\/a><\/figure><\/li><\/ul><\/figure>\n\n\n\n<p> \u00a0\u00a0\u00a0\u00a0\u00a0<\/p>\n<\/div><!-- .vgblk-rw-wrapper -->","protected":false},"excerpt":{"rendered":"<p>Dnia 21 lutego 2025 r. odby\u0142 si\u0119 w naszym mie\u015bcie fina\u0142 Opolskiego Konkursu Wiedzy &nbsp;&nbsp;&nbsp;&nbsp;&nbsp;&nbsp;&nbsp;&nbsp;&nbsp;&nbsp;&nbsp;o Podatkach organizowanego przez Opolski Oddzia\u0142 Krajowej Izby Doradztwa Podatkowego, nad kt\u00f3rym patronat honorowy w tym roku przyj\u0119\u0142o Opolskie Kuratorium O\u015bwiaty. Celem tego konkursu jest rozwijanie w\u015br\u00f3d uczni\u00f3w zainteresowania problematyk\u0105 zagadnie\u0144 podatkowych, upowszechnianie zasad korzystania z prawa podatkowego a tak\u017ce popularyzacja&#8230;<\/p>\n","protected":false},"author":6,"featured_media":997634,"comment_status":"open","ping_status":"open","sticky":false,"template":"","format":"standard","meta":{"inline_featured_image":false},"categories":[87,220,186],"tags":[],"_links":{"self":[{"href":"http:\/\/ekonomik.opole.pl\/eko3\/wp-json\/wp\/v2\/posts\/997632"}],"collection":[{"href":"http:\/\/ekonomik.opole.pl\/eko3\/wp-json\/wp\/v2\/posts"}],"about":[{"href":"http:\/\/ekonomik.opole.pl\/eko3\/wp-json\/wp\/v2\/types\/post"}],"author":[{"embeddable":true,"href":"http:\/\/ekonomik.opole.pl\/eko3\/wp-json\/wp\/v2\/users\/6"}],"replies":[{"embeddable":true,"href":"http:\/\/ekonomik.opole.pl\/eko3\/wp-json\/wp\/v2\/comments?post=997632"}],"version-history":[{"count":1,"href":"http:\/\/ekonomik.opole.pl\/eko3\/wp-json\/wp\/v2\/posts\/997632\/revisions"}],"predecessor-version":[{"id":997635,"href":"http:\/\/ekonomik.opole.pl\/eko3\/wp-json\/wp\/v2\/posts\/997632\/revisions\/997635"}],"wp:featuredmedia":[{"embeddable":true,"href":"http:\/\/ekonomik.opole.pl\/eko3\/wp-json\/wp\/v2\/media\/997634"}],"wp:attachment":[{"href":"http:\/\/ekonomik.opole.pl\/eko3\/wp-json\/wp\/v2\/media?parent=997632"}],"wp:term":[{"taxonomy":"category","embeddable":true,"href":"http:\/\/ekonomik.opole.pl\/eko3\/wp-json\/wp\/v2\/categories?post=997632"},{"taxonomy":"post_tag","embeddable":true,"href":"http:\/\/ekonomik.opole.pl\/eko3\/wp-json\/wp\/v2\/tags?post=997632"}],"curies":[{"name":"wp","href":"https:\/\/api.w.org\/{rel}","templated":true}]}}