{"id":997636,"date":"2025-02-28T21:54:26","date_gmt":"2025-02-28T20:54:26","guid":{"rendered":"https:\/\/ekonomik.opole.pl\/eko3\/?p=997636"},"modified":"2025-02-28T21:55:14","modified_gmt":"2025-02-28T20:55:14","slug":"sukces-naszych-uczniow-w-konkursie-jezyka-angielskiego-na-politechnice-opolskiej","status":"publish","type":"post","link":"http:\/\/ekonomik.opole.pl\/eko3\/sukces-naszych-uczniow-w-konkursie-jezyka-angielskiego-na-politechnice-opolskiej\/","title":{"rendered":"Sukces naszych uczni\u00f3w w konkursie j\u0119zyka angielskiego na Politechnice Opolskiej"},"content":{"rendered":"<div class=\"vgblk-rw-wrapper limit-wrapper\">\n<p>W dniu 28.02.2025 uczniowie klasy 5E w zawodzie technik reklamy, Paulina, Darek i Maciej zaj\u0119li I miejsce w V Konkursie J\u0119zyka Angielskiego z elementami Ekonomii na Politechnice Opolskiej i jednocze\u015bnie zakwalifikowali si\u0119 do etapu drugiego. Nasi uczniowie w I etapie pokonali dru\u017cyny z innych technik\u00f3w i lice\u00f3w miasta Opola.<\/p>\n\n\n\n<p>Opiekun: Pani Ma\u0142gorzata Kochanowska.<\/p>\n<\/div><!-- .vgblk-rw-wrapper -->","protected":false},"excerpt":{"rendered":"<p>W dniu 28.02.2025 uczniowie klasy 5E w zawodzie technik reklamy, Paulina, Darek i Maciej zaj\u0119li I miejsce w V Konkursie J\u0119zyka Angielskiego z elementami Ekonomii na Politechnice Opolskiej i jednocze\u015bnie zakwalifikowali si\u0119 do etapu drugiego. Nasi uczniowie w I etapie pokonali dru\u017cyny z innych technik\u00f3w i lice\u00f3w miasta Opola. Opiekun: Pani Ma\u0142gorzata Kochanowska.<\/p>\n","protected":false},"author":6,"featured_media":997637,"comment_status":"open","ping_status":"open","sticky":false,"template":"","format":"standard","meta":{"inline_featured_image":false},"categories":[87,220,186],"tags":[],"_links":{"self":[{"href":"http:\/\/ekonomik.opole.pl\/eko3\/wp-json\/wp\/v2\/posts\/997636"}],"collection":[{"href":"http:\/\/ekonomik.opole.pl\/eko3\/wp-json\/wp\/v2\/posts"}],"about":[{"href":"http:\/\/ekonomik.opole.pl\/eko3\/wp-json\/wp\/v2\/types\/post"}],"author":[{"embeddable":true,"href":"http:\/\/ekonomik.opole.pl\/eko3\/wp-json\/wp\/v2\/users\/6"}],"replies":[{"embeddable":true,"href":"http:\/\/ekonomik.opole.pl\/eko3\/wp-json\/wp\/v2\/comments?post=997636"}],"version-history":[{"count":3,"href":"http:\/\/ekonomik.opole.pl\/eko3\/wp-json\/wp\/v2\/posts\/997636\/revisions"}],"predecessor-version":[{"id":997640,"href":"http:\/\/ekonomik.opole.pl\/eko3\/wp-json\/wp\/v2\/posts\/997636\/revisions\/997640"}],"wp:featuredmedia":[{"embeddable":true,"href":"http:\/\/ekonomik.opole.pl\/eko3\/wp-json\/wp\/v2\/media\/997637"}],"wp:attachment":[{"href":"http:\/\/ekonomik.opole.pl\/eko3\/wp-json\/wp\/v2\/media?parent=997636"}],"wp:term":[{"taxonomy":"category","embeddable":true,"href":"http:\/\/ekonomik.opole.pl\/eko3\/wp-json\/wp\/v2\/categories?post=997636"},{"taxonomy":"post_tag","embeddable":true,"href":"http:\/\/ekonomik.opole.pl\/eko3\/wp-json\/wp\/v2\/tags?post=997636"}],"curies":[{"name":"wp","href":"https:\/\/api.w.org\/{rel}","templated":true}]}}